{"id":1090,"date":"2023-03-13T10:24:23","date_gmt":"2023-03-13T09:24:23","guid":{"rendered":"https:\/\/vasco-electronics.hu\/cikkek\/?p=1090"},"modified":"2026-02-03T11:22:23","modified_gmt":"2026-02-03T10:22:23","slug":"quenya-mordor-fekete-beszede","status":"publish","type":"post","link":"https:\/\/vasco-electronics.hu\/cikkek\/nyelvek\/quenya-mordor-fekete-beszede\/","title":{"rendered":"Quenya nyelv \u00e9s Mordor fekete besz\u00e9de, mint J.R.R. Tolkien nyelvi tal\u00e1lm\u00e1nya"},"content":{"rendered":"<p>A Gy\u0171r\u0171k Ura se nem k\u00f6nyv, se nem film. Ez egy kultur\u00e1lis jelens\u00e9g, \u00e9s a 20. sz\u00e1zad egyik legnagyobb irodalmi v\u00edvm\u00e1nya. A J. R. R. Tolkien \u00e1ltal l\u00e9trehozott fikt\u00edv vil\u00e1g, K\u00f6z\u00e9pf\u00f6lde hat\u00e1sa imm\u00e1r k\u00f6zel egy \u00e9vsz\u00e1zada visszhangzik a popul\u00e1ris kult\u00far\u00e1ban.<\/p><div id=\"ez-toc-container\" class=\"ez-toc-v2_0_82_2 counter-hierarchy ez-toc-counter ez-toc-grey ez-toc-container-direction\">\n<p class=\"ez-toc-title\" style=\"cursor:inherit\">Tartalomjegyz\u00e9k:<\/p>\n<label for=\"ez-toc-cssicon-toggle-item-69f10fb7a08c2\" class=\"ez-toc-cssicon-toggle-label\"><span class=\"ez-toc-cssicon\"><span class=\"eztoc-hide\" style=\"display:none;\">Toggle<\/span><span class=\"ez-toc-icon-toggle-span\"><svg style=\"fill: #999;color:#999\" xmlns=\"http:\/\/www.w3.org\/2000\/svg\" class=\"list-377408\" width=\"20px\" height=\"20px\" viewBox=\"0 0 24 24\" fill=\"none\"><path d=\"M6 6H4v2h2V6zm14 0H8v2h12V6zM4 11h2v2H4v-2zm16 0H8v2h12v-2zM4 16h2v2H4v-2zm16 0H8v2h12v-2z\" fill=\"currentColor\"><\/path><\/svg><svg style=\"fill: #999;color:#999\" class=\"arrow-unsorted-368013\" xmlns=\"http:\/\/www.w3.org\/2000\/svg\" width=\"10px\" height=\"10px\" viewBox=\"0 0 24 24\" version=\"1.2\" baseProfile=\"tiny\"><path d=\"M18.2 9.3l-6.2-6.3-6.2 6.3c-.2.2-.3.4-.3.7s.1.5.3.7c.2.2.4.3.7.3h11c.3 0 .5-.1.7-.3.2-.2.3-.5.3-.7s-.1-.5-.3-.7zM5.8 14.7l6.2 6.3 6.2-6.3c.2-.2.3-.5.3-.7s-.1-.5-.3-.7c-.2-.2-.4-.3-.7-.3h-11c-.3 0-.5.1-.7.3-.2.2-.3.5-.3.7s.1.5.3.7z\"\/><\/svg><\/span><\/span><\/label><input type=\"checkbox\" style='display:none' id=\"ez-toc-cssicon-toggle-item-69f10fb7a08c2\"  aria-label=\"Toggle\" \/><nav><ul class='ez-toc-list ez-toc-list-level-1 ' ><li class='ez-toc-page-1 ez-toc-heading-level-2'><a class=\"ez-toc-link ez-toc-heading-1\" href=\"https:\/\/vasco-electronics.hu\/cikkek\/nyelvek\/quenya-mordor-fekete-beszede\/#A_Gyuruk_Ura_a_popularis_zeneben\" >A Gy\u0171r\u0171k Ura a popul\u00e1ris zen\u00e9ben<\/a><ul class='ez-toc-list-level-3' ><li class='ez-toc-heading-level-3'><a class=\"ez-toc-link ez-toc-heading-2\" href=\"https:\/\/vasco-electronics.hu\/cikkek\/nyelvek\/quenya-mordor-fekete-beszede\/#FAQ\" >FAQ:<\/a><\/li><\/ul><\/li><li class='ez-toc-page-1 ez-toc-heading-level-2'><a class=\"ez-toc-link ez-toc-heading-3\" href=\"https:\/\/vasco-electronics.hu\/cikkek\/nyelvek\/quenya-mordor-fekete-beszede\/#A_Gyuruk_Ura_mas_mediaban\" >A Gy\u0171r\u0171k Ura m\u00e1s m\u00e9di\u00e1ban<\/a><\/li><li class='ez-toc-page-1 ez-toc-heading-level-2'><a class=\"ez-toc-link ez-toc-heading-4\" href=\"https:\/\/vasco-electronics.hu\/cikkek\/nyelvek\/quenya-mordor-fekete-beszede\/#J_R_R_Tolkien_felepitett_nyelvei\" >J R. R. Tolkien fel\u00e9p\u00edtett nyelvei<\/a><\/li><li class='ez-toc-page-1 ez-toc-heading-level-2'><a class=\"ez-toc-link ez-toc-heading-5\" href=\"https:\/\/vasco-electronics.hu\/cikkek\/nyelvek\/quenya-mordor-fekete-beszede\/#Tehat_milyen_nyelveket_talalt_ki_Tolkien\" >Teh\u00e1t milyen nyelveket tal\u00e1lt ki Tolkien?<\/a><\/li><li class='ez-toc-page-1 ez-toc-heading-level-2'><a class=\"ez-toc-link ez-toc-heading-6\" href=\"https:\/\/vasco-electronics.hu\/cikkek\/nyelvek\/quenya-mordor-fekete-beszede\/#Ebben_a_cikkben_a_kovetkezokrol_olvashat\" >Ebben a cikkben a k\u00f6vetkez\u0151kr\u0151l olvashat:<\/a><\/li><li class='ez-toc-page-1 ez-toc-heading-level-2'><a class=\"ez-toc-link ez-toc-heading-7\" href=\"https:\/\/vasco-electronics.hu\/cikkek\/nyelvek\/quenya-mordor-fekete-beszede\/#Quenya_nyelv_%E2%80%93_Valar_tunde_nyelve\" >Quenya nyelv \u2013 Valar t\u00fcnde nyelve<\/a><ul class='ez-toc-list-level-3' ><li class='ez-toc-heading-level-3'><a class=\"ez-toc-link ez-toc-heading-8\" href=\"https:\/\/vasco-electronics.hu\/cikkek\/nyelvek\/quenya-mordor-fekete-beszede\/#Kozepfolden_kivul%E2%80%A6\" >K\u00f6z\u00e9pf\u00f6ld\u00e9n k\u00edv\u00fcl&#8230;<\/a><\/li><li class='ez-toc-page-1 ez-toc-heading-level-3'><a class=\"ez-toc-link ez-toc-heading-9\" href=\"https:\/\/vasco-electronics.hu\/cikkek\/nyelvek\/quenya-mordor-fekete-beszede\/#Terjunk_vissza_Kozepfoldere_ami_a_Quenya_nyelvet_illeti\" >T\u00e9rj\u00fcnk vissza K\u00f6z\u00e9pf\u00f6ld\u00e9re, ami a Quenya nyelvet illeti<\/a><\/li><li class='ez-toc-page-1 ez-toc-heading-level-3'><a class=\"ez-toc-link ez-toc-heading-10\" href=\"https:\/\/vasco-electronics.hu\/cikkek\/nyelvek\/quenya-mordor-fekete-beszede\/#Quenya_nyelv_rovid_tortenete\" >Quenya nyelv r\u00f6vid t\u00f6rt\u00e9nete<\/a><\/li><li class='ez-toc-page-1 ez-toc-heading-level-3'><a class=\"ez-toc-link ez-toc-heading-11\" href=\"https:\/\/vasco-electronics.hu\/cikkek\/nyelvek\/quenya-mordor-fekete-beszede\/#A_Gyuruk_Ura_melyik_karakter_hasznalta_Quenya_nyelvet\" >A Gy\u0171r\u0171k Ura melyik karakter haszn\u00e1lta Quenya nyelvet?<\/a><\/li><li class='ez-toc-page-1 ez-toc-heading-level-3'><a class=\"ez-toc-link ez-toc-heading-12\" href=\"https:\/\/vasco-electronics.hu\/cikkek\/nyelvek\/quenya-mordor-fekete-beszede\/#Olvassunk_egy_kis_quenya_nyelvet\" >Olvassunk egy kis quenya nyelvet!<\/a><\/li><li class='ez-toc-page-1 ez-toc-heading-level-3'><a class=\"ez-toc-link ez-toc-heading-13\" href=\"https:\/\/vasco-electronics.hu\/cikkek\/nyelvek\/quenya-mordor-fekete-beszede\/#Hogyan_tanuljuk_meg_a_Quenya_nyelv_szokincset\" >Hogyan tanuljuk meg a Quenya nyelv sz\u00f3kincs\u00e9t?<\/a><\/li><li class='ez-toc-page-1 ez-toc-heading-level-3'><a class=\"ez-toc-link ez-toc-heading-14\" href=\"https:\/\/vasco-electronics.hu\/cikkek\/nyelvek\/quenya-mordor-fekete-beszede\/#Ime_nehany_quenya_nyelv_szokincse\" >\u00cdme n\u00e9h\u00e1ny quenya nyelv sz\u00f3kincse<\/a><\/li><\/ul><\/li><li class='ez-toc-page-1 ez-toc-heading-level-2'><a class=\"ez-toc-link ez-toc-heading-15\" href=\"https:\/\/vasco-electronics.hu\/cikkek\/nyelvek\/quenya-mordor-fekete-beszede\/#A_fekete_beszed_%E2%80%93_Szauron_szolgainak_aljas_nyelve\" >A fekete besz\u00e9d \u2013 Szauron szolg\u00e1inak aljas nyelve<\/a><ul class='ez-toc-list-level-3' ><li class='ez-toc-heading-level-3'><a class=\"ez-toc-link ez-toc-heading-16\" href=\"https:\/\/vasco-electronics.hu\/cikkek\/nyelvek\/quenya-mordor-fekete-beszede\/#Mi_az_a_fekete_beszed\" >Mi az a fekete besz\u00e9d?<\/a><\/li><li class='ez-toc-page-1 ez-toc-heading-level-3'><a class=\"ez-toc-link ez-toc-heading-17\" href=\"https:\/\/vasco-electronics.hu\/cikkek\/nyelvek\/quenya-mordor-fekete-beszede\/#Valos_parhuzamok\" >Val\u00f3s p\u00e1rhuzamok<\/a><\/li><li class='ez-toc-page-1 ez-toc-heading-level-3'><a class=\"ez-toc-link ez-toc-heading-18\" href=\"https:\/\/vasco-electronics.hu\/cikkek\/nyelvek\/quenya-mordor-fekete-beszede\/#Az_Egy_gyuru_felirat\" >Az Egy gy\u0171r\u0171 felirat<\/a><\/li><li class='ez-toc-page-1 ez-toc-heading-level-3'><a class=\"ez-toc-link ez-toc-heading-19\" href=\"https:\/\/vasco-electronics.hu\/cikkek\/nyelvek\/quenya-mordor-fekete-beszede\/#A_fekete_beszed_karaktere\" >A fekete besz\u00e9d karaktere<\/a><\/li><li class='ez-toc-page-1 ez-toc-heading-level-3'><a class=\"ez-toc-link ez-toc-heading-20\" href=\"https:\/\/vasco-electronics.hu\/cikkek\/nyelvek\/quenya-mordor-fekete-beszede\/#Hogyan_beszeljunk_fekete_beszeddel\" >Hogyan besz\u00e9lj\u00fcnk fekete besz\u00e9ddel?<\/a><\/li><li class='ez-toc-page-1 ez-toc-heading-level-3'><a class=\"ez-toc-link ez-toc-heading-21\" href=\"https:\/\/vasco-electronics.hu\/cikkek\/nyelvek\/quenya-mordor-fekete-beszede\/#Ime_nehany_tovabbi_szokincs_a_fekete_beszedrol\" >\u00cdme n\u00e9h\u00e1ny tov\u00e1bbi sz\u00f3kincs a fekete besz\u00e9dr\u0151l<\/a><\/li><\/ul><\/li><li class='ez-toc-page-1 ez-toc-heading-level-2'><a class=\"ez-toc-link ez-toc-heading-22\" href=\"https:\/\/vasco-electronics.hu\/cikkek\/nyelvek\/quenya-mordor-fekete-beszede\/#Mas_nepszeru_kitalalt_nyelvek\" >M\u00e1s n\u00e9pszer\u0171 kital\u00e1lt nyelvek<\/a><ul class='ez-toc-list-level-3' ><li class='ez-toc-heading-level-3'><a class=\"ez-toc-link ez-toc-heading-23\" href=\"https:\/\/vasco-electronics.hu\/cikkek\/nyelvek\/quenya-mordor-fekete-beszede\/#Klingon\" >Klingon<\/a><\/li><li class='ez-toc-page-1 ez-toc-heading-level-3'><a class=\"ez-toc-link ez-toc-heading-24\" href=\"https:\/\/vasco-electronics.hu\/cikkek\/nyelvek\/quenya-mordor-fekete-beszede\/#Dothraki\" >Dothraki<\/a><\/li><li class='ez-toc-page-1 ez-toc-heading-level-3'><a class=\"ez-toc-link ez-toc-heading-25\" href=\"https:\/\/vasco-electronics.hu\/cikkek\/nyelvek\/quenya-mordor-fekete-beszede\/#Navi\" >Na\u2019vi<\/a><\/li><\/ul><\/li><li class='ez-toc-page-1 ez-toc-heading-level-2'><a class=\"ez-toc-link ez-toc-heading-26\" href=\"https:\/\/vasco-electronics.hu\/cikkek\/nyelvek\/quenya-mordor-fekete-beszede\/#Quenya_nyelv_es_Mordor_fekete_beszede_%E2%80%93_osszefoglalo\" >Quenya nyelv \u00e9s Mordor fekete besz\u00e9de \u2013 \u00f6sszefoglal\u00f3<\/a><\/li><\/ul><\/nav><\/div>\n\n<h2><span class=\"ez-toc-section\" id=\"A_Gyuruk_Ura_a_popularis_zeneben\"><\/span>A Gy\u0171r\u0171k Ura a popul\u00e1ris zen\u00e9ben<span class=\"ez-toc-section-end\"><\/span><\/h2>\n<p>A Gy\u0171r\u0171k Ura \u00e9s a Hobbit is k\u00fcl\u00f6nb\u00f6z\u0151 m\u0171v\u00e9szeket inspir\u00e1lt, m\u00e1s irodalmi szerz\u0151kt\u0151l (G. R. R. Martin, Michael Swanwick, Raymond E. Feist \u00e9s m\u00e1sok) a t\u00e9v\u00e9m\u0171sorvezet\u0151kig, karikaturist\u00e1kig \u00e9s a legn\u00e9pszer\u0171bb rockszt\u00e1rokig. Igen, j\u00f3l olvastad \u2013 <strong>A Gy\u0171r\u0171k Ura m\u00e1r azel\u0151tt is jelen volt a zenei \u00e9letben, hogy Peter Jackson adapt\u00e1ci\u00f3ja 2001-ben a mozikba ker\u00fclt.<\/strong> N\u00e9pszer\u0171 p\u00e9lda a <strong><em>Ramble On \u2013 egy Led Zeppelin<\/em><\/strong> dal, amely 1969-ben jelent meg a Led Zeppelin II nagylemezen. Robert Plant a k\u00f6vetkez\u0151 verset \u00e9nekli:<\/p>\n<p><em>Mordor legs\u00f6t\u00e9tebb m\u00e9ly\u00e9n j\u00e1rtam, tal\u00e1lkoztam egy olyan sz\u00e9p l\u00e1nnyal. De Gollum \u00e9s a gonosz odak\u00faszott, \u00e9s elsuhant vele.<\/em> A Gy\u0171r\u0171k Ura zenei p\u00e9ld\u00e1i k\u00f6z\u00e9 tartozik a <strong>Black Sabbath The Wizard<\/strong> c\u00edm\u0171 sz\u00e1ma 1970-b\u0151l (egy dalt Gandalf karaktere ihlette) \u00e9s <em>Rush Rivendel <\/em>c\u00edm\u0171 dala 1975-b\u0151l. Tolkien fantasy-reg\u00e9ny\u00e9nek t\u00e9m\u00e1i a Led Zeppelin <em>The Battle for Evermore<\/em> (1971) c\u00edm\u0171 filmj\u00e9ben is megjelentek, a Camel h\u00e1romr\u00e9szes progressz\u00edv rock-eposz\u00e1ban az 1974-es, <em>Nimrodel \/ The Procession \/ The White Rider c\u00edm\u0171 Mirage c\u00edm\u0171 albumukon<\/em>, valamint a<em> Blind Guardian Into The Storm c\u00edm\u0171<\/em> filmj\u00e9ben. 1998). R\u00e1ad\u00e1sul a norv\u00e9g black metal banda, a<strong> Burzum a One Ring feliratr\u00f3l kapta a nev\u00e9t.<\/strong> <strong>Tolkien legh\u00edresebb var\u00e1zsl\u00f3j\u00e1ra is hivatkoztak&#8230; a Bar\u00e1tok k\u00f6zt egyik epiz\u00f3dj\u00e1ban.<\/strong> Ez az, ahol Ross \u00e9s Chandler bulizni fognak egyetemi bar\u00e1tjukkal, aki szint\u00e9n egy partivar\u00e1zsl\u00f3, akit (meglepet\u00e9s, meglepet\u00e9s) Gandalfnak h\u00edvnak. Az epiz\u00f3dot el\u0151sz\u00f6r 1997-ben adt\u00e1k le.<\/p>\n<div class=\"faq-section\">\n<h3><span class=\"ez-toc-section\" id=\"FAQ\"><\/span>FAQ:<span class=\"ez-toc-section-end\"><\/span><\/h3>\n<h4 class=\"question1\">Mik a Fekete Besz\u00e9d szavai?<\/h4>\n<div class=\"answer1\">Az \u201eAsh nazg thrakatul\u00fbk agh burzum-ishi krimpatul\u201d a h\u00edres var\u00e1zsige Mordor fekete besz\u00e9d\u00e9ben, ami azt jelenti: \u201eEgy Gy\u0171r\u0171, hogy uralkodjon rajtuk, Egy Gy\u0171r\u0171, hogy megtal\u00e1lja \u0151ket, Egy Gy\u0171r\u0171, hogy elhozza \u0151ket, \u00e9s a s\u00f6t\u00e9tben megk\u00f6sse \u0151ket.\u201d<\/div>\n<h4 class=\"question2\">Mi\u00e9rt haszn\u00e1lja Gandalf a fekete besz\u00e9det?<\/h4>\n<div class=\"answer2\">Gandalf Mordor fekete besz\u00e9d\u00e9t haszn\u00e1lta az erlondi zsinat idej\u00e9n, hogy hangs\u00falyozza a vesz\u00e9lyt, amellyel K\u00f6z\u00e9pf\u00f6lde szembes\u00fcl. Egyed\u00fcl a nyelvet besz\u00e9lni olyan volt, mint s\u00f6t\u00e9t var\u00e1zslatokat sz\u00f3rni, amikor a szavak hat\u00e1s\u00e1ra az \u00e9g els\u00f6t\u00e9t\u00fclt, a f\u00f6ld pedig megremegett. Gandalf abban is rem\u00e9nykedett, hogy siker\u00fcl a Tan\u00e1csot a helyes d\u00f6nt\u00e9s fel\u00e9 vezetni, ami az Egy Gy\u0171r\u0171 megsemmis\u00edt\u00e9se volt.<\/div>\n<h4 class=\"question3\">Quenya ugyanaz, mint t\u00fcnde?<\/h4>\n<div class=\"answer3\">Igen, a quenya az egyik t\u00fcnde nyelv volt a Gy\u0171r\u0171k Ura vil\u00e1g\u00e1ban. A latin megfelel\u0151jek\u00e9nt is kezelhet\u0151.<\/div>\n<h4 class=\"question4\">Mi a k\u00fcl\u00f6nbs\u00e9g a Tengwar \u00e9s a Quenya k\u00f6z\u00f6tt?<\/h4>\n<div class=\"answer4\">A Tengwar volt a forgat\u00f3k\u00f6nyv, amellyel sz\u00e1mos Tolkien \u00e1ltal l\u00e9trehozott nyelvet \u00edrtak. Az egyik\u00fck Quenya volt.<\/div>\n<h4 class=\"question5\">Aragorn besz\u00e9l <a href=\"https:\/\/vasco-electronics.hu\/cikkek\/nyelvek\/kozepfolde-nyelvei-sindarin-khuzdul-es-westron\/\">sindarin<\/a> vagy quenya nyelven?<\/h4>\n<div class=\"answer5\">Mivel Aragorn Rivendellben nevelkedett, foly\u00e9konyan besz\u00e9lt sindarinul.<\/div>\n<h4 class=\"question6\">Galadriel besz\u00e9l quenya vagy <a href=\"https:\/\/vasco-electronics.hu\/cikkek\/nyelvek\/kozepfolde-nyelvei-sindarin-khuzdul-es-westron\/\">sindarin nyelven<\/a>?<\/h4>\n<div class=\"answer6\">Galadriel tudott queny\u00e1n, de haszn\u00e1lt <a href=\"https:\/\/vasco-electronics.hu\/cikkek\/nyelvek\/kozepfolde-nyelvei-sindarin-khuzdul-es-westron\/\">sindarin<\/a>, <a href=\"https:\/\/vasco-electronics.hu\/cikkek\/nyelvek\/kozepfolde-nyelvei-sindarin-khuzdul-es-westron\/\">khuzdul<\/a> \u00e9s <a href=\"https:\/\/vasco-electronics.hu\/cikkek\/nyelvek\/kozepfolde-nyelvei-sindarin-khuzdul-es-westron\/\">westron nyelvet<\/a> is.<\/div>\n<\/div>\n<h2><span class=\"ez-toc-section\" id=\"A_Gyuruk_Ura_mas_mediaban\"><\/span>A Gy\u0171r\u0171k Ura m\u00e1s m\u00e9di\u00e1ban<span class=\"ez-toc-section-end\"><\/span><\/h2>\n<div class=\"mceTemp\"><\/div>\n<p><img decoding=\"async\" class=\"alignnone size-full wp-image-2873\" src=\"https:\/\/vasco-electronics.hu\/cikkek\/wp-content\/uploads\/2023\/03\/Blog_2026_Quenya_03.jpg\" alt=\"Quenya nyelv \u00e9s Mordor\" width=\"1200\" height=\"700\" srcset=\"https:\/\/vasco-electronics.hu\/cikkek\/wp-content\/uploads\/2023\/03\/Blog_2026_Quenya_03.jpg 1200w, https:\/\/vasco-electronics.hu\/cikkek\/wp-content\/uploads\/2023\/03\/Blog_2026_Quenya_03-980x572.jpg 980w, https:\/\/vasco-electronics.hu\/cikkek\/wp-content\/uploads\/2023\/03\/Blog_2026_Quenya_03-480x280.jpg 480w\" sizes=\"(min-width: 0px) and (max-width: 480px) 480px, (min-width: 481px) and (max-width: 980px) 980px, (min-width: 981px) 1200px, 100vw\" \/><\/p>\n<p>A Gy\u0171r\u0171k Ura hat\u00e1sa azonban messze t\u00falmutat a popul\u00e1ris kult\u00far\u00e1n. Tolkien munk\u00e1ss\u00e1ga k\u00fcl\u00f6nb\u00f6z\u0151 tudom\u00e1ny\u00e1gakra is hat\u00e1ssal volt. Mag\u00e1t\u00f3l \u00e9rtet\u0151dik, hogy ezt a nagy fant\u00e1zi\u00e1j\u00fa reg\u00e9nyt sok irodalomtud\u00f3s \u00e9s kult\u00faratudom\u00e1ny-rajong\u00f3 kutatta. J.R.R. Tolkien is \u00e9rdemi anyagot adott a nyelv\u00e9szek tanulm\u00e1nyoz\u00e1s\u00e1ra. Ebben a cikkben <a href=\"https:\/\/vasco-electronics.hu\/cikkek\/nyelvek\/tolkien-nyelvek-kozepfolde-nyelvei\/\">K\u00f6z\u00e9pf\u00f6lde nyelveire<\/a> fogunk \u00f6sszpontos\u00edtani. Teh\u00e1t pakold \u00f6ssze a cuccaidat, szedd \u00f6ssze a t\u00e1rsaidat, \u00e9s k\u00e9sz\u00edtsd el\u0151 a v\u00e1lasztott fegyveredet&#8230; vagy csak \u00fclj le k\u00e9nyelmesen \u00e9s igy\u00e1l meg egy cs\u00e9sze te\u00e1t. Menj\u00fcnk ism\u00e9t K\u00f6z\u00e9pf\u00f6ld\u00e9re, \u00e9s tudjunk meg t\u00f6bbet a m\u00e1gia, a harcosok \u00e9s a var\u00e1zsl\u00f3k leny\u0171g\u00f6z\u0151 vil\u00e1g\u00e1ban besz\u00e9lt nyelvekr\u0151l.<\/p>\n<h2><span class=\"ez-toc-section\" id=\"J_R_R_Tolkien_felepitett_nyelvei\"><\/span>J R. R. Tolkien fel\u00e9p\u00edtett nyelvei<span class=\"ez-toc-section-end\"><\/span><\/h2>\n<p>J R. R. Tolkien sz\u00e1mos kital\u00e1lt nyelvet tal\u00e1lt fel. \u0150 maga is filol\u00f3gus volt, \u00edgy a nyelv\u00e9szetr\u0151l nagyon sokat tudott, \u00edgy bevallottan a legszebb nyelv l\u00e9trehoz\u00e1s\u00e1val k\u00eds\u00e9rletezett. Sok Tolkien \u00e1ltal feltal\u00e1lt nyelv valami \u00e9l\u0151v\u00e9 fejl\u0151d\u00f6tt, saj\u00e1t t\u00f6rt\u00e9net\u00e9vel, r\u00e9szletes nyelvtan\u00e1val \u00e9s b\u0151s\u00e9ges sz\u00f3kincs\u00e9vel. A <strong>queny\u00e1t\u00f3l <\/strong>\u00e9s m\u00e1s t\u00fcnde nyelvekt\u0151l a k\u00f6z\u00f6s besz\u00e9dig \u00e9s <strong>Mordor fekete besz\u00e9d\u00e9ig <\/strong>nem csoda, hogy a rajong\u00f3k a vil\u00e1g minden t\u00e1j\u00e1r\u00f3l megtanulj\u00e1k ezeket besz\u00e9lni. Quenya nyelv a nold\u00e1k k\u00f6zvet\u00edt\u00e9s\u00e9vel ker\u00fclt beleriandba a t\u00f6rt\u00e9net szerint.<\/p>\n<h2><span class=\"ez-toc-section\" id=\"Tehat_milyen_nyelveket_talalt_ki_Tolkien\"><\/span>Teh\u00e1t milyen nyelveket tal\u00e1lt ki Tolkien?<span class=\"ez-toc-section-end\"><\/span><\/h2>\n<p>A Gy\u0171r\u0171k Ur\u00e1ban sok k\u00fcl\u00f6nb\u00f6z\u0151 t\u00fcnde nyelv tal\u00e1lhat\u00f3. Vannak olyan konstru\u00e1lt nyelvek is, amelyeket m\u00e1s l\u00e9nyek besz\u00e9lnek, bele\u00e9rtve az embereket is. Ebben a cikkben azonban ahelyett, hogy a K\u00f6z\u00e9pf\u00f6ldi \u00f6sszes nyelvre \u00f6sszpontos\u00edtan\u00e1nk egyszerre, csak kett\u0151t \u2013 a queny\u00e1t \u00e9s a mordori fekete besz\u00e9det \u2013 vizsg\u00e1ljuk meg. A t\u00f6bbi nyelv, mint a <a href=\"https:\/\/vasco-electronics.hu\/cikkek\/nyelvek\/kozepfolde-nyelvei-sindarin-khuzdul-es-westron\/\">sindarin<\/a>, a <a href=\"https:\/\/vasco-electronics.hu\/cikkek\/nyelvek\/kozepfolde-nyelvei-sindarin-khuzdul-es-westron\/\">khuzdul<\/a> \u00e9s a <a href=\"https:\/\/vasco-electronics.hu\/cikkek\/nyelvek\/kozepfolde-nyelvei-sindarin-khuzdul-es-westron\/\">westron<\/a>, k\u00fcl\u00f6n helyet \u00e9rdemel. Azt is gondoljuk, hogy ez t\u00f6bb mint el\u00e9g lesz egy olvas\u00e1sra. R\u00e1ad\u00e1sul Tolkiennek az \u00f3kori germ\u00e1n nyelvek \u00e9s m\u00e9g sok m\u00e1s nyelvi ismerete seg\u00edtett neki egy nagyon gazdag vil\u00e1got \u00e9s olyan kital\u00e1lt nyelveket l\u00e9trehozni, amelyek tele vannak sz\u00f3kincsekkel \u00e9s nyelvtani szab\u00e1lyokkal \u2013 sz\u00f3val van mir\u0151l \u00edrni.<\/p>\n<h2><span class=\"ez-toc-section\" id=\"Ebben_a_cikkben_a_kovetkezokrol_olvashat\"><\/span>Ebben a cikkben a k\u00f6vetkez\u0151kr\u0151l olvashat:<span class=\"ez-toc-section-end\"><\/span><\/h2>\n<ul>\n<li>Mi az a <strong>Quenya<\/strong>?<\/li>\n<li>\u00d6n <strong>tanulna Quenya nyelvet<\/strong>?<\/li>\n<li>Mi a <strong>Mordor fekete besz\u00e9de<\/strong>?<\/li>\n<li>Mi a Tolkien \u00e1ltal l\u00e9trehozott <strong>mindk\u00e9t nyelv t\u00f6rt\u00e9nete<\/strong>?<\/li>\n<li>Ki besz\u00e9lte \u0151ket <strong>K\u00f6z\u00e9pf\u00f6lde birodalm\u00e1ban<\/strong>?<\/li>\n<li>Van-e <strong>p\u00e1rhuzam a megl\u00e9v\u0151 nyelvekkel<\/strong>?<\/li>\n<li><strong>Milyen Tolkien nyelven tanulhatnak meg besz\u00e9lni az olvas\u00f3k<\/strong>?<\/li>\n<\/ul>\n<div id=\"attachment_1169\" style=\"width: 1210px\" class=\"wp-caption alignnone\"><img decoding=\"async\" aria-describedby=\"caption-attachment-1169\" class=\"wp-image-1169 size-full\" src=\"https:\/\/vasco-electronics.hu\/cikkek\/wp-content\/uploads\/2023\/03\/3-1.png\" alt=\"P\u00e9lda egy quenya nyelven \u00edrt sz\u00f6vegre - forr\u00e1s: Wikip\u00e9dia\" width=\"1200\" height=\"480\" srcset=\"https:\/\/vasco-electronics.hu\/cikkek\/wp-content\/uploads\/2023\/03\/3-1.png 1200w, https:\/\/vasco-electronics.hu\/cikkek\/wp-content\/uploads\/2023\/03\/3-1-300x120.png 300w, https:\/\/vasco-electronics.hu\/cikkek\/wp-content\/uploads\/2023\/03\/3-1-1024x410.png 1024w, https:\/\/vasco-electronics.hu\/cikkek\/wp-content\/uploads\/2023\/03\/3-1-768x307.png 768w\" sizes=\"(max-width: 1200px) 100vw, 1200px\" \/><p id=\"caption-attachment-1169\" class=\"wp-caption-text\">P\u00e9lda egy quenya nyelven \u00edrt sz\u00f6vegre &#8211; forr\u00e1s: Wikip\u00e9dia<\/p><\/div>\n<h2><span class=\"ez-toc-section\" id=\"Quenya_nyelv_%E2%80%93_Valar_tunde_nyelve\"><\/span>Quenya nyelv \u2013 Valar t\u00fcnde nyelve<span class=\"ez-toc-section-end\"><\/span><\/h2>\n<h3><span class=\"ez-toc-section\" id=\"Kozepfolden_kivul%E2%80%A6\"><\/span>K\u00f6z\u00e9pf\u00f6ld\u00e9n k\u00edv\u00fcl&#8230;<span class=\"ez-toc-section-end\"><\/span><\/h3>\n<p>K\u00f6z\u00e9pf\u00f6lde birodalm\u00e1ban a quenya nyelv az elf nyelvcsal\u00e1d egyik nagy nyelvi konstrukci\u00f3ja. Kiemelked\u0151en szerepelt olyan m\u0171vekben, mint a Gy\u0171r\u0171k Ura \u00e9s A Silmarillion. K\u00f6z\u00e9pf\u00f6ld\u00e9n k\u00edv\u00fcl ezt a t\u00fcnde nyelvet a finn ihlette, \u00e9s ez az egyik legkor\u00e1bbi kital\u00e1lt besz\u00e9d, amelyet J.R.R. Tolkien. A Quenya nyelv munk\u00e1latai m\u00e1r 1910-ben elkezd\u0151dtek \u2013 27 \u00e9vvel A hobbit \u00e9s 44 \u00e9vvel A Gy\u0171r\u0171k Ura megjelen\u00e9se el\u0151tt. Tolkien sokszor \u00e1tstruktur\u00e1lta nyelvtan\u00e1t, miel\u0151tt el\u00e9rte volna v\u00e9gleges form\u00e1j\u00e1t. A sz\u00f3kincs viszont el\u00e9g stabil volt. Mint fentebb eml\u00edtett\u00fck, a finn nyelv volt a f\u0151 inspir\u00e1ci\u00f3s forr\u00e1s Quenya nyelv sz\u00e1m\u00e1ra. Tolkien azonban \u00e1tvett n\u00e9h\u00e1ny \u00f6tletet a g\u00f6r\u00f6g, a walesi \u00e9s a latin nyelvb\u0151l is, amelyeket akkor tanult. De mit is jelent val\u00f3j\u00e1ban a Quenya sz\u00f3, ha leford\u00edtan\u00e1nk angolra? A v\u00e1lasz egyszer\u0171: \u201e<strong>egy nyelv<\/strong>\u201d.<\/p>\n<h3><span class=\"ez-toc-section\" id=\"Terjunk_vissza_Kozepfoldere_ami_a_Quenya_nyelvet_illeti\"><\/span>T\u00e9rj\u00fcnk vissza K\u00f6z\u00e9pf\u00f6ld\u00e9re, ami a Quenya nyelvet illeti<span class=\"ez-toc-section-end\"><\/span><\/h3>\n<p>A quenya az elf nyelvek csal\u00e1dj\u00e1ba tartozik \u2013 magas elfk\u00e9nt is emlegetik. Ez egy \u0151si nyelv volt, amely sajnos gyorsan kiesett a haszn\u00e1latb\u00f3l, \u00e9s a latin k\u00f6z\u00e9pf\u00f6ldi megfelel\u0151j\u00e9v\u00e9 v\u00e1lt. Mindazon\u00e1ltal a quenya nyelv volt az els\u0151 nyelv Tolkien vil\u00e1g\u00e1ban, amelyet \u00edrott form\u00e1ban is bemutattak.<\/p>\n<h3><span class=\"ez-toc-section\" id=\"Quenya_nyelv_rovid_tortenete\"><\/span>Quenya nyelv r\u00f6vid t\u00f6rt\u00e9nete<span class=\"ez-toc-section-end\"><\/span><\/h3>\n<p>Az els\u0151 korban ezt a nyelvet f\u0151leg Calaquendi, m\u00e1s n\u00e9ven magas elfek haszn\u00e1lt\u00e1k. Miut\u00e1n a Quenya haszn\u00e1laton k\u00edv\u00fcl volt, Calaquendi szertart\u00e1sos nyelvk\u00e9nt \u00e9s a tudom\u00e1ny \u00e9s a k\u00f6lt\u00e9szet legmagasztosabb aspektusainak kifejez\u00e9s\u00e9re haszn\u00e1lt eszk\u00f6zk\u00e9nt haszn\u00e1lta. Quenya nyelv a nold\u00e1k k\u00f6zvet\u00edt\u00e9s\u00e9vel ker\u00fclt beleriandba a t\u00f6rt\u00e9net szerint. A Quenya nyelv eredet\u00e9t el\u0151sz\u00f6r Eldar fejlesztette ki, azok a t\u00fcnd\u00e9k, akik Valinorba vonultak, amely Valar \u2013 Eru Il\u00favatar akarat\u00e1t szolg\u00e1l\u00f3 isteni l\u00e9nyek \u2013 otthona \u2013 a kereszt\u00e9ny Isten megfelel\u0151je. Quenya nyelv l\u00e9trehoz\u00e1sa el\u0151tt az elfek, akik elind\u00edtott\u00e1k a Nagy Menetel\u00e9st, <a href=\"https:\/\/vasco-electronics.hu\/cikkek\/nyelvek\/tolkien-nyelvek-kozepfolde-nyelvei\/\">eldarinul besz\u00e9ltek<\/a>. Ezek a t\u00fcnd\u00e9k, akik nem vettek r\u00e9szt a Nagy Menetel\u00e9sben, egy <a href=\"https:\/\/vasco-electronics.hu\/cikkek\/nyelvek\/tolkien-nyelvek-kozepfolde-nyelvei\/\">avarin nyelvet<\/a> besz\u00e9ltek. Eldar ezut\u00e1n megalap\u00edtotta Tirion v\u00e1ros\u00e1t, ahol kifejlesztett\u00e9k a quenya nyelvet. Valar ez\u00e9rt is adapt\u00e1lta ezt a besz\u00e9det a saj\u00e1tjuknak. A m\u00e1sodik korban a quenya nyelv sz\u00f3kincs\u00e9t a n\u00famenori f\u00e9rfiak besz\u00e9lt\u00e9k. Gondor \u00e9s Arnor f\u00e9rfiai (akik a n\u00famen\u00f3reiak lesz\u00e1rmazottai voltak) is haszn\u00e1lt\u00e1k kir\u00e1lyaik \u00e9s kir\u00e1lyn\u0151ik elnevez\u00e9s\u00e9re. Ez a gyakorlat a Gy\u0171r\u0171k Ura \u00e9veiben feled\u00e9sbe mer\u00fclt, de Aragorn folytatta, aki Elessar Telcontar nevet vette fel.<\/p>\n<div class=\"mceTemp\"><\/div>\n<p><img decoding=\"async\" class=\"alignnone size-full wp-image-2872\" src=\"https:\/\/vasco-electronics.hu\/cikkek\/wp-content\/uploads\/2023\/03\/Blog_2026_Quenya_02.jpg\" alt=\"Quenya nyelv\" width=\"1200\" height=\"700\" srcset=\"https:\/\/vasco-electronics.hu\/cikkek\/wp-content\/uploads\/2023\/03\/Blog_2026_Quenya_02.jpg 1200w, https:\/\/vasco-electronics.hu\/cikkek\/wp-content\/uploads\/2023\/03\/Blog_2026_Quenya_02-980x572.jpg 980w, https:\/\/vasco-electronics.hu\/cikkek\/wp-content\/uploads\/2023\/03\/Blog_2026_Quenya_02-480x280.jpg 480w\" sizes=\"(min-width: 0px) and (max-width: 480px) 480px, (min-width: 481px) and (max-width: 980px) 980px, (min-width: 981px) 1200px, 100vw\" \/><\/p>\n<h3><span class=\"ez-toc-section\" id=\"A_Gyuruk_Ura_melyik_karakter_hasznalta_Quenya_nyelvet\"><\/span>A Gy\u0171r\u0171k Ura melyik karakter haszn\u00e1lta Quenya nyelvet?<span class=\"ez-toc-section-end\"><\/span><\/h3>\n<p>Ki besz\u00e9lt val\u00f3j\u00e1ban a K\u00f6z\u00e9pf\u00f6lde karakterei k\u00f6z\u00fcl Quenya nyelvet? J\u00f3 p\u00e9lda lehet az, hogy Szarum\u00e1n vihart hoz a Gy\u0171r\u0171 Testv\u00e9ris\u00e9g\u00e9re Caradhrason \u2013 magas elf nyelven var\u00e1zsolta. \u00cdme, amit Saruman kiab\u00e1lt Peter Jackson adapt\u00e1ci\u00f3j\u00e1ban: <em>Cuiva nwalca Carnirasse; nai yarvaxea rasselya! Cuiva nwalca Carnirasse; Nai yarvaxea rasselya; taltuva notto-carinnar!<\/em> ami \u00edgy ford\u00edthat\u00f3: <em>\u00c9bredj fel kegyetlen Redhorn! Legyen v\u00e9rfoltos a szarvad! \u00c9bredj fel kegyetlen Redhorn! V\u00e9rfoltos szarvat hulljon az ellens\u00e9g fej\u00e9re!<\/em> Nem v\u00e9letlen, hogy Saruman Queny\u00e1t haszn\u00e1lta \u2013 Valar egyik k\u00f6vete volt. Furcsa, hogy Gandalf <a href=\"https:\/\/vasco-electronics.hu\/cikkek\/nyelvek\/kozepfolde-nyelvei-sindarin-khuzdul-es-westron\/\">sindarin nyelven<\/a> v\u00e1laszolt, ami a quenya nyelv alacsonyabb form\u00e1ja. Gandalf maga is Valar k\u00f6vet volt. S\u0151t, Frod\u00f3 var\u00e1zslata Shelob od\u00faj\u00e1ban Queny\u00e1ban is elhangzott. \u00cdgy megy ez: <em>Aiya E\u00e4rendil Elenion Ancalima!<\/em> ami \u00edgy ford\u00edthat\u00f3: <em>\u00dcdv E\u00e4rendil, a csillagok legf\u00e9nyesebbje!<\/em> A The Fellowship of the Ring c\u00edm\u0171 filmben Arwen var\u00e1zslatot hajt v\u00e9gre, mik\u00f6zben megpr\u00f3b\u00e1lja legy\u0151zni a Kilencet a Bruinenn\u00e9l \u2013 a var\u00e1zslat Quenya nyelv \u00e9s <a href=\"https:\/\/vasco-electronics.hu\/cikkek\/nyelvek\/kozepfolde-nyelvei-sindarin-khuzdul-es-westron\/\">Sindarin nyelv<\/a> kever\u00e9ke.<\/p>\n<h3><span class=\"ez-toc-section\" id=\"Olvassunk_egy_kis_quenya_nyelvet\"><\/span>Olvassunk egy kis quenya nyelvet!<span class=\"ez-toc-section-end\"><\/span><\/h3>\n<p>Most megvizsg\u00e1lhatjuk a quenya nyelv fonol\u00f3gi\u00e1j\u00e1t, nyelvtan\u00e1t \u00e9s sz\u00f3kincs\u00e9t, de sokkal sz\u00f3rakoztat\u00f3bb lesz ezen a kital\u00e1lt nyelven olvasni valamit. \u00cdme Nam\u00e1ri\u00eb els\u0151 versszaka, a leghosszabb quenya nyelven \u00edrt vers, amely Tolkien \u00e9let\u00e9ben jelent meg:<\/p>\n<p style=\"text-align: center;\"><em>Ai! lauri\u00eb lantar lassi s\u00farinen,<\/em><\/p>\n<p style=\"text-align: center;\"><em>y\u00e9ni \u00fan\u00f3tim\u00eb ve r\u00e1mar aldaron!<\/em><\/p>\n<p style=\"text-align: center;\"><em>Y\u00e9ni ve lint\u00eb yuldar av\u00e1nier<\/em><\/p>\n<p style=\"text-align: center;\"><em>mi oromardi lisse-miruv\u00f3reva<\/em><\/p>\n<p style=\"text-align: center;\"><em>And\u00fan\u00eb pella, Vardo tellumar<\/em><\/p>\n<p style=\"text-align: center;\"><em>nu luini yassen tintilar i eleni<\/em><\/p>\n<p style=\"text-align: center;\"><em>\u00f3maryo airet\u00e1ri-l\u00edrinen.<\/em> (J.R.R. Tolkien)<\/p>\n<p>\u00c9s most a magyar ford\u00edt\u00e1s:<\/p>\n<p style=\"text-align: center;\"><em>Ah! mint az arany hullik a levelek a sz\u00e9lben,<\/em><\/p>\n<p style=\"text-align: center;\"><em>hossz\u00fa \u00e9vek sz\u00e1mtalanok, mint a f\u00e1k sz\u00e1rnyai!<\/em><\/p>\n<p style=\"text-align: center;\"><em>Gyors huzatk\u00e9nt teltek az \u00e9vek<\/em><\/p>\n<p style=\"text-align: center;\"><em>az \u00e9des m\u00e9zs\u00f6rt\u0151l a nyugaton t\u00fali magas termekben,<\/em><\/p>\n<p style=\"text-align: center;\"><em>Varda k\u00e9k boltozatai alatt<\/em><\/p>\n<p style=\"text-align: center;\"><em>ahol a csillagok remegnek<\/em><\/p>\n<p style=\"text-align: center;\"><em>az \u0151 hangj\u00e1nak dal\u00e1ban, szent \u00e9s kir\u00e1lyn\u0151i.<\/em><\/p>\n<p>A <em>Nam\u00e1ri\u00eb<\/em> az<em> \u00e1 na m\u00e1ri\u00eb<\/em> kicsiny\u00edtett szava, ami viszont angolul azt jelenti, hogy &#8222;by well&#8221;. Ez egy gyakori t\u00fcnde sz\u00f3, amelyet a b\u00facs\u00faz\u00e1sra haszn\u00e1lnak.<\/p>\n<h3><span class=\"ez-toc-section\" id=\"Hogyan_tanuljuk_meg_a_Quenya_nyelv_szokincset\"><\/span>Hogyan tanuljuk meg a Quenya nyelv sz\u00f3kincs\u00e9t?<span class=\"ez-toc-section-end\"><\/span><\/h3>\n<p>T\u00f6bb mint sz\u00e1z sz\u00f3 l\u00e9tezik a quenya nyelvben, J.R.R. \u00f6sszes anyaga alapj\u00e1n. Tolkien. K\u00f6z\u00e9pf\u00f6lde birodalm\u00e1nak egyik leggazdagabb \u00e9s legfejlettebb nyelve. Sajnos nincs sok quenya nyelv <a href=\"https:\/\/vasco-electronics.hu\/funkciok\/beszedfordito\"><strong>hangalap\u00fa ford\u00edt\u00f3<\/strong><\/a> vagy quenya nyelv nyelvtanul\u00f3 alkalmaz\u00e1s, amely el\u00e9g megb\u00edzhat\u00f3 lenne ennek a t\u00fcnde nyelvnek a ford\u00edt\u00e1s\u00e1ban. Haszn\u00e1lhatja ezt az online <a href=\"https:\/\/vasco-electronics.hu\/funkciok\/szovegfordito\"><strong>sz\u00f6vegford\u00edt\u00f3<\/strong><\/a> \u2013 el\u00e9g j\u00f3l m\u0171k\u00f6dik, de sajnos nem ad semmilyen kiejt\u00e9si tippet vagy hangot, amely elolvasn\u00e1 a ford\u00edt\u00e1st. Ha quenya nyelv tanul\u00e1s\u00e1ra adja a fej\u00e9t, forduljon a <a href=\"https:\/\/www.elvish.org\/\" target=\"_blank\" rel=\"noopener noreferrer nofollow\">The Elvish Linguistic Fellowship<\/a>-hez (r\u00f6vid\u00edtve E.L.F) \u2013 egy nemzetk\u00f6zi szervezethez, amely a nyelvek tanulm\u00e1nyoz\u00e1s\u00e1val foglalkozik, amelyet J.R.R. \u00e9p\u00edtett fel. Tolkien. Christopher Tolkien, J.R.R. Tolkien fia jel\u00f6lte ki \u0151ket, hogy tegy\u00e9k k\u00f6zz\u00e9 apja \u00edr\u00e1s\u00e1t az \u00e1ltala feltal\u00e1lt nyelvekr\u0151l, \u00edgy a quenya nyelv is ide tartozik. Ha a k\u00f6z\u00e9pf\u00f6ldi nyelvek tanul\u00e1s\u00e1r\u00f3l van sz\u00f3 \u00e1ltal\u00e1ban, az Elvish Linguistic Fellowship mindig j\u00f3 \u00f6tlet.<\/p>\n<h3><span class=\"ez-toc-section\" id=\"Ime_nehany_quenya_nyelv_szokincse\"><\/span>\u00cdme n\u00e9h\u00e1ny quenya nyelv sz\u00f3kincse<span class=\"ez-toc-section-end\"><\/span><\/h3>\n<p>N\u00e9zz\u00fcnk meg n\u00e9h\u00e1ny konkr\u00e9t quenya nyelv sz\u00f3kincset \u00e9s annak ford\u00edt\u00e1s\u00e1t:<\/p>\n<table dir=\"ltr\" border=\"1\" cellspacing=\"0\" cellpadding=\"0\">\n<colgroup>\n<col width=\"100\" \/>\n<col width=\"100\" \/>\n<col width=\"149\" \/><\/colgroup>\n<tbody>\n<tr>\n<td data-sheets-value=\"{&quot;1&quot;:2,&quot;2&quot;:&quot;Quenya&quot;}\">\n<h4>Quenya<\/h4>\n<\/td>\n<td data-sheets-value=\"{&quot;1&quot;:2,&quot;2&quot;:&quot;English&quot;}\">\n<h4>English<\/h4>\n<\/td>\n<td data-sheets-value=\"{&quot;1&quot;:2,&quot;2&quot;:&quot;Magyar&quot;}\">\n<h4>Magyar<\/h4>\n<\/td>\n<\/tr>\n<tr>\n<td data-sheets-value=\"{&quot;1&quot;:2,&quot;2&quot;:&quot;aika&quot;}\">aika<\/td>\n<td data-sheets-value=\"{&quot;1&quot;:2,&quot;2&quot;:&quot;broad, vast&quot;}\">broad, vast<\/td>\n<td data-sheets-value=\"{&quot;1&quot;:2,&quot;2&quot;:&quot;sz\u00e9les, hatalmas&quot;}\">sz\u00e9les, hatalmas<\/td>\n<\/tr>\n<tr>\n<td data-sheets-value=\"{&quot;1&quot;:2,&quot;2&quot;:&quot;aina&quot;}\">aina<\/td>\n<td data-sheets-value=\"{&quot;1&quot;:2,&quot;2&quot;:&quot;holy&quot;}\">holy<\/td>\n<td data-sheets-value=\"{&quot;1&quot;:2,&quot;2&quot;:&quot;szent&quot;}\">szent<\/td>\n<\/tr>\n<tr>\n<td data-sheets-value=\"{&quot;1&quot;:2,&quot;2&quot;:&quot;ailo&quot;}\">ailo<\/td>\n<td data-sheets-value=\"{&quot;1&quot;:2,&quot;2&quot;:&quot;lake, pool&quot;}\">lake, pool<\/td>\n<td data-sheets-value=\"{&quot;1&quot;:2,&quot;2&quot;:&quot;t\u00f3, medence&quot;}\">t\u00f3, medence<\/td>\n<\/tr>\n<tr>\n<td data-sheets-value=\"{&quot;1&quot;:2,&quot;2&quot;:&quot;haim\u00eb&quot;}\">haim\u00eb<\/td>\n<td data-sheets-value=\"{&quot;1&quot;:2,&quot;2&quot;:&quot;habit&quot;}\">habit<\/td>\n<td data-sheets-value=\"{&quot;1&quot;:2,&quot;2&quot;:&quot;szok\u00e1s&quot;}\">szok\u00e1s<\/td>\n<\/tr>\n<tr>\n<td data-sheets-value=\"{&quot;1&quot;:2,&quot;2&quot;:&quot;halcin&quot;}\">halcin<\/td>\n<td data-sheets-value=\"{&quot;1&quot;:2,&quot;2&quot;:&quot;frozen&quot;}\">frozen<\/td>\n<td data-sheets-value=\"{&quot;1&quot;:2,&quot;2&quot;:&quot;fagyott&quot;}\">fagyott<\/td>\n<\/tr>\n<tr>\n<td data-sheets-value=\"{&quot;1&quot;:2,&quot;2&quot;:&quot;imb\u00eb&quot;}\">imb\u00eb<\/td>\n<td data-sheets-value=\"{&quot;1&quot;:2,&quot;2&quot;:&quot;between&quot;}\">between<\/td>\n<td data-sheets-value=\"{&quot;1&quot;:2,&quot;2&quot;:&quot;k\u00f6z\u00f6tt&quot;}\">k\u00f6z\u00f6tt<\/td>\n<\/tr>\n<tr>\n<td data-sheets-value=\"{&quot;1&quot;:2,&quot;2&quot;:&quot;indo&quot;}\">indo<\/td>\n<td data-sheets-value=\"{&quot;1&quot;:2,&quot;2&quot;:&quot;house&quot;}\">house<\/td>\n<td data-sheets-value=\"{&quot;1&quot;:2,&quot;2&quot;:&quot;h\u00e1z&quot;}\">h\u00e1z<\/td>\n<\/tr>\n<tr>\n<td data-sheets-value=\"{&quot;1&quot;:2,&quot;2&quot;:&quot;tass\u00eb&quot;}\">tass\u00eb<\/td>\n<td data-sheets-value=\"{&quot;1&quot;:2,&quot;2&quot;:&quot;there&quot;}\">there<\/td>\n<td data-sheets-value=\"{&quot;1&quot;:2,&quot;2&quot;:&quot;ott&quot;}\">ott<\/td>\n<\/tr>\n<tr>\n<td data-sheets-value=\"{&quot;1&quot;:2,&quot;2&quot;:&quot;r\u00e1va&quot;}\">r\u00e1va<\/td>\n<td data-sheets-value=\"{&quot;1&quot;:2,&quot;2&quot;:&quot;wilderness&quot;}\">wilderness<\/td>\n<td data-sheets-value=\"{&quot;1&quot;:2,&quot;2&quot;:&quot;vadon&quot;}\">vadon<\/td>\n<\/tr>\n<tr>\n<td data-sheets-value=\"{&quot;1&quot;:2,&quot;2&quot;:&quot;carma&quot;}\">carma<\/td>\n<td data-sheets-value=\"{&quot;1&quot;:2,&quot;2&quot;:&quot;weapon&quot;}\">weapon<\/td>\n<td data-sheets-value=\"{&quot;1&quot;:2,&quot;2&quot;:&quot;fegyver&quot;}\">fegyver<\/td>\n<\/tr>\n<\/tbody>\n<\/table>\n<div class=\"mceTemp\"><\/div>\n<h2><span class=\"ez-toc-section\" id=\"A_fekete_beszed_%E2%80%93_Szauron_szolgainak_aljas_nyelve\"><\/span>A fekete besz\u00e9d \u2013 Szauron szolg\u00e1inak aljas nyelve<span class=\"ez-toc-section-end\"><\/span><\/h2>\n<p>Most menj\u00fcnk \u00e1t a nyelvi spektrum m\u00e1sik oldal\u00e1ra, \u00e9s vizsg\u00e1ljuk meg a fekete besz\u00e9det vagy a mordori fekete besz\u00e9det.<\/p>\n<h3><span class=\"ez-toc-section\" id=\"Mi_az_a_fekete_beszed\"><\/span>Mi az a fekete besz\u00e9d?<span class=\"ez-toc-section-end\"><\/span><\/h3>\n<p>Tolkien kijelentette, hogy K\u00f6z\u00e9pf\u00f6lde birodalm\u00e1ban ezt a nyelvet Szauron hozta l\u00e9tre, hogy kommunik\u00e1ci\u00f3s eszk\u00f6zk\u00e9nt szolg\u00e1ljon minden szolg\u00e1j\u00e1val. Azt is szerette volna, hogy ez legyen az \u00e1ltala uralt orsz\u00e1gok hivatalos nyelve. Mi t\u00f6bb, a fekete besz\u00e9d a <a href=\"https:\/\/vasco-electronics.hu\/cikkek\/nyelvek\/kozepfolde-nyelvei-sindarin-khuzdul-es-westron\/\">khuzdul<\/a> \u2013 a t\u00f6rp\u00e9k nyelv\u00e9nek \u2013 ellenp\u00e1rhuzama volt. A mordori fekete besz\u00e9dnek k\u00e9t form\u00e1ja van: a &#8222;tiszta&#8221; Szauron, a Nazg\u00fbl (a Gy\u0171r\u0171lid\u00e9rcek) \u00e9s az Olog-hai (m\u00e1s sz\u00f3val a trollok), valamint a katon\u00e1k \u00e9s az orkok \u00e1ltal haszn\u00e1lt &#8222;leal\u00e1zott&#8221; forma. a Barad-d\u00fbr. Az orkoknak tulajdonk\u00e9ppen saj\u00e1t nyelv\u00fck volt. Sok nyelv kever\u00e9ke volt, bele\u00e9rtve a fekete besz\u00e9det is. A harmadik kor v\u00e9g\u00e9n (vagyis A Gy\u0171r\u0171k Ura idej\u00e9n) azonban kiz\u00e1r\u00f3lag Westronban kommunik\u00e1ltak \u2013 K\u00f6z\u00e9pf\u00f6lde \u00e1ltal\u00e1nos besz\u00e9d\u00e9n, ami egyszer\u0171en angol.<\/p>\n<h3><span class=\"ez-toc-section\" id=\"Valos_parhuzamok\"><\/span>Val\u00f3s p\u00e1rhuzamok<span class=\"ez-toc-section-end\"><\/span><\/h3>\n<p>K\u00f6z\u00e9pf\u00f6ld\u00e9n k\u00edv\u00fcl a mordori fekete besz\u00e9det \u00c9szak-Mezopot\u00e1mia hurri nyelv\u00e9hez hasonl\u00edtott\u00e1k. Tolkien agglutinat\u00edv nyelvk\u00e9nt is le\u00edrta \u2013 olyan besz\u00e9dt\u00edpusk\u00e9nt, amelyben a szavak k\u00fcl\u00f6n\u00e1ll\u00f3 morf\u00e9m\u00e1kb\u00f3l \u00e1llnak, \u00e9s mindegyik morf\u00e9ma egyetlen jelent\u00e9st k\u00e9pvisel. Ilyen nyelv p\u00e9ld\u00e1ul a t\u00f6r\u00f6k.<\/p>\n<h3><span class=\"ez-toc-section\" id=\"Az_Egy_gyuru_felirat\"><\/span>Az Egy gy\u0171r\u0171 felirat<span class=\"ez-toc-section-end\"><\/span><\/h3>\n<p>Sajnos a fekete besz\u00e9d Tolkien egyik legkev\u00e9sb\u00e9 fejlett nyelve volt. Verseket \u00e9s k\u00f6nyveket sem \u00edrt bele, \u00edgy kev\u00e9s a vizsg\u00e1lhat\u00f3 anyag. Egy sz\u00f6veg azonban k\u00fcl\u00f6n\u00f6sen hasznos, \u00e9s t\u00f6k\u00e9letesen le\u00edrja a fekete besz\u00e9d term\u00e9szet\u00e9t \u2013 az Egy Gy\u0171r\u0171 h\u00edres felirata:<\/p>\n<p style=\"text-align: center;\"><em>Ash nazg durbatul\u00fbk, ash nazg gimbatul,<\/em><\/p>\n<p style=\"text-align: center;\"><em>hamu nazg thrakatul\u00fbk agh burzum-ishi krimpatul. <\/em>(J.R.R. Tolkien)<\/p>\n<p>ami \u00edgy ford\u00edthat\u00f3:<\/p>\n<p style=\"text-align: center;\"><em>Egy Gy\u0171r\u0171, hogy uralja \u0151ket, Egy Gy\u0171r\u0171, hogy megtal\u00e1lja \u0151ket, Egy Gy\u0171r\u0171, hogy elhozza \u0151ket, \u00e9s a s\u00f6t\u00e9tben megk\u00f6sse \u0151ket.<\/em><\/p>\n<p>A fenti felirat val\u00f3j\u00e1ban teljes eg\u00e9sz\u00e9ben elhangzott <em>A Gy\u0171r\u0171 Sz\u00f6vets\u00e9ge<\/em> c\u00edm\u0171 filmben. Az Elrond Tan\u00e1csa alatti kiterjesztett jelenetben t\u00f6rt\u00e9nt, amikor Gandalf elkezdte kit\u00f6rni a Fekete Besz\u00e9det, figyelmeztet\u00e9s\u00fcl Boromirnak, aki a Gy\u0171r\u0171t a maga jav\u00e1ra akarta haszn\u00e1lni. \u00cdme egy pillanatk\u00e9p a filmb\u0151l: \u00a0A jelenet megfelel a Gy\u0171r\u0171k Ura k\u00f6nyv k\u00f6vetkez\u0151 r\u00e9szlet\u00e9nek: <em>A var\u00e1zsl\u00f3 hangj\u00e1nak v\u00e1ltoz\u00e1sa elk\u00e9peszt\u0151 volt. Hirtelen fenyeget\u0151v\u00e9, er\u0151teljess\u00e9, durv\u00e1v\u00e1 v\u00e1lt, mint a k\u0151. \u00c1rny\u00e9k vonult \u00e1t a magasban l\u00e9v\u0151 nap felett, \u00e9s a veranda egy pillanatra els\u00f6t\u00e9t\u00fclt. Mindenki remegett, \u00e9s a t\u00fcnd\u00e9k becsukt\u00e1k a f\u00fcl\u00fcket. <\/em>A Gy\u0171r\u0171k Ura, J.R.R. Tolkien, 1954.<\/p>\n<p><img decoding=\"async\" class=\"alignnone size-full wp-image-2871\" src=\"https:\/\/vasco-electronics.hu\/cikkek\/wp-content\/uploads\/2023\/03\/Blog_2026_Quenya_04.jpg\" alt=\"Mordor\" width=\"1200\" height=\"700\" srcset=\"https:\/\/vasco-electronics.hu\/cikkek\/wp-content\/uploads\/2023\/03\/Blog_2026_Quenya_04.jpg 1200w, https:\/\/vasco-electronics.hu\/cikkek\/wp-content\/uploads\/2023\/03\/Blog_2026_Quenya_04-980x572.jpg 980w, https:\/\/vasco-electronics.hu\/cikkek\/wp-content\/uploads\/2023\/03\/Blog_2026_Quenya_04-480x280.jpg 480w\" sizes=\"(min-width: 0px) and (max-width: 480px) 480px, (min-width: 481px) and (max-width: 980px) 980px, (min-width: 981px) 1200px, 100vw\" \/><\/p>\n<h3><span class=\"ez-toc-section\" id=\"A_fekete_beszed_karaktere\"><\/span>A fekete besz\u00e9d karaktere<span class=\"ez-toc-section-end\"><\/span><\/h3>\n<p>Peter Jackson filmj\u00e9nek jelenet\u00e9vel egy\u00fctt a k\u00f6nyv fenti r\u00e9szlete el\u00e9g sokat elmond a fekete besz\u00e9d term\u00e9szet\u00e9r\u0151l. Durva hangz\u00e1s\u00fa volt, teljesen fenyeget\u0151en hangzott, \u00e9s fejf\u00e1j\u00e1sra eml\u00e9keztetett valamit. Ennek kimond\u00e1s\u00e1t ez\u00e9rt aljas var\u00e1zslatok sz\u00f3r\u00e1s\u00e1nak vagy egyszer\u0171en \u00e1tokszavak kimond\u00e1s\u00e1nak tekintett\u00e9k. Tolkien azt akarta, hogy a fekete besz\u00e9d nagym\u00e9rt\u00e9kben k\u00fcl\u00f6nb\u00f6zik az elf nyelvekt\u0151l. Torkos besz\u00e9dnek sz\u00e1nt\u00e1k, a hangok egy\u00e9rtelm\u0171 dominanci\u00e1j\u00e1val, p\u00e9ld\u00e1ul sh, gh, zg. Ez a gonosz nyelv azonban t\u00f6bb volt, mint cs\u00fanya zajok puszta gy\u0171jtem\u00e9nye.<\/p>\n<h3><span class=\"ez-toc-section\" id=\"Hogyan_beszeljunk_fekete_beszeddel\"><\/span>Hogyan besz\u00e9lj\u00fcnk fekete besz\u00e9ddel?<span class=\"ez-toc-section-end\"><\/span><\/h3>\n<p>Sajnos nincs sok megb\u00edzhat\u00f3 forr\u00e1s, amely v\u00e1laszt adna erre a k\u00e9rd\u00e9sre. Ihletet mer\u00edthet\u00fcnk azonban David Salo nyelv\u00e9szt\u0151l, aki Peter Jacksonnal dolgozott egy\u00fctt. Van m\u00e9g egy sz\u00f6vegr\u00e9szlet a Gy\u0171r\u0171k Ura univerzum fekete besz\u00e9d\u00e9ben. Salo tal\u00e1lta ki az al\u00e1bbi sz\u00f6vegsort a Gy\u0171r\u0171 felirat szavainak \u00f6sszevon\u00e1s\u00e1val:<\/p>\n<p style=\"text-align: center;\"><em>G\u00fb k\u00eebum kelkum-ishi, burzum-ishi. Akha g\u00fbm-ishi ashi gurum.<\/em><\/p>\n<p>ami \u00edgy ford\u00edthat\u00f3:<\/p>\n<p style=\"text-align: center;\"><em>Nincs \u00e9let hidegben, s\u00f6t\u00e9tben. Itt az \u00fcress\u00e9g, csak a hal\u00e1l.<\/em><\/p>\n<p>A fekete besz\u00e9d teh\u00e1t hat\u00e1rozottan t\u00f6bb, mint egy nyelv, amelyet kiz\u00e1r\u00f3lag azzal a c\u00e9llal hoztak l\u00e9tre, hogy gonosznak hangozzon. Vegy\u00fck p\u00e9ld\u00e1ul a <em>Nazg\u00fbl <\/em>sz\u00f3t. A fekete besz\u00e9dben a <em>nazg <\/em>morf\u00e9ma gy\u0171r\u0171t, a <em>g\u00fbl morf\u00e9ma<\/em> pedig lid\u00e9rcet jelent.<\/p>\n<h3><span class=\"ez-toc-section\" id=\"Ime_nehany_tovabbi_szokincs_a_fekete_beszedrol\"><\/span>\u00cdme n\u00e9h\u00e1ny tov\u00e1bbi sz\u00f3kincs a fekete besz\u00e9dr\u0151l<span class=\"ez-toc-section-end\"><\/span><\/h3>\n<p>Az al\u00e1bbi t\u00e1bl\u00e1zatban tov\u00e1bbi p\u00e9ld\u00e1kat tal\u00e1lhat a fekete besz\u00e9dre:<\/p>\n<table dir=\"ltr\" border=\"1\" cellspacing=\"0\" cellpadding=\"0\">\n<colgroup>\n<col width=\"100\" \/>\n<col width=\"100\" \/>\n<col width=\"149\" \/><\/colgroup>\n<tbody>\n<tr>\n<td data-sheets-value=\"{&quot;1&quot;:2,&quot;2&quot;:&quot;Black Speech&quot;}\">\n<h4>Black Speech<\/h4>\n<\/td>\n<td data-sheets-value=\"{&quot;1&quot;:2,&quot;2&quot;:&quot;English&quot;}\">\n<h4>English<\/h4>\n<\/td>\n<td data-sheets-value=\"{&quot;1&quot;:2,&quot;2&quot;:&quot;Magyar&quot;}\">\n<h4>Magyar<\/h4>\n<\/td>\n<\/tr>\n<tr>\n<td data-sheets-value=\"{&quot;1&quot;:2,&quot;2&quot;:&quot;agh&quot;}\">agh<\/td>\n<td data-sheets-value=\"{&quot;1&quot;:2,&quot;2&quot;:&quot;and&quot;}\">and<\/td>\n<td data-sheets-value=\"{&quot;1&quot;:2,&quot;2&quot;:&quot;\u00e9s&quot;}\">\u00e9s<\/td>\n<\/tr>\n<tr>\n<td data-sheets-value=\"{&quot;1&quot;:2,&quot;2&quot;:&quot;burzum&quot;}\">burzum<\/td>\n<td data-sheets-value=\"{&quot;1&quot;:2,&quot;2&quot;:&quot;darkness&quot;}\">darkness<\/td>\n<td data-sheets-value=\"{&quot;1&quot;:2,&quot;2&quot;:&quot;s\u00f6t\u00e9ts\u00e9g&quot;}\">s\u00f6t\u00e9ts\u00e9g<\/td>\n<\/tr>\n<tr>\n<td data-sheets-value=\"{&quot;1&quot;:2,&quot;2&quot;:&quot;durub&quot;}\">durub<\/td>\n<td data-sheets-value=\"{&quot;1&quot;:2,&quot;2&quot;:&quot;a ruler&quot;}\">a ruler<\/td>\n<td data-sheets-value=\"{&quot;1&quot;:2,&quot;2&quot;:&quot;szab\u00e1lyz\u00f3&quot;}\">szab\u00e1lyz\u00f3<\/td>\n<\/tr>\n<tr>\n<td data-sheets-value=\"{&quot;1&quot;:2,&quot;2&quot;:&quot;gazat&quot;}\">gazat<\/td>\n<td data-sheets-value=\"{&quot;1&quot;:2,&quot;2&quot;:&quot;a dwarf&quot;}\">a dwarf<\/td>\n<td data-sheets-value=\"{&quot;1&quot;:2,&quot;2&quot;:&quot;egy t\u00f6rpe&quot;}\">egy t\u00f6rpe<\/td>\n<\/tr>\n<tr>\n<td data-sheets-value=\"{&quot;1&quot;:2,&quot;2&quot;:&quot;krimp-&quot;}\">krimp-<\/td>\n<td data-sheets-value=\"{&quot;1&quot;:2,&quot;2&quot;:&quot;to bind&quot;}\">to bind<\/td>\n<td data-sheets-value=\"{&quot;1&quot;:2,&quot;2&quot;:&quot;k\u00f6tni&quot;}\">k\u00f6tni<\/td>\n<\/tr>\n<tr>\n<td data-sheets-value=\"{&quot;1&quot;:2,&quot;2&quot;:&quot;lug&quot;}\">lug<\/td>\n<td data-sheets-value=\"{&quot;1&quot;:2,&quot;2&quot;:&quot;a tower&quot;}\">a tower<\/td>\n<td data-sheets-value=\"{&quot;1&quot;:2,&quot;2&quot;:&quot;egy torony&quot;}\">egy torony<\/td>\n<\/tr>\n<tr>\n<td data-sheets-value=\"{&quot;1&quot;:2,&quot;2&quot;:&quot;mog&quot;}\">mog<\/td>\n<td data-sheets-value=\"{&quot;1&quot;:2,&quot;2&quot;:&quot;voice&quot;}\">voice<\/td>\n<td data-sheets-value=\"{&quot;1&quot;:2,&quot;2&quot;:&quot;hang&quot;}\">hang<\/td>\n<\/tr>\n<tr>\n<td data-sheets-value=\"{&quot;1&quot;:2,&quot;2&quot;:&quot;Nazguul&quot;}\">Nazguul<\/td>\n<td data-sheets-value=\"{&quot;1&quot;:2,&quot;2&quot;:&quot;a wraith&quot;}\">a wraith<\/td>\n<td data-sheets-value=\"{&quot;1&quot;:2,&quot;2&quot;:&quot;egy lid\u00e9rc&quot;}\">egy lid\u00e9rc<\/td>\n<\/tr>\n<tr>\n<td data-sheets-value=\"{&quot;1&quot;:2,&quot;2&quot;:&quot;nuut&quot;}\">nuut<\/td>\n<td data-sheets-value=\"{&quot;1&quot;:2,&quot;2&quot;:&quot;sky&quot;}\">sky<\/td>\n<td data-sheets-value=\"{&quot;1&quot;:2,&quot;2&quot;:&quot;\u00e9g&quot;}\">\u00e9g<\/td>\n<\/tr>\n<tr>\n<td data-sheets-value=\"{&quot;1&quot;:2,&quot;2&quot;:&quot;prakh-&quot;}\">prakh-<\/td>\n<td data-sheets-value=\"{&quot;1&quot;:2,&quot;2&quot;:&quot;to lure&quot;}\">to lure<\/td>\n<td data-sheets-value=\"{&quot;1&quot;:2,&quot;2&quot;:&quot;cs\u00e1b\u00edtani&quot;}\">cs\u00e1b\u00edtani<\/td>\n<\/tr>\n<\/tbody>\n<\/table>\n<h2><span class=\"ez-toc-section\" id=\"Mas_nepszeru_kitalalt_nyelvek\"><\/span>M\u00e1s n\u00e9pszer\u0171 kital\u00e1lt nyelvek<span class=\"ez-toc-section-end\"><\/span><\/h2>\n<p>K\u00e9ts\u00e9gtelen, hogy Tolkien a feltal\u00e1lt nyelvek keresztapja. A r\u00e9szletekre val\u00f3 odafigyel\u00e9se \u00e9s a nyelvi alkot\u00e1sok min\u00e9l hitelesebb\u00e9 t\u00e9tel\u00e9re val\u00f3 \u00f6sszpontos\u00edt\u00e1sa sok alkot\u00f3t inspir\u00e1lt. Vess\u00fcnk most egy pillant\u00e1st a popul\u00e1ris kult\u00far\u00e1ban jelen l\u00e9v\u0151 m\u00e1s kital\u00e1lt nyelvekre.<\/p>\n<h3><span class=\"ez-toc-section\" id=\"Klingon\"><\/span>Klingon<span class=\"ez-toc-section-end\"><\/span><\/h3>\n<p>Az egyik legn\u00e9pszer\u0171bb \u00e9s leg\u00e9rettebb nyelv, amelyet K\u00f6z\u00e9pf\u00f6lde birodalm\u00e1n k\u00edv\u00fcl besz\u00e9lnek, a <strong>Klingon<\/strong>. Marc Okrand k\u00e9sz\u00edtette \u2013 egy amerikai nyelv\u00e9sz, aki a 80-as \u00e9vekben a Paramount Pictures-szel dolgozott. A nyelv olyan nagy n\u00e9pszer\u0171s\u00e9gre tett szert, hogy a rajong\u00f3k h\u00e1zass\u00e1gi szertart\u00e1sokat vezettek, dalokat \u00edrtak, \u00e9s val\u00f3s irodalmat adapt\u00e1ltak klingon nyelven.<\/p>\n<h3><span class=\"ez-toc-section\" id=\"Dothraki\"><\/span>Dothraki<span class=\"ez-toc-section-end\"><\/span><\/h3>\n<p>Egy m\u00e1sik n\u00e9pszer\u0171 kital\u00e1lt nyelv a <strong>Dothraki <\/strong>a Tr\u00f3nok harca t\u00e9v\u00e9sorozatb\u00f3l. A Dothraki t\u00f6rzset George R. R. Martin A Song of Ice and Fire c\u00edm\u0171 m\u0171v\u00e9ben alap\u00edtotta. A k\u00f6nyv m\u00e1r tartalmazott n\u00e9h\u00e1ny sz\u00f3t az \u0151 nyelv\u00fck\u00f6n. K\u00e9s\u0151bb azonban az HBO t\u00e9v\u00e9sorozatban fejlesztett\u00e9k ki a nyelvet. Mivel a t\u00f6rzs nom\u00e1d volt \u00e9s sokat utazott, a nyelvnek a lovakkal \u00e9s a lovagl\u00e1ssal val\u00f3 szoros kapcsolat\u00e1t kellett t\u00fckr\u00f6znie.<\/p>\n<h3><span class=\"ez-toc-section\" id=\"Navi\"><\/span>Na\u2019vi<span class=\"ez-toc-section-end\"><\/span><\/h3>\n<p>V\u00e9g\u00fcl, de nem utols\u00f3sorban besz\u00e9lj\u00fcnk az Avatar <strong>Na\u2019vi<\/strong>-j\u00e1r\u00f3l. Paul Frommer, egy nyelv\u00e9sz, aki James Cameronnal dolgozott, kiterjedt sz\u00f3kincset k\u00e9sz\u00edtett ehhez a nyelvhez, hogy a na&#8217;vi faj egy teljesen kidolgozott fogalom legyen. A 2009-es kasszasiker rajong\u00f3i Frommerrel egy\u00fctt gyorsan l\u00e9trehoztak egy nyelvi k\u00f6z\u00f6ss\u00e9get, hogy tov\u00e1bbfejlessz\u00e9k ezt a kital\u00e1lt nyelvet.<\/p>\n<h2><span class=\"ez-toc-section\" id=\"Quenya_nyelv_es_Mordor_fekete_beszede_%E2%80%93_osszefoglalo\"><\/span>Quenya nyelv \u00e9s Mordor fekete besz\u00e9de \u2013 \u00f6sszefoglal\u00f3<span class=\"ez-toc-section-end\"><\/span><\/h2>\n<p>Annak ellen\u00e9re, hogy A Gy\u0171r\u0171k Ura t\u00f6bb mint f\u00e9l \u00e9vsz\u00e1zaddal ezel\u0151tt jelent meg, J.R.R. Tolkien m\u00e9g mindig ugyanolyan n\u00e9pszer\u0171, mint \u00e9vekkel ezel\u0151tt, tal\u00e1n most m\u00e9g ink\u00e1bb. Peter Jackson k\u00f6nyvadapt\u00e1ci\u00f3j\u00e1ban nem t\u00fal gyakran hallhattuk Tolkien nyelvezet\u00e9t, de szerencs\u00e9re sok anyag tal\u00e1lhat\u00f3 a k\u00f6z\u00e9pf\u00f6ldi besz\u00e9dekr\u0151l, amelyeket maga a szerz\u0151 \u00edrt. Ha val\u00f3ban t\u00f6bbet szeretne megtudni minderr\u0151l, meg\u00e9rten\u00e9 a Quenya nyelvet \u00e9s a fekete besz\u00e9dr\u0151l is t\u00f6bbet olvasna, a legjobb, ha a Gy\u0171r\u0171k Ura k\u00f6nyv tov\u00e1bbi fejezeteihez fordul \u2013 ezek adj\u00e1k a leg\u00e9rt\u00e9kesebb inform\u00e1ci\u00f3kat Tolkien nyelveir\u0151l, hiszen bevallottan a legszebb nyelv l\u00e9trehoz\u00e1s\u00e1val k\u00eds\u00e9rletezett. Ha pedig szenved\u00e9lyed van a nyelvtanul\u00e1s ir\u00e1nt, de nem felt\u00e9tlen\u00fcl id\u0151d \u00e9s motiv\u00e1ci\u00f3d, mindenk\u00e9pp l\u00e1togass el \u00fczlet\u00fcnkbe. Leg\u00fajabb \u00f6n\u00e1ll\u00f3 eszk\u00f6z\u00fcnkkel, a Vasco Translator V4 <a href=\"https:\/\/vasco-electronics.hu\/funkciok\/fotofordito\"><strong>sz\u00f6vegford\u00edt\u00f3 kamera<\/strong><\/a> 108 nyelvet tarthat a zseb\u00e9ben! Tal\u00e1n egyszer m\u00e9g Quenya nyelv \u00e9s a Mordor fekete besz\u00e9de is&#8230;<\/p>\n<h3 style=\"margin-top: 40px; border-top: solid lightgray 1px; padding-top: 10px;\">Di\u00f3h\u00e9jban:<\/h3>\n<p style=\"text-align: start;\">A quenya egy t\u00fcnde nyelv, amely kiemelked\u0151en szerepelt olyan m\u0171vekben, mint a Gy\u0171r\u0171k Ura \u00e9s a Silmarillion. El\u0151sz\u00f6r Eldar, a Valinorba vonul\u00f3 elfek fejlesztett\u00e9k ki, majd Valar saj\u00e1t nyelv\u00fckk\u00e9 alak\u00edtotta \u00e1t. A m\u00e1sodik korban a queny\u00e1t a n\u00famenori f\u00e9rfiak besz\u00e9lt\u00e9k. Gondor \u00e9s Arnor f\u00e9rfiai is haszn\u00e1lt\u00e1k kir\u00e1lyaik \u00e9s kir\u00e1lyn\u0151ik elnevez\u00e9s\u00e9re. A Mordor Fekete Besz\u00e9det Szauron hozta l\u00e9tre, hogy kommunik\u00e1ci\u00f3s eszk\u00f6zk\u00e9nt szolg\u00e1ljon minden szolg\u00e1j\u00e1val. Ez az \u00e1ltala uralt orsz\u00e1gok hivatalos nyelve is volt. A fekete besz\u00e9det \u00c9szak-Mezopot\u00e1mia hurri nyelv\u00e9hez hasonl\u00edtott\u00e1k.<\/p>\n","protected":false},"excerpt":{"rendered":"<p>A Gy\u0171r\u0171k Ura se nem k\u00f6nyv, se nem film. Ez egy kultur\u00e1lis jelens\u00e9g, \u00e9s a 20. sz\u00e1zad egyik legnagyobb irodalmi v\u00edvm\u00e1nya. A J. R. R. Tolkien \u00e1ltal l\u00e9trehozott fikt\u00edv vil\u00e1g, K\u00f6z\u00e9pf\u00f6lde hat\u00e1sa imm\u00e1r k\u00f6zel egy \u00e9vsz\u00e1zada visszhangzik a popul\u00e1ris kult\u00far\u00e1ban. A Gy\u0171r\u0171k Ura a popul\u00e1ris zen\u00e9ben A Gy\u0171r\u0171k Ura \u00e9s a Hobbit is k\u00fcl\u00f6nb\u00f6z\u0151 m\u0171v\u00e9szeket [&hellip;]<\/p>\n","protected":false},"author":9,"featured_media":2848,"comment_status":"closed","ping_status":"closed","sticky":false,"template":"","format":"standard","meta":{"_et_pb_use_builder":"","_et_pb_old_content":"","_et_gb_content_width":"","_FSMCFIC_featured_image_caption":"","_FSMCFIC_featured_image_nocaption":"","_FSMCFIC_featured_image_hide":"","footnotes":""},"categories":[22],"tags":[29],"class_list":["post-1090","post","type-post","status-publish","format-standard","has-post-thumbnail","hentry","category-nyelvek","tag-r-faber"],"_links":{"self":[{"href":"https:\/\/vasco-electronics.hu\/cikkek\/wp-json\/wp\/v2\/posts\/1090","targetHints":{"allow":["GET"]}}],"collection":[{"href":"https:\/\/vasco-electronics.hu\/cikkek\/wp-json\/wp\/v2\/posts"}],"about":[{"href":"https:\/\/vasco-electronics.hu\/cikkek\/wp-json\/wp\/v2\/types\/post"}],"author":[{"embeddable":true,"href":"https:\/\/vasco-electronics.hu\/cikkek\/wp-json\/wp\/v2\/users\/9"}],"replies":[{"embeddable":true,"href":"https:\/\/vasco-electronics.hu\/cikkek\/wp-json\/wp\/v2\/comments?post=1090"}],"version-history":[{"count":20,"href":"https:\/\/vasco-electronics.hu\/cikkek\/wp-json\/wp\/v2\/posts\/1090\/revisions"}],"predecessor-version":[{"id":2874,"href":"https:\/\/vasco-electronics.hu\/cikkek\/wp-json\/wp\/v2\/posts\/1090\/revisions\/2874"}],"wp:featuredmedia":[{"embeddable":true,"href":"https:\/\/vasco-electronics.hu\/cikkek\/wp-json\/wp\/v2\/media\/2848"}],"wp:attachment":[{"href":"https:\/\/vasco-electronics.hu\/cikkek\/wp-json\/wp\/v2\/media?parent=1090"}],"wp:term":[{"taxonomy":"category","embeddable":true,"href":"https:\/\/vasco-electronics.hu\/cikkek\/wp-json\/wp\/v2\/categories?post=1090"},{"taxonomy":"post_tag","embeddable":true,"href":"https:\/\/vasco-electronics.hu\/cikkek\/wp-json\/wp\/v2\/tags?post=1090"}],"curies":[{"name":"wp","href":"https:\/\/api.w.org\/{rel}","templated":true}]}}