{"id":1092,"date":"2023-02-22T17:23:36","date_gmt":"2023-02-22T16:23:36","guid":{"rendered":"https:\/\/vasco-electronics.hu\/cikkek\/?p=1092"},"modified":"2025-02-12T10:41:27","modified_gmt":"2025-02-12T09:41:27","slug":"tolkien-nyelvek-kozepfolde-nyelvei","status":"publish","type":"post","link":"https:\/\/vasco-electronics.hu\/cikkek\/nyelvek\/tolkien-nyelvek-kozepfolde-nyelvei\/","title":{"rendered":"Tolkien nyelvek &#8211; K\u00f6z\u00e9pf\u00f6lde nyelvei"},"content":{"rendered":"<p><span style=\"font-weight: 400;\">Szeret kital\u00e1lt nyelveket tanulni? A klingon sz\u00f3kincs\u00e9t, a dothraki kiejt\u00e9s\u00e9t vagy a na\u2019vi nyelvtan\u00e1t tanuln\u00e1 meg?<\/span><\/p><div id=\"ez-toc-container\" class=\"ez-toc-v2_0_82_2 counter-hierarchy ez-toc-counter ez-toc-grey ez-toc-container-direction\">\n<p class=\"ez-toc-title\" style=\"cursor:inherit\">Tartalomjegyz\u00e9k:<\/p>\n<label for=\"ez-toc-cssicon-toggle-item-69f1246a84b22\" class=\"ez-toc-cssicon-toggle-label\"><span class=\"ez-toc-cssicon\"><span class=\"eztoc-hide\" style=\"display:none;\">Toggle<\/span><span class=\"ez-toc-icon-toggle-span\"><svg style=\"fill: #999;color:#999\" xmlns=\"http:\/\/www.w3.org\/2000\/svg\" class=\"list-377408\" width=\"20px\" height=\"20px\" viewBox=\"0 0 24 24\" fill=\"none\"><path d=\"M6 6H4v2h2V6zm14 0H8v2h12V6zM4 11h2v2H4v-2zm16 0H8v2h12v-2zM4 16h2v2H4v-2zm16 0H8v2h12v-2z\" fill=\"currentColor\"><\/path><\/svg><svg style=\"fill: #999;color:#999\" class=\"arrow-unsorted-368013\" xmlns=\"http:\/\/www.w3.org\/2000\/svg\" width=\"10px\" height=\"10px\" viewBox=\"0 0 24 24\" version=\"1.2\" baseProfile=\"tiny\"><path d=\"M18.2 9.3l-6.2-6.3-6.2 6.3c-.2.2-.3.4-.3.7s.1.5.3.7c.2.2.4.3.7.3h11c.3 0 .5-.1.7-.3.2-.2.3-.5.3-.7s-.1-.5-.3-.7zM5.8 14.7l6.2 6.3 6.2-6.3c.2-.2.3-.5.3-.7s-.1-.5-.3-.7c-.2-.2-.4-.3-.7-.3h-11c-.3 0-.5.1-.7.3-.2.2-.3.5-.3.7s.1.5.3.7z\"\/><\/svg><\/span><\/span><\/label><input type=\"checkbox\" style='display:none' id=\"ez-toc-cssicon-toggle-item-69f1246a84b22\"  aria-label=\"Toggle\" \/><nav><ul class='ez-toc-list ez-toc-list-level-1 ' ><ul class='ez-toc-list-level-3' ><li class='ez-toc-heading-level-3'><a class=\"ez-toc-link ez-toc-heading-1\" href=\"https:\/\/vasco-electronics.hu\/cikkek\/nyelvek\/tolkien-nyelvek-kozepfolde-nyelvei\/#FAQ\" >FAQ:<\/a><\/li><li class='ez-toc-page-1 ez-toc-heading-level-3'><a class=\"ez-toc-link ez-toc-heading-2\" href=\"https:\/\/vasco-electronics.hu\/cikkek\/nyelvek\/tolkien-nyelvek-kozepfolde-nyelvei\/#Ime_a_kerdesek_amelyekre_megprobalunk_valaszt_adni_a_Tolkien_nyelvek_kapcsan\" >\u00cdme a k\u00e9rd\u00e9sek, amelyekre megpr\u00f3b\u00e1lunk v\u00e1laszt adni a Tolkien nyelvek kapcs\u00e1n:<\/a><\/li><\/ul><\/li><li class='ez-toc-page-1 ez-toc-heading-level-2'><a class=\"ez-toc-link ez-toc-heading-3\" href=\"https:\/\/vasco-electronics.hu\/cikkek\/nyelvek\/tolkien-nyelvek-kozepfolde-nyelvei\/#Eloszor_is_tisztazzunk_valamit%E2%80%A6\" >El\u0151sz\u00f6r is tiszt\u00e1zzunk valamit\u2026<\/a><ul class='ez-toc-list-level-3' ><li class='ez-toc-heading-level-3'><a class=\"ez-toc-link ez-toc-heading-4\" href=\"https:\/\/vasco-electronics.hu\/cikkek\/nyelvek\/tolkien-nyelvek-kozepfolde-nyelvei\/#Quenya_%E2%80%93_A_magas_manok_beszede\" >Quenya \u2013 A magas man\u00f3k besz\u00e9de<\/a><\/li><li class='ez-toc-page-1 ez-toc-heading-level-3'><a class=\"ez-toc-link ez-toc-heading-5\" href=\"https:\/\/vasco-electronics.hu\/cikkek\/nyelvek\/tolkien-nyelvek-kozepfolde-nyelvei\/#Quenya\" >Quenya<\/a><\/li><li class='ez-toc-page-1 ez-toc-heading-level-3'><a class=\"ez-toc-link ez-toc-heading-6\" href=\"https:\/\/vasco-electronics.hu\/cikkek\/nyelvek\/tolkien-nyelvek-kozepfolde-nyelvei\/#English\" >English<\/a><\/li><li class='ez-toc-page-1 ez-toc-heading-level-3'><a class=\"ez-toc-link ez-toc-heading-7\" href=\"https:\/\/vasco-electronics.hu\/cikkek\/nyelvek\/tolkien-nyelvek-kozepfolde-nyelvei\/#Magyar\" >Magyar<\/a><\/li><li class='ez-toc-page-1 ez-toc-heading-level-3'><a class=\"ez-toc-link ez-toc-heading-8\" href=\"https:\/\/vasco-electronics.hu\/cikkek\/nyelvek\/tolkien-nyelvek-kozepfolde-nyelvei\/#Sindarin_%E2%80%93_A_szurke_elfek_nyelve\" >Sindarin \u2013 A sz\u00fcrke elfek nyelve<\/a><\/li><li class='ez-toc-page-1 ez-toc-heading-level-3'><a class=\"ez-toc-link ez-toc-heading-9\" href=\"https:\/\/vasco-electronics.hu\/cikkek\/nyelvek\/tolkien-nyelvek-kozepfolde-nyelvei\/#Telerin_%E2%80%93_Kozepfolde_egyik_legregebbi_nyelve\" >Telerin \u2013 K\u00f6z\u00e9pf\u00f6lde egyik legr\u00e9gebbi nyelve<\/a><\/li><li class='ez-toc-page-1 ez-toc-heading-level-3'><a class=\"ez-toc-link ez-toc-heading-10\" href=\"https:\/\/vasco-electronics.hu\/cikkek\/nyelvek\/tolkien-nyelvek-kozepfolde-nyelvei\/#Avarin_%E2%80%93_osi_tunde_nyelvek_csoportja\" >Avarin \u2013 \u0151si t\u00fcnde nyelvek csoportja<\/a><\/li><li class='ez-toc-page-1 ez-toc-heading-level-3'><a class=\"ez-toc-link ez-toc-heading-11\" href=\"https:\/\/vasco-electronics.hu\/cikkek\/nyelvek\/tolkien-nyelvek-kozepfolde-nyelvei\/#Nandorin_%E2%80%93_a_Nagy_Utazasbol_kiszakadt_tundek_nyelve\" >Nandorin \u2013 a Nagy Utaz\u00e1sb\u00f3l kiszakadt t\u00fcnd\u00e9k nyelve<\/a><\/li><li class='ez-toc-page-1 ez-toc-heading-level-3'><a class=\"ez-toc-link ez-toc-heading-12\" href=\"https:\/\/vasco-electronics.hu\/cikkek\/nyelvek\/tolkien-nyelvek-kozepfolde-nyelvei\/#Eldarin_%E2%80%93_az_eldak_nyelve\" >Eldarin \u2013 az eld\u00e1k nyelve<\/a><\/li><li class='ez-toc-page-1 ez-toc-heading-level-3'><a class=\"ez-toc-link ez-toc-heading-13\" href=\"https:\/\/vasco-electronics.hu\/cikkek\/nyelvek\/tolkien-nyelvek-kozepfolde-nyelvei\/#Mordor_fekete_beszede\" >Mordor fekete besz\u00e9de<\/a><\/li><li class='ez-toc-page-1 ez-toc-heading-level-3'><a class=\"ez-toc-link ez-toc-heading-14\" href=\"https:\/\/vasco-electronics.hu\/cikkek\/nyelvek\/tolkien-nyelvek-kozepfolde-nyelvei\/#Khuzdul_vagy_torpe_nyelv\" >Khuzdul vagy t\u00f6rpe nyelv<\/a><\/li><\/ul><\/li><li class='ez-toc-page-1 ez-toc-heading-level-2'><a class=\"ez-toc-link ez-toc-heading-15\" href=\"https:\/\/vasco-electronics.hu\/cikkek\/nyelvek\/tolkien-nyelvek-kozepfolde-nyelvei\/#Westron_vagy_a_Nyugat_egyetemes_nyelve\" >Westron vagy a Nyugat egyetemes nyelve<\/a><\/li><li class='ez-toc-page-1 ez-toc-heading-level-2'><a class=\"ez-toc-link ez-toc-heading-16\" href=\"https:\/\/vasco-electronics.hu\/cikkek\/nyelvek\/tolkien-nyelvek-kozepfolde-nyelvei\/#Milyen_Tolkien_nyelven_tanulhatnak_meg_beszelni_az_olvasok\" >Milyen Tolkien nyelven tanulhatnak meg besz\u00e9lni az olvas\u00f3k?<\/a><ul class='ez-toc-list-level-3' ><li class='ez-toc-heading-level-3'><a class=\"ez-toc-link ez-toc-heading-17\" href=\"https:\/\/vasco-electronics.hu\/cikkek\/nyelvek\/tolkien-nyelvek-kozepfolde-nyelvei\/#Kozepfolde_nyelvei_Osszegzes\" >K\u00f6z\u00e9pf\u00f6lde nyelvei: \u00d6sszegz\u00e9s<\/a><\/li><\/ul><\/li><\/ul><\/nav><\/div>\n\n<p><span style=\"font-weight: 400;\">Nos, akkor tudnia kell, hogy az \u00f6sszes ma ismert kital\u00e1lt nyelvet J.R.R. munk\u00e1ja ihlette. Tolkien, K\u00f6z\u00e9pf\u00f6lde vil\u00e1g\u00e1nak igazi \u00f6tletgazd\u00e1ja.<\/span><\/p>\n<p><span style=\"font-weight: 400;\">Sz\u00f3val, milyen nyelvet tal\u00e1lt ki Tolkien? Vagy tal\u00e1n t\u00f6bbet is?<\/span><\/p>\n<p><span style=\"font-weight: 400;\">Val\u00f3ban, J.R.R. Tolkient \u00e1ltal\u00e1ban a m\u0171v\u00e9szi nyelvek feltal\u00e1l\u00f3j\u00e1nak tartj\u00e1k. Ezeknek a nyelvi konstrukci\u00f3knak ugyanolyan meggy\u0151z\u0151nek kell lenni\u00fck, mint a val\u00f3 vil\u00e1g nyelveinek, ez\u00e9rt \u00e1ltal\u00e1ban megvan a saj\u00e1t sz\u00f3kincs\u00fck, nyelvtanuk \u00e9s t\u00f6rt\u00e9nelm\u00fck.<\/span><\/p>\n<p><span style=\"font-weight: 400;\">\u00c9s m\u00edg Tolkien el\u0151sz\u00f6r kezdett t\u00fcnde nyelveket alkotni (mint p\u00e9ld\u00e1ul a <a href=\"https:\/\/vasco-electronics.hu\/cikkek\/nyelvek\/quenya-mordor-fekete-beszede\/\">quenya<\/a>, a telerin \u00e9s az eldarin), egy emberi nyelvet (<a href=\"https:\/\/vasco-electronics.hu\/cikkek\/nyelvek\/kozepfolde-nyelvei-sindarin-khuzdul-es-westron\/\">westron<\/a>), t\u00f6rpe \u00e9s ork nyelveket is meg kellett alkotnia, hogy beteljes\u00edtse K\u00f6z\u00e9pf\u00f6lde narrat\u00edv\u00e1j\u00e1t. A Tolkien nyelvek nagyon \u00f6sszetett nyelveknek bizonyulnak.<\/span><\/p>\n<p><span style=\"font-weight: 400;\">Mindezeket figyelembe v\u00e9ve elmondhatjuk, hogy a t\u00f6bbi \u00edr\u00f3nak el\u00e9g komoly forr\u00e1sanyaga volt, amikor saj\u00e1t nyelvet alkottak. Ebben a cikkben pedig m\u00e9lyebbre mer\u00fcl\u00fcnk k\u00f6z\u00e9pf\u00f6lde nyelvei t\u00e9m\u00e1j\u00e1ban.<\/span><\/p>\n<div class=\"faq-section\">\n<h3><span class=\"ez-toc-section\" id=\"FAQ\"><\/span>FAQ:<span class=\"ez-toc-section-end\"><\/span><\/h3>\n<h4 class=\"question1\">Tolkien t\u00fcnd\u00e9je igazi nyelv?<\/h4>\n<div class=\"answer1\">Val\u00f3j\u00e1ban egyn\u00e9l t\u00f6bb t\u00fcnde nyelvet hozott l\u00e9tre Tolkien. A legn\u00e9pszer\u0171bbek a <a href=\"https:\/\/vasco-electronics.hu\/cikkek\/nyelvek\/kozepfolde-nyelvei-sindarin-khuzdul-es-westron\/\">sindarin<\/a> \u00e9s a <a href=\"https:\/\/vasco-electronics.hu\/cikkek\/nyelvek\/quenya-mordor-fekete-beszede\/\">quenya<\/a>, amelyek mesters\u00e9gesen l\u00e9trehozott nyelvek. C\u00e9ljuk, hogy gazdag\u00edts\u00e1k K\u00f6z\u00e9pf\u00f6lde kital\u00e1lt vil\u00e1g\u00e1t, \u00e9s val\u00f3s\u00e1gosabb\u00e1 tegy\u00e9k azt.<\/div>\n<h4 class=\"question2\">Mi a f\u0151 nyelv a Gy\u0171r\u0171k Ur\u00e1ban?<\/h4>\n<div class=\"answer2\">A <a href=\"https:\/\/vasco-electronics.hu\/cikkek\/nyelvek\/kozepfolde-nyelvei-sindarin-khuzdul-es-westron\/\">Westron<\/a> a K\u00f6z\u00e9pf\u00f6ld\u00e9n besz\u00e9lt univerz\u00e1lis nyelv. A Tolkien \u00e1ltal l\u00e9trehozott l\u00e9nyek t\u00f6bbs\u00e9ge haszn\u00e1lja, bele\u00e9rtve a hobbitokat \u00e9s a Gondor embereit is.<\/div>\n<h4 class=\"question3\">Milyen nyelven besz\u00e9lnek a telerik?<\/h4>\n<div class=\"answer3\">A teleri nyelv egy t\u00fcnd\u00e9k csoportja, akik nem vettek r\u00e9szt a Nagy Utaz\u00e1sban Amanba.<\/div>\n<h4 class=\"question4\">Mi a t\u00f6rp\u00e9k titkos nyelve?<\/h4>\n<div class=\"answer4\">A t\u00f6rp\u00e9k titkos nyelv\u00e9t Khuzdulnak h\u00edvj\u00e1k. Durva \u00e9s kellemetlen volt, ellent\u00e9tben a t\u00fcnde nyelvekkel, amelyek gyeng\u00e9dek \u00e9s dallamosak voltak.<\/div>\n<h4 class=\"question5\">Hogyan k\u00f6sz\u00f6nsz Khuzdulban?<\/h4>\n<div class=\"answer5\">Sajnos a <a href=\"https:\/\/vasco-electronics.hu\/cikkek\/nyelvek\/kozepfolde-nyelvei-sindarin-khuzdul-es-westron\/\">Khuzdul<\/a> sz\u00f3kincse korl\u00e1tozott. A rajong\u00f3k megpr\u00f3b\u00e1ltak \u00faj szavakat l\u00e9trehozni az alapj\u00e1n, amit Tolkien Khuzdulban \u00edrt, \u00edgy a t\u00f6rpe \u00fcdv\u00f6zl\u00e9snek sz\u00e1mos v\u00e1ltozata l\u00e9tezik. Az egyik t\u00f6rpe online sz\u00f3t\u00e1r azt \u00e1ll\u00edtja, hogy &#8222;Hello&#8221; &#8222;&#8221;Huglgla&#8221;&#8221;, de ez m\u00e9g mindig pontatlan, mivel nincs megb\u00edzhat\u00f3 inform\u00e1ci\u00f3forr\u00e1s err\u0151l a nyelvr\u0151l, maga Tolkien csak n\u00e9h\u00e1ny kifejez\u00e9st alkotott meg a khuzdulban.<\/div>\n<\/div>\n<h3><span class=\"ez-toc-section\" id=\"Ime_a_kerdesek_amelyekre_megprobalunk_valaszt_adni_a_Tolkien_nyelvek_kapcsan\"><\/span><span style=\"font-weight: 400;\">\u00cdme a k\u00e9rd\u00e9sek, amelyekre megpr\u00f3b\u00e1lunk v\u00e1laszt adni a Tolkien nyelvek kapcs\u00e1n:<\/span><span class=\"ez-toc-section-end\"><\/span><\/h3>\n<ul>\n<li style=\"font-weight: 400;\" aria-level=\"1\"><span style=\"font-weight: 400;\">Mi az a <a href=\"https:\/\/vasco-electronics.hu\/cikkek\/nyelvek\/quenya-mordor-fekete-beszede\/\"><strong>Quenya<\/strong><\/a>?<\/span><\/li>\n<li style=\"font-weight: 400;\" aria-level=\"1\"><span style=\"font-weight: 400;\">Mi az a <a href=\"https:\/\/vasco-electronics.hu\/cikkek\/nyelvek\/kozepfolde-nyelvei-sindarin-khuzdul-es-westron\/\"><strong>Sindarin<\/strong><\/a>?<\/span><\/li>\n<li style=\"font-weight: 400;\" aria-level=\"1\"><span style=\"font-weight: 400;\">Mi a <strong>lhammas<\/strong>?<\/span><\/li>\n<li style=\"font-weight: 400;\" aria-level=\"1\"><span style=\"font-weight: 400;\">Mi az a <strong>Telerin<\/strong>?<\/span><\/li>\n<li style=\"font-weight: 400;\" aria-level=\"1\"><span style=\"font-weight: 400;\">Mi az <strong>Avarin<\/strong>?<\/span><\/li>\n<li style=\"font-weight: 400;\" aria-level=\"1\"><span style=\"font-weight: 400;\">Mi az a <strong>Nandorin<\/strong>?<\/span><\/li>\n<li style=\"font-weight: 400;\" aria-level=\"1\"><span style=\"font-weight: 400;\">Mi az az <strong>Eldarin<\/strong>?<\/span><\/li>\n<li style=\"font-weight: 400;\" aria-level=\"1\"><span style=\"font-weight: 400;\">Mi a <strong>Mordor<\/strong> <a href=\"https:\/\/vasco-electronics.hu\/cikkek\/nyelvek\/quenya-mordor-fekete-beszede\/\">fekete besz\u00e9de<\/a>?<\/span><\/li>\n<li style=\"font-weight: 400;\" aria-level=\"1\"><span style=\"font-weight: 400;\">Mi az a <a href=\"https:\/\/vasco-electronics.hu\/cikkek\/nyelvek\/kozepfolde-nyelvei-sindarin-khuzdul-es-westron\/\"><strong>Khuzdul<\/strong><\/a>?<\/span><\/li>\n<li style=\"font-weight: 400;\" aria-level=\"1\"><span style=\"font-weight: 400;\">Mi az a <a href=\"https:\/\/vasco-electronics.hu\/cikkek\/nyelvek\/kozepfolde-nyelvei-sindarin-khuzdul-es-westron\/\"><strong>Westron<\/strong><\/a>?<\/span><\/li>\n<\/ul>\n<p><span style=\"font-weight: 400;\">Milyen Tolkien nyelvei l\u00e9teznek, amelyeket megtanulhatnak az olvas\u00f3k?<\/span><\/p>\n<p><span style=\"font-weight: 400;\">Ahol lehets\u00e9ges, megpr\u00f3b\u00e1lunk v\u00e1laszolni a k\u00f6vetkez\u0151 k\u00e9rd\u00e9sre is: milyen nyelveket haszn\u00e1l a Gy\u0171r\u0171k Ura?<\/span><\/p>\n<p><span style=\"font-weight: 400;\">A fent felsoroltak nem mindegyike K\u00f6z\u00e9pf\u00f6lde nyelvei. Ezek azonban a legismertebbek.<\/span><\/p>\n<p><span style=\"font-weight: 400;\">Ebben a cikkben r\u00f6viden megvizsg\u00e1ljuk a fenti t\u00e9m\u00e1k mindegyik\u00e9t. Ha r\u00e9szletes elemz\u00e9st szeretne olvasni n\u00e9h\u00e1ny kital\u00e1lt nyelvr\u0151l, olvasson el egy cikket a Queny\u00e1r\u00f3l \u00e9s a Mordor fekete besz\u00e9d\u00e9r\u0151l vagy a sindarinr\u00f3l, a khuzdulr\u00f3l \u00e9s a Westronr\u00f3l. Ugyanakkor az Ihammas, a Nandorin, az Avarin, a Telerin \u00e9s az Eldarin nyelvek is g\u00f3rcs\u0151 al\u00e1 ker\u00fclnek.<\/span><\/p>\n<p><img decoding=\"async\" class=\"alignnone wp-image-1532 size-full\" src=\"https:\/\/vasco-electronics.hu\/cikkek\/wp-content\/uploads\/2023\/02\/1.jpg\" alt=\"Mez\u0151 pip\u00e1val.\" width=\"1200\" height=\"1200\" \/><\/p>\n<h2><span class=\"ez-toc-section\" id=\"Eloszor_is_tisztazzunk_valamit%E2%80%A6\"><\/span><span style=\"font-weight: 400;\">El\u0151sz\u00f6r is tiszt\u00e1zzunk valamit\u2026<\/span><span class=\"ez-toc-section-end\"><\/span><\/h2>\n<p><span style=\"font-weight: 400;\">Tolkien egy nagyon gazdag vil\u00e1got hozott l\u00e9tre, amely soksz\u00edn\u0171bbnek \u00e9s furcs\u00e1bbnak t\u0171nhet, mint az a vil\u00e1g, amelyben val\u00f3j\u00e1ban \u00e9l\u00fcnk! Nemcsak t\u00fcnd\u00e9ket, orkokat \u00e9s m\u00e1s m\u00e1gikus l\u00e9nyeket helyezett el t\u00f6rt\u00e9neteibe, hanem olyan gazdag t\u00f6rt\u00e9nelmet is adott nekik, amely nem f\u00e9r bele egy norm\u00e1l m\u00e9ret\u0171 k\u00f6nyvbe.<\/span><\/p>\n<p><span style=\"font-weight: 400;\">\u00cdgy, amikor K\u00f6z\u00e9pf\u00f6lde nyelvei kapcs\u00e1n besz\u00e9l\u00fcnk, megeml\u00edthet\u00fcnk olyan kifejez\u00e9seket, amelyek fontosak a k\u00fcl\u00f6nb\u00f6z\u0151 elf nyelvek t\u00f6rt\u00e9nete szempontj\u00e1b\u00f3l a Gy\u0171r\u0171k Ur\u00e1ban, a Silmarillionban stb. Ezek egyike a Nagy utaz\u00e1s.<\/span><\/p>\n<p><span style=\"font-weight: 400;\">A Nagy Utaz\u00e1s (m\u00e1s n\u00e9ven Nagy Menetel\u00e9s) az Eldar nev\u0171 t\u00fcnd\u00e9k \u00fatja volt, amelyet Cuivi\u00e9nenb\u0151l (az \u00e9bred\u00e9s helye, amely j\u00f3val az els\u0151 korszak el\u0151tt t\u00f6rt\u00e9nt) Valinorba mentek. Felt\u00e9telezik, hogy k\u00f6zel 50 \u00e9vig gyalogoltak 2000 m\u00e9rf\u00f6ldet.<\/span><\/p>\n<p><span style=\"font-weight: 400;\">Gondoljunk arra is, hogy K\u00f6z\u00e9pf\u00f6lde t\u00f6rt\u00e9nete h\u00e1rom hossz\u00fa korszakb\u00f3l \u00e1ll: az els\u0151 korb\u00f3l, a m\u00e1sodik korb\u00f3l \u00e9s a harmadik korb\u00f3l.<\/span><\/p>\n<ul>\n<li style=\"font-weight: 400;\" aria-level=\"1\"><span style=\"font-weight: 400;\">A harmadik kor az az id\u0151, amikor A hobbit \u00e9s a Gy\u0171r\u0171k Ura is megt\u00f6rt\u00e9nt, \u00e9s akkor \u00e9rt v\u00e9get, amikor az Egy Gy\u0171r\u0171t megsemmis\u00edtett\u00e9k.<\/span><\/li>\n<li style=\"font-weight: 400;\" aria-level=\"1\"><span style=\"font-weight: 400;\">A m\u00e1sodik korszakot a Gy\u0171r\u0171 Sz\u00f6vets\u00e9ge (The Fellowship of the Ring) c\u00edm\u0171 film (az utols\u00f3 sz\u00f6vets\u00e9g h\u00e1bor\u00faja) elej\u00e9n eml\u00edtik.<\/span><\/li>\n<li style=\"font-weight: 400;\" aria-level=\"1\"><span style=\"font-weight: 400;\">Az els\u0151 kort nagyr\u00e9szt a Silmarillion (A h\u00e1bor\u00fa Morgoth-szal \u2013 a S\u00f6t\u00e9t Nagy\u00far Szauron el\u0151tt) \u00edrja le.<\/span><\/li>\n<\/ul>\n<p><span style=\"font-weight: 400;\">Illetve honnan sz\u00e1rmazik az \u00f6sszes nyelv? A Lhammas, egy Tolkien \u00e1ltal \u00edrt kital\u00e1lt szociolingvisztikai lap szerint ezek mind a Valar nev\u0171 angyali l\u00e9nyek \u00e1ltal besz\u00e9lt egyetlen nyelvr\u0151l sz\u00e1rmaznak. K\u00e9s\u0151bb Tolkien fel\u00fclvizsg\u00e1lta a bels\u0151 t\u00f6rt\u00e9nelmet, \u00e9s azt \u00e1ll\u00edtotta, hogy a t\u00fcnd\u00e9k k\u00e9pesek voltak saj\u00e1t nyelveiket fel\u00e9p\u00edteni. De soha nem friss\u00edtette a Lhammas-t <a href=\"https:\/\/vasco-electronics.hu\/funkciok\/beszedfordito\"><strong>hangalap\u00fa ford\u00edt\u00f3<\/strong><\/a>.<\/span><\/p>\n<p><img decoding=\"async\" class=\"alignnone wp-image-1531 size-full\" src=\"https:\/\/vasco-electronics.hu\/cikkek\/wp-content\/uploads\/2023\/02\/2.jpg\" alt=\"Var\u00e1zsk\u00f6nyv\" width=\"1200\" height=\"1200\" \/><\/p>\n<h3><span class=\"ez-toc-section\" id=\"Quenya_%E2%80%93_A_magas_manok_beszede\"><\/span><span style=\"font-weight: 400;\"><a href=\"https:\/\/vasco-electronics.hu\/cikkek\/nyelvek\/quenya-mordor-fekete-beszede\/\">Quenya<\/a> \u2013 A magas man\u00f3k besz\u00e9de<\/span><span class=\"ez-toc-section-end\"><\/span><\/h3>\n<p><span style=\"font-weight: 400;\">A <a href=\"https:\/\/vasco-electronics.hu\/cikkek\/nyelvek\/quenya-mordor-fekete-beszede\/\">quenya nyelv<\/a> a latin k\u00f6z\u00e9pf\u00f6ldi megfelel\u0151je. Az \u00f3korban haszn\u00e1lt\u00e1k, de \u00fajabb nyelvek v\u00e1ltott\u00e1k fel. K\u00e9s\u0151bb a <a href=\"https:\/\/vasco-electronics.hu\/cikkek\/nyelvek\/quenya-mordor-fekete-beszede\/\">Quenya<\/a>-t csak tud\u00f3sok \u00e9s szertart\u00e1si c\u00e9lokra haszn\u00e1lt\u00e1k. \u00cdme a t\u00f6rt\u00e9nelem, hogyan t\u00f6rt\u00e9nt ez\u2026<\/span><\/p>\n<p><span style=\"font-weight: 400;\">A <a href=\"https:\/\/vasco-electronics.hu\/cikkek\/nyelvek\/quenya-mordor-fekete-beszede\/\">quenya<\/a> az Elfek kl\u00e1njai ut\u00e1n keletkezett. N\u00e9h\u00e1nyan Valinorba vonultak (K\u00f6z\u00e9pf\u00f6lde a Mennyorsz\u00e1g megfelel\u0151je), m\u00e1sok pedig visszat\u00e9rtek K\u00f6z\u00e9pf\u00f6ld\u00e9re. Azok, akik Valinorba vonultak, kifejlesztett\u00e9k a <a href=\"https:\/\/vasco-electronics.hu\/cikkek\/nyelvek\/quenya-mordor-fekete-beszede\/\">quenya nyelvet<\/a>, m\u00edg Noldor, aki visszat\u00e9rt K\u00f6z\u00e9pf\u00f6ld\u00e9re, a <a href=\"https:\/\/vasco-electronics.hu\/cikkek\/nyelvek\/kozepfolde-nyelvei-sindarin-khuzdul-es-westron\/\">sindarin nyelvet<\/a> vette \u00e1t a sz\u00fcrke t\u00fcnd\u00e9kt\u0151l.<\/span><\/p>\n<p><span style=\"font-weight: 400;\">A Gy\u0171r\u0171k Ura orsz\u00e1g\u00e1b\u00f3l sz\u00e1rmaz\u00f3 kl\u00e1nok a <a href=\"https:\/\/vasco-electronics.hu\/cikkek\/nyelvek\/kozepfolde-nyelvei-sindarin-khuzdul-es-westron\/\">sindarin nyelvet<\/a> haszn\u00e1lt\u00e1k els\u0151dleges nyelv\u00fcknek, m\u00edg a <a href=\"https:\/\/vasco-electronics.hu\/cikkek\/nyelvek\/quenya-mordor-fekete-beszede\/\">quenya<\/a>-t csak szertart\u00e1si, ritu\u00e1lis \u00e9s k\u00f6lt\u0151i c\u00e9lokra haszn\u00e1lt\u00e1k.<\/span><\/p>\n<p><span style=\"font-weight: 400;\">A<a href=\"https:\/\/vasco-electronics.hu\/cikkek\/nyelvek\/quenya-mordor-fekete-beszede\/\"> quenya nyelvet<\/a> \u00e1ltal\u00e1ban a magas elfekkel \u00e9s az els\u0151sz\u00fcl\u00f6ttekkel hozt\u00e1k kapcsolatba. Ez r\u00e9szben a nyelv Valinorral val\u00f3 szoros kapcsolata miatt volt \u00edgy. Cs\u00f6kken\u0151 haszn\u00e1lata egy\u00fattal az elt\u0171n\u0151 t\u00fcnde kult\u00far\u00e1t is szimboliz\u00e1lta K\u00f6z\u00e9pf\u00f6ld\u00e9n.<\/span><\/p>\n<p><span style=\"font-weight: 400;\">A queny\u00e1t Valar, K\u00f6z\u00e9pf\u00f6lde angyali l\u00e9nyei is besz\u00e9lt\u00e9k, akik Eru Il\u00favatart, a kereszt\u00e9ny Isten Tolkien megfelel\u0151j\u00e9t szolg\u00e1lt\u00e1k.<\/span><\/p>\n<p><span style=\"font-weight: 400;\">A High Elfek eme nyelve a Gy\u0171r\u0171k Ur\u00e1ban kiemelten szerepelt versek \u00e9s p\u00e1rbesz\u00e9dek form\u00e1j\u00e1ban <a href=\"https:\/\/vasco-electronics.hu\/funkciok\/beszedfordito\"><strong>besz\u00e9dford\u00edt\u00f3<\/strong><\/a>.<\/span><\/p>\n<p><span style=\"font-weight: 400;\">Az al\u00e1bbiakban tal\u00e1l egy t\u00e1bl\u00e1zatot, amely ennek az \u0151si besz\u00e9dnek a sz\u00f3k\u00e9szlet\u00e9t tartalmazza:<\/span><\/p>\n<table>\n<tbody>\n<tr>\n<td>\n<h3><span class=\"ez-toc-section\" id=\"Quenya\"><\/span><b>Quenya<\/b><span class=\"ez-toc-section-end\"><\/span><\/h3>\n<\/td>\n<td>\n<h3><span class=\"ez-toc-section\" id=\"English\"><\/span><b>English<\/b><span class=\"ez-toc-section-end\"><\/span><\/h3>\n<\/td>\n<td>\n<h3><span class=\"ez-toc-section\" id=\"Magyar\"><\/span><b>Magyar<\/b><span class=\"ez-toc-section-end\"><\/span><\/h3>\n<\/td>\n<\/tr>\n<tr>\n<td><span style=\"font-weight: 400;\">aika<\/span><\/td>\n<td><span style=\"font-weight: 400;\">broad, vast<\/span><\/td>\n<td><span style=\"font-weight: 400;\">sz\u00e9les, hatalmas<\/span><\/td>\n<\/tr>\n<tr>\n<td><span style=\"font-weight: 400;\">aina<\/span><\/td>\n<td><span style=\"font-weight: 400;\">holy<\/span><\/td>\n<td><span style=\"font-weight: 400;\">szent<\/span><\/td>\n<\/tr>\n<tr>\n<td><span style=\"font-weight: 400;\">ailo<\/span><\/td>\n<td><span style=\"font-weight: 400;\">lake, pool<\/span><\/td>\n<td><span style=\"font-weight: 400;\">t\u00f3, medence<\/span><\/td>\n<\/tr>\n<tr>\n<td><span style=\"font-weight: 400;\">haim\u00eb<\/span><\/td>\n<td><span style=\"font-weight: 400;\">habit<\/span><\/td>\n<td><span style=\"font-weight: 400;\">szok\u00e1s<\/span><\/td>\n<\/tr>\n<tr>\n<td><span style=\"font-weight: 400;\">halcin<\/span><\/td>\n<td><span style=\"font-weight: 400;\">frozen<\/span><\/td>\n<td><span style=\"font-weight: 400;\">fagyott<\/span><\/td>\n<\/tr>\n<tr>\n<td><span style=\"font-weight: 400;\">imb\u00eb<\/span><\/td>\n<td><span style=\"font-weight: 400;\">between<\/span><\/td>\n<td><span style=\"font-weight: 400;\">k\u00f6z\u00f6tt<\/span><\/td>\n<\/tr>\n<tr>\n<td><span style=\"font-weight: 400;\">indo<\/span><\/td>\n<td><span style=\"font-weight: 400;\">house<\/span><\/td>\n<td><span style=\"font-weight: 400;\">h\u00e1z<\/span><\/td>\n<\/tr>\n<tr>\n<td><span style=\"font-weight: 400;\">tass\u00eb<\/span><\/td>\n<td><span style=\"font-weight: 400;\">there<\/span><\/td>\n<td><span style=\"font-weight: 400;\">ott<\/span><\/td>\n<\/tr>\n<tr>\n<td><span style=\"font-weight: 400;\">r\u00e1va<\/span><\/td>\n<td><span style=\"font-weight: 400;\">wilderness<\/span><\/td>\n<td><span style=\"font-weight: 400;\">vadon<\/span><\/td>\n<\/tr>\n<tr>\n<td><span style=\"font-weight: 400;\">carma<\/span><\/td>\n<td><span style=\"font-weight: 400;\">weapon<\/span><\/td>\n<td><span style=\"font-weight: 400;\">fegyver<\/span><\/td>\n<\/tr>\n<\/tbody>\n<\/table>\n<h3><span class=\"ez-toc-section\" id=\"Sindarin_%E2%80%93_A_szurke_elfek_nyelve\"><\/span><span style=\"font-weight: 400;\"><a href=\"https:\/\/vasco-electronics.hu\/cikkek\/nyelvek\/kozepfolde-nyelvei-sindarin-khuzdul-es-westron\/\">Sindarin<\/a> \u2013 A sz\u00fcrke elfek nyelve<\/span><span class=\"ez-toc-section-end\"><\/span><\/h3>\n<p><span style=\"font-weight: 400;\">A Gy\u0171r\u0171k Ura vil\u00e1g\u00e1ban ez egy olyan nyelv, amelyet leggyakrabban az elfekhez k\u00f6tnek. \u00c1ltal\u00e1ban egyszer\u0171en man\u00f3nyelvnek vagy elfnyelvnek nevezik.<\/span><\/p>\n<p><span style=\"font-weight: 400;\">Ahogy kor\u00e1bban eml\u00edtett\u00fck, a K\u00f6z\u00e9pf\u00f6ld\u00e9re visszat\u00e9r\u0151 noldorok a <a href=\"https:\/\/vasco-electronics.hu\/cikkek\/nyelvek\/kozepfolde-nyelvei-sindarin-khuzdul-es-westron\/\">sindarin nyelvet<\/a> fogadt\u00e1k el els\u0151dleges nyelv\u00fcknek, m\u00edg a <a href=\"https:\/\/vasco-electronics.hu\/cikkek\/nyelvek\/quenya-mordor-fekete-beszede\/\">quenya<\/a> tov\u00e1bbra is \u00edrott \u00e9s szertart\u00e1sos nyelv maradt.<\/span><\/p>\n<p><span style=\"font-weight: 400;\">A <a href=\"https:\/\/vasco-electronics.hu\/cikkek\/nyelvek\/kozepfolde-nyelvei-sindarin-khuzdul-es-westron\/\">sindarin nyelvet<\/a> az emberek is besz\u00e9lt\u00e9k. A m\u00e1sodik korban a n\u00famenori f\u00e9rfiak haszn\u00e1lt\u00e1k, akik foly\u00e9konyan besz\u00e9lt\u00e9k. K\u00e9s\u0151bb, a harmadik korban a <a href=\"https:\/\/vasco-electronics.hu\/cikkek\/nyelvek\/kozepfolde-nyelvei-sindarin-khuzdul-es-westron\/\">sindarin nyelvet<\/a> a n\u00famenoriak lesz\u00e1rmazottai, Gondor \u00e9s Arnor d\u00fanedainjai besz\u00e9lt\u00e9k.<\/span><\/p>\n<p><span style=\"font-weight: 400;\">\u00c9rdemes megjegyezni, hogy a <a href=\"https:\/\/vasco-electronics.hu\/cikkek\/nyelvek\/kozepfolde-nyelvei-sindarin-khuzdul-es-westron\/\">Sindarin<\/a> volt az egyik nyelv, amelyet a Gy\u0171r\u0171k Ura filmekben besz\u00e9ltek. A k\u00f6nyvekben is olvashatjuk <a href=\"https:\/\/vasco-electronics.hu\/funkciok\/fotofordito\"><strong>sz\u00f6vegford\u00edt\u00f3 kamera<\/strong><\/a>.<\/span><\/p>\n<p><img decoding=\"async\" class=\"alignnone wp-image-1528 size-full\" src=\"https:\/\/vasco-electronics.hu\/cikkek\/wp-content\/uploads\/2023\/02\/3.jpg\" alt=\"Boszork\u00e1ny kalap\" width=\"1200\" height=\"1200\" \/><\/p>\n<h3><span class=\"ez-toc-section\" id=\"Telerin_%E2%80%93_Kozepfolde_egyik_legregebbi_nyelve\"><\/span><span style=\"font-weight: 400;\">Telerin \u2013 K\u00f6z\u00e9pf\u00f6lde egyik legr\u00e9gebbi nyelve<\/span><span class=\"ez-toc-section-end\"><\/span><\/h3>\n<p><span style=\"font-weight: 400;\">Ez a nyelv a <a href=\"https:\/\/vasco-electronics.hu\/cikkek\/nyelvek\/quenya-mordor-fekete-beszede\/\">quenya<\/a>-val \u00e9s a sindarinnal rokon. Lindalambe-nak vagy Lind\u00e1rin-nek is h\u00edvj\u00e1k, Falmari \u2013 Teleri (az Elf kl\u00e1nok harmadik tagja, akik r\u00e9szt vettek a Nagy Utaz\u00e1son) haszn\u00e1lt\u00e1k, akik r\u00e9szt vettek az utaz\u00e1sban, \u00e9s v\u00e9g\u00fcl el\u00e9rt\u00e9k Valinort.<\/span><\/p>\n<p><span style=\"font-weight: 400;\">A telerint <a href=\"https:\/\/vasco-electronics.hu\/cikkek\/nyelvek\/quenya-mordor-fekete-beszede\/\">Quenya<\/a> dialektus\u00e1nak tartott\u00e1k. Van azonban n\u00e9h\u00e1ny jelent\u0151s k\u00fcl\u00f6nbs\u00e9g a Telerin \u00e9s a <a href=\"https:\/\/vasco-electronics.hu\/cikkek\/nyelvek\/quenya-mordor-fekete-beszede\/\">Quenya<\/a> k\u00f6z\u00f6tt.<\/span><\/p>\n<p><span style=\"font-weight: 400;\">P\u00e9ld\u00e1ul a Telerinben a birtokos v\u00e9gz\u0151d\u00e9sek valami birtokolt, nem birtokl\u00f3 sz\u00f3hoz f\u0171z\u0151dnek, ellent\u00e9tben a <a href=\"https:\/\/vasco-electronics.hu\/cikkek\/nyelvek\/quenya-mordor-fekete-beszede\/\">Quenya<\/a>-val. R\u00e1ad\u00e1sul a Telerin fonol\u00f3gi\u00e1ja nagyban k\u00fcl\u00f6nb\u00f6z\u00f6tt a <a href=\"https:\/\/vasco-electronics.hu\/cikkek\/nyelvek\/quenya-mordor-fekete-beszede\/\">quenya nyelv\u00e9t\u0151l<\/a>.<\/span><\/p>\n<p><span style=\"font-weight: 400;\">Emellett K\u00f6z\u00e9pf\u00f6lde t\u00f6rt\u00e9net\u00e9ben volt id\u0151, amikor a telerin besz\u00e9l\u0151i meghaladt\u00e1k a <a href=\"https:\/\/vasco-electronics.hu\/cikkek\/nyelvek\/quenya-mordor-fekete-beszede\/\">quenya<\/a> besz\u00e9l\u0151it <a href=\"https:\/\/vasco-electronics.hu\/funkciok\/szovegfordito\"><strong>sz\u00f6vegford\u00edt\u00f3<\/strong><\/a>.<\/span><\/p>\n<h3><span class=\"ez-toc-section\" id=\"Avarin_%E2%80%93_osi_tunde_nyelvek_csoportja\"><\/span><span style=\"font-weight: 400;\">Avarin \u2013 \u0151si t\u00fcnde nyelvek csoportja<\/span><span class=\"ez-toc-section-end\"><\/span><\/h3>\n<p><span style=\"font-weight: 400;\">Az Avarin csoport legal\u00e1bb hat k\u00fcl\u00f6nb\u00f6z\u0151 nyelvb\u0151l \u00e1llt. Annak ellen\u00e9re, hogy mindannyian a primit\u00edv quendianb\u00f3l sz\u00e1rmaztak, amely egy nagy t\u00fcnde \u0151snyelv, nem volt sok k\u00f6z\u00f6s benn\u00fck. Az is ismert, hogy az Avarin h\u00e1rom nagyobb csoportra oszlik: Nyugat-Avarin, \u00c9szak-Avarin \u00e9s Kelet-Avarin.<\/span><\/p>\n<p><span style=\"font-weight: 400;\">Ha mag\u00e1r\u00f3l a nyelv nev\u00e9r\u0151l van sz\u00f3, tudjuk, hogy az avarin egy <a href=\"https:\/\/vasco-electronics.hu\/cikkek\/nyelvek\/quenya-mordor-fekete-beszede\/\">quenya<\/a> sz\u00f3, amely a visszautas\u00edt\u00f3k nyelv\u00e9t jelenti, vagy azok nyelv\u00e9t, akik nem utaztak avarba.<\/span><\/p>\n<h3><span class=\"ez-toc-section\" id=\"Nandorin_%E2%80%93_a_Nagy_Utazasbol_kiszakadt_tundek_nyelve\"><\/span><span style=\"font-weight: 400;\">Nandorin \u2013 a Nagy Utaz\u00e1sb\u00f3l kiszakadt t\u00fcnd\u00e9k nyelve<\/span><span class=\"ez-toc-section-end\"><\/span><\/h3>\n<p><span style=\"font-weight: 400;\">A nandorin a k\u00f6z\u00f6s telerin nyelv egyik \u00e1ga volt. Azok a t\u00fcnd\u00e9k besz\u00e9lt\u00e9k, akik kiszakadtak a Nagy Utaz\u00e1sb\u00f3l a K\u00f6dhegys\u00e9gt\u0151l keletre.<\/span><\/p>\n<p><span style=\"font-weight: 400;\">Nandorin K\u00f6z\u00e9pf\u00f6ld\u00e9n maradt a harmadik korig, de keveset besz\u00e9ltek r\u00f3la.<\/span><\/p>\n<h3><span class=\"ez-toc-section\" id=\"Eldarin_%E2%80%93_az_eldak_nyelve\"><\/span><span style=\"font-weight: 400;\">Eldarin \u2013 az eld\u00e1k nyelve<\/span><span class=\"ez-toc-section-end\"><\/span><\/h3>\n<p><span style=\"font-weight: 400;\">Nem szeretn\u00e9nk t\u00fal m\u00e9lyre mer\u00fclni K\u00f6z\u00e9pf\u00f6lde mitol\u00f3gi\u00e1j\u00e1ban, ez\u00e9rt igyeksz\u00fcnk a lehet\u0151 legegyszer\u0171bben tartani.<\/span><\/p>\n<p><span style=\"font-weight: 400;\">Eleinte az \u00f3korban az Eldar nevet viselt\u00e9k minden t\u00fcnd\u00e9re, de k\u00e9s\u0151bb a nyugati t\u00fcnd\u00e9khez, vagyis azokhoz, akik elkezdt\u00e9k a Nagy Utaz\u00e1st, kapcsolatba hozt\u00e1k vele.<\/span><\/p>\n<p><span style=\"font-weight: 400;\">Id\u0151vel kifejlesztett\u00e9k saj\u00e1t nyelv\u00fcket, amelyet eldarinnak h\u00edvtak <a href=\"https:\/\/vasco-electronics.hu\/funkciok\/szovegfordito\"><strong>sz\u00f6vegford\u00edt\u00f3<\/strong><\/a>.<\/span><\/p>\n<h3><span class=\"ez-toc-section\" id=\"Mordor_fekete_beszede\"><\/span><span style=\"font-weight: 400;\">Mordor fekete besz\u00e9de<\/span><span class=\"ez-toc-section-end\"><\/span><\/h3>\n<p><span style=\"font-weight: 400;\">L\u00e9pj\u00fcnk most t\u00fal a k\u00f6z\u00e9pf\u00f6ldi t\u00fcnde nyelvek vil\u00e1g\u00e1n. Most a Gy\u0171r\u0171k Ura egy\u00e9b munkanyelveire \u00e9s m\u00e9g sok m\u00e1sra \u00f6sszpontos\u00edtunk.<\/span><\/p>\n<p><span style=\"font-weight: 400;\">A <a href=\"https:\/\/vasco-electronics.hu\/cikkek\/nyelvek\/quenya-mordor-fekete-beszede\/\">mordori fekete besz\u00e9d <\/a>volt az a nyelv, amelyet Szauron aljas szolg\u00e1i haszn\u00e1ltak.<\/span><\/p>\n<p><span style=\"font-weight: 400;\">Ezt a nyelvet a gonosz \u00far alkotta meg a S\u00f6t\u00e9t \u00c9vekben, vagyis a M\u00e1sodik Korszak hossz\u00fa id\u0151szak\u00e1ban, amikor K\u00f6z\u00e9pf\u00f6lde k\u00fcl\u00f6nb\u00f6z\u0151 fajait a S\u00f6t\u00e9t Nagy\u00far uralta. A fekete besz\u00e9dnek az egyetlen kommunik\u00e1ci\u00f3s eszk\u00f6znek kellett lennie Mordor \u00f6sszes szolg\u00e1ja sz\u00e1m\u00e1ra, szemben az elf nyelvekkel.<\/span><\/p>\n<p><span style=\"font-weight: 400;\">A m\u00e1sodik kor ut\u00e1n a Black Speech sok v\u00e1ltoz\u00e1son ment kereszt\u00fcl. Val\u00f3j\u00e1ban csak a Ringwraithek haszn\u00e1lt\u00e1k a \u201etiszta\u201d form\u00e1j\u00e1t. Az orkok viszont l\u00e9trehozt\u00e1k a maguk v\u00e1ltozatoss\u00e1g\u00e1t ennek a nyelvnek.<\/span><\/p>\n<p><span style=\"font-weight: 400;\">Ezenk\u00edv\u00fcl a h\u00edres One Ring felirat \u201etiszta\u201d fekete besz\u00e9ddel van \u00edrva:<\/span><\/p>\n<p><i><span style=\"font-weight: 400;\">Ash nazg durbatul\u00fbk, ash nazg gimbatul,<\/span><\/i><\/p>\n<p><i><span style=\"font-weight: 400;\">hamu nazg thrakatul\u00fbk, agh burzum-ishi krimpatul.<\/span><\/i><\/p>\n<p><span style=\"font-weight: 400;\">Amikor leford\u00edtva:<\/span><\/p>\n<p><i><span style=\"font-weight: 400;\">Egy Gy\u0171r\u0171, hogy uralja \u0151ket, Egy Gy\u0171r\u0171, hogy megtal\u00e1lja \u0151ket,<\/span><\/i><\/p>\n<p><i><span style=\"font-weight: 400;\">Egy Gy\u0171r\u0171, hogy elhozza \u0151ket, \u00e9s a s\u00f6t\u00e9tben megk\u00f6sse \u0151ket.<\/span><\/i><\/p>\n<p><span style=\"font-weight: 400;\">A val\u00f3 vil\u00e1gban azt mondj\u00e1k, hogy ez a nyelv f\u0151leg az \u0151si hurri nyelven alapult.<\/span><\/p>\n<p><img decoding=\"async\" class=\"alignnone wp-image-1530 size-full\" src=\"https:\/\/vasco-electronics.hu\/cikkek\/wp-content\/uploads\/2023\/02\/4.jpg\" alt=\"F\u00f6ld alatti barlang\" width=\"1200\" height=\"1200\" \/><\/p>\n<h3><span class=\"ez-toc-section\" id=\"Khuzdul_vagy_torpe_nyelv\"><\/span><span style=\"font-weight: 400;\"><a href=\"https:\/\/vasco-electronics.hu\/cikkek\/nyelvek\/kozepfolde-nyelvei-sindarin-khuzdul-es-westron\/\">Khuzdul<\/a> vagy t\u00f6rpe nyelv<\/span><span class=\"ez-toc-section-end\"><\/span><\/h3>\n<p><span style=\"font-weight: 400;\">Ez a k\u00f6z\u00e9pf\u00f6ldi t\u00f6rp\u00f6k titkos nyelve volt. A Gy\u0171r\u0171k Ur\u00e1ban nem \u00e1llt kapcsolatban a k\u00fcl\u00f6nb\u00f6z\u0151 elf nyelvekkel, ez\u00e9rt nagyon elt\u00e9r\u0151en hangzott.<\/span><\/p>\n<p><span style=\"font-weight: 400;\"><a href=\"https:\/\/vasco-electronics.hu\/cikkek\/nyelvek\/kozepfolde-nyelvei-sindarin-khuzdul-es-westron\/\">Khuzdul<\/a> egyik val\u00f3s inspir\u00e1ci\u00f3ja a h\u00e9ber volt. Tolkien megjegyezte a t\u00f6rp\u00f6k \u00e9s a zsid\u00f3k n\u00e9h\u00e1ny hasonl\u00f3 von\u00e1s\u00e1t is, ezek egyike az a t\u00e9ny, hogy egyszerre voltak bennsz\u00fcl\u00f6ttek \u00e9s idegenek haz\u00e1jukban.<\/span><\/p>\n<p><span style=\"font-weight: 400;\">K\u00f6z\u00e9pf\u00f6lde birodalm\u00e1ban <a href=\"https:\/\/vasco-electronics.hu\/cikkek\/nyelvek\/kozepfolde-nyelvei-sindarin-khuzdul-es-westron\/\">Khuzdul<\/a> titokban maradt. Mi\u00e9rt? Nos, a t\u00f6rp\u00e9k nagyon titkos term\u00e9szet\u0171ek voltak. Az egyik elm\u00e9let azt mondja, hogy azt akart\u00e1k, hogy ez a nyelv kiz\u00e1r\u00f3lagos legyen a fajuk sz\u00e1m\u00e1ra \u2013 azt gondolt\u00e1k, hogy egyetlen m\u00e1s l\u00e9nynek sincs joga meg\u00e9rteni. Emiatt a <a href=\"https:\/\/vasco-electronics.hu\/cikkek\/nyelvek\/kozepfolde-nyelvei-sindarin-khuzdul-es-westron\/\">khuzdul<\/a> is nagyon \u00f6sszetett nyelv volt, nagyon neh\u00e9z megtanulni.<\/span><\/p>\n<p><span style=\"font-weight: 400;\">Az is fontos, hogy a t\u00f6rp\u00f6k azt hitt\u00e9k, hogy val\u00f3di nev\u00fck khuzdulban bens\u0151s\u00e9ges titok. Soha nem fedt\u00e9k fel \u0151ket idegeneknek.<\/span><\/p>\n<p><img decoding=\"async\" class=\"alignnone wp-image-1529 size-full\" src=\"https:\/\/vasco-electronics.hu\/cikkek\/wp-content\/uploads\/2023\/02\/5.jpg\" alt=\"\u00cdr\u00f3g\u00e9p az \u00edr\u00f3asztalon \" width=\"1200\" height=\"1200\" \/><\/p>\n<h2><span class=\"ez-toc-section\" id=\"Westron_vagy_a_Nyugat_egyetemes_nyelve\"><\/span><span style=\"font-weight: 400;\"><a href=\"https:\/\/vasco-electronics.hu\/cikkek\/nyelvek\/kozepfolde-nyelvei-sindarin-khuzdul-es-westron\/\">Westron<\/a> vagy a Nyugat egyetemes nyelve<\/span><span class=\"ez-toc-section-end\"><\/span><\/h2>\n<p><span style=\"font-weight: 400;\">V\u00e9g\u00fcl, de nem utols\u00f3sorban a <a href=\"https:\/\/vasco-electronics.hu\/cikkek\/nyelvek\/kozepfolde-nyelvei-sindarin-khuzdul-es-westron\/\">Westron nyelvet<\/a> vessz\u00fck g\u00f3rcs\u0151 al\u00e1. Eredetileg a d\u00fanedainok \u2013 a nyugati emberek \u2013 \u00e1ltal haszn\u00e1lt nyelv volt. A harmadik kor v\u00e9g\u00e9re azonban a nyugati emberek sz\u00e1m\u00e1ra ink\u00e1bb univerz\u00e1lis nyelvv\u00e9 v\u00e1lt. Westront p\u00e9ld\u00e1ul a hobbitok besz\u00e9lt\u00e9k.<\/span><\/p>\n<p><span style=\"font-weight: 400;\">A <a href=\"https:\/\/vasco-electronics.hu\/cikkek\/nyelvek\/kozepfolde-nyelvei-sindarin-khuzdul-es-westron\/\">Westron<\/a> olyan nyelv volt, amelyet A Gy\u0171r\u0171k Ura szerepl\u0151inek t\u00f6bbs\u00e9ge besz\u00e9lt \u00e9s \u00e9rtett.<\/span><\/p>\n<p><span style=\"font-weight: 400;\">\u00c1ltal\u00e1nos t\u00e9vhit, hogy <a href=\"https:\/\/vasco-electronics.hu\/cikkek\/nyelvek\/kozepfolde-nyelvei-sindarin-khuzdul-es-westron\/\">Westron<\/a> egyszer\u0171en angol volt. Ennek illusztr\u00e1l\u00e1s\u00e1ra vess\u00fcnk egy pillant\u00e1st A Gy\u0171r\u0171k Ura n\u00e9h\u00e1ny f\u0151szerepl\u0151j\u00e9nek val\u00f3di nev\u00e9re. Soha nem voltak Frod\u00f3, Sam, Pippin \u00e9s Merry nev\u0171 hobbitok. Val\u00f3di nev\u00fck Westronban Maura, Ban, Razar \u00e9s Kali volt.<\/span><\/p>\n<p><span style=\"font-weight: 400;\">A <a href=\"https:\/\/vasco-electronics.hu\/cikkek\/nyelvek\/kozepfolde-nyelvei-sindarin-khuzdul-es-westron\/\">Westron<\/a> nyelvr\u0151l itt olvashat b\u0151vebben.<\/span><\/p>\n<h2><span class=\"ez-toc-section\" id=\"Milyen_Tolkien_nyelven_tanulhatnak_meg_beszelni_az_olvasok\"><\/span><span style=\"font-weight: 400;\">Milyen Tolkien nyelven tanulhatnak meg besz\u00e9lni az olvas\u00f3k?<\/span><span class=\"ez-toc-section-end\"><\/span><\/h2>\n<p><span style=\"font-weight: 400;\">Ez j\u00f3 k\u00e9rd\u00e9s, mivel nincs sok online anyag vagy webhely, amely seg\u00edthetne K\u00f6z\u00e9pf\u00f6lde nyelveinek tanul\u00e1s\u00e1ban.<\/span><\/p>\n<p><span style=\"font-weight: 400;\">A legjobb, ha Tolkien k\u00f6nyveit haszn\u00e1l, vagy lapoz \u00e1t a The Elvish Linguistic Fellowship-et (r\u00f6vid\u00edtve E.L.F).<\/span><\/p>\n<p><span style=\"font-weight: 400;\">Az E.L.F egy nemzetk\u00f6zi szervezet, amely K\u00f6z\u00e9pf\u00f6lde nyelveinek tanulm\u00e1nyoz\u00e1s\u00e1val foglalkozik. K\u00e9t nyomtatott foly\u00f3iratot (Vinyar Tengwar \u00e9s Parma Eldalamberon) \u00e9s egy Tengwesti\u00eb nev\u0171 online foly\u00f3iratot adnak ki. Mindh\u00e1rom anyag jelent\u0151s inform\u00e1ci\u00f3forr\u00e1st jelent K\u00f6z\u00e9pf\u00f6lde nyelveinek tanul\u00e1sa sor\u00e1n.<\/span><\/p>\n<h3><span class=\"ez-toc-section\" id=\"Kozepfolde_nyelvei_Osszegzes\"><\/span><span style=\"font-weight: 400;\">K\u00f6z\u00e9pf\u00f6lde nyelvei: \u00d6sszegz\u00e9s<\/span><span class=\"ez-toc-section-end\"><\/span><\/h3>\n<p><span style=\"font-weight: 400;\">A Tolkien \u00e1ltal l\u00e9trehozott fikt\u00edv vil\u00e1g annyira gazdag, hogy lehetetlen egyetlen cikket \u00edrni K\u00f6z\u00e9pf\u00f6lde b\u00e1rmely aspektus\u00e1r\u00f3l, \u00e9s kimer\u00edteni ezt a t\u00e9m\u00e1t.<\/span><\/p>\n<p><span style=\"font-weight: 400;\">Igyekezt\u00fcnk azonban mindent megtenni, hogy K\u00f6z\u00e9pf\u00f6lde vil\u00e1g\u00e1nak \u00f6sszes legn\u00e9pszer\u0171bb \u00e9s leg\u00e9rdekesebb nyelv\u00e9t bemutassuk. Rem\u00e9lj\u00fck, hogy j\u00f3l mutatja be, milyen gazdagok ezek a kital\u00e1lt nyelvi konstrukci\u00f3k.<\/span><\/p>\n<h3 style=\"margin-top: 40px; border-top: solid lightgray 1px; padding-top: 10px;\">Di\u00f3h\u00e9jban:<\/h3>\n<p><span style=\"font-weight: 400;\">K\u00f6z\u00e9pf\u00f6lde vil\u00e1g\u00e1ban sz\u00e1mos nyelvet besz\u00e9ltek a k\u00fcl\u00f6nb\u00f6z\u0151 fajok, p\u00e9ld\u00e1ul a t\u00fcnd\u00e9k, a t\u00f6rp\u00f6k \u00e9s az emberek. A <a href=\"https:\/\/vasco-electronics.hu\/cikkek\/nyelvek\/quenya-mordor-fekete-beszede\/\">quenya<\/a>, a magas elfek nyelve a legkiemelked\u0151bb t\u00fcnde nyelv, \u00e9s szertart\u00e1si \u00e9s k\u00f6lt\u0151i c\u00e9lokra haszn\u00e1lt\u00e1k. A <a href=\"https:\/\/vasco-electronics.hu\/cikkek\/nyelvek\/kozepfolde-nyelvei-sindarin-khuzdul-es-westron\/\">sindarin<\/a> a sz\u00fcrke t\u00fcnd\u00e9k nyelve volt, m\u00edg a telerin az Elf kl\u00e1nok nyelve, akik megtett\u00e9k a Nagy Utaz\u00e1st \u00e9s el\u00e9rt\u00e9k Valinort. Az avarin az \u0151si t\u00fcnde nyelvek csoportja volt, a nandorint a t\u00fcnd\u00e9k besz\u00e9lt\u00e9k, akik kiszakadtak a nagy utaz\u00e1sb\u00f3l, az eldarin pedig az eld\u00e1k nyelve. Ezen k\u00edv\u00fcl ott volt a <a href=\"https:\/\/vasco-electronics.hu\/cikkek\/nyelvek\/quenya-mordor-fekete-beszede\/\">Mordor Fekete Besz\u00e9de<\/a>, amelyet a S\u00f6t\u00e9t Nagy\u00far, Sauron, a <a href=\"https:\/\/vasco-electronics.hu\/cikkek\/nyelvek\/kozepfolde-nyelvei-sindarin-khuzdul-es-westron\/\">Khuzdul<\/a>, a t\u00f6rp\u00e9k titkos nyelve, \u00e9s <a href=\"https:\/\/vasco-electronics.hu\/cikkek\/nyelvek\/kozepfolde-nyelvei-sindarin-khuzdul-es-westron\/\">Westron<\/a>, a Nyugat egyetemes nyelve alkotott. Mindezeket a nyelveket J.R.R. Tolkien, akinek m\u0171vei sok m\u00e1s kital\u00e1lt nyelv ihletforr\u00e1sai voltak.<\/span><\/p>\n","protected":false},"excerpt":{"rendered":"<p>Szeret kital\u00e1lt nyelveket tanulni? A klingon sz\u00f3kincs\u00e9t, a dothraki kiejt\u00e9s\u00e9t vagy a na\u2019vi nyelvtan\u00e1t tanuln\u00e1 meg? Nos, akkor tudnia kell, hogy az \u00f6sszes ma ismert kital\u00e1lt nyelvet J.R.R. munk\u00e1ja ihlette. Tolkien, K\u00f6z\u00e9pf\u00f6lde vil\u00e1g\u00e1nak igazi \u00f6tletgazd\u00e1ja. Sz\u00f3val, milyen nyelvet tal\u00e1lt ki Tolkien? Vagy tal\u00e1n t\u00f6bbet is? Val\u00f3ban, J.R.R. Tolkient \u00e1ltal\u00e1ban a m\u0171v\u00e9szi nyelvek feltal\u00e1l\u00f3j\u00e1nak tartj\u00e1k. Ezeknek [&hellip;]<\/p>\n","protected":false},"author":9,"featured_media":1094,"comment_status":"closed","ping_status":"closed","sticky":false,"template":"","format":"standard","meta":{"_et_pb_use_builder":"","_et_pb_old_content":"","_et_gb_content_width":"","_FSMCFIC_featured_image_caption":"","_FSMCFIC_featured_image_nocaption":"","_FSMCFIC_featured_image_hide":"","footnotes":""},"categories":[22],"tags":[29],"class_list":["post-1092","post","type-post","status-publish","format-standard","has-post-thumbnail","hentry","category-nyelvek","tag-r-faber"],"_links":{"self":[{"href":"https:\/\/vasco-electronics.hu\/cikkek\/wp-json\/wp\/v2\/posts\/1092","targetHints":{"allow":["GET"]}}],"collection":[{"href":"https:\/\/vasco-electronics.hu\/cikkek\/wp-json\/wp\/v2\/posts"}],"about":[{"href":"https:\/\/vasco-electronics.hu\/cikkek\/wp-json\/wp\/v2\/types\/post"}],"author":[{"embeddable":true,"href":"https:\/\/vasco-electronics.hu\/cikkek\/wp-json\/wp\/v2\/users\/9"}],"replies":[{"embeddable":true,"href":"https:\/\/vasco-electronics.hu\/cikkek\/wp-json\/wp\/v2\/comments?post=1092"}],"version-history":[{"count":9,"href":"https:\/\/vasco-electronics.hu\/cikkek\/wp-json\/wp\/v2\/posts\/1092\/revisions"}],"predecessor-version":[{"id":2397,"href":"https:\/\/vasco-electronics.hu\/cikkek\/wp-json\/wp\/v2\/posts\/1092\/revisions\/2397"}],"wp:featuredmedia":[{"embeddable":true,"href":"https:\/\/vasco-electronics.hu\/cikkek\/wp-json\/wp\/v2\/media\/1094"}],"wp:attachment":[{"href":"https:\/\/vasco-electronics.hu\/cikkek\/wp-json\/wp\/v2\/media?parent=1092"}],"wp:term":[{"taxonomy":"category","embeddable":true,"href":"https:\/\/vasco-electronics.hu\/cikkek\/wp-json\/wp\/v2\/categories?post=1092"},{"taxonomy":"post_tag","embeddable":true,"href":"https:\/\/vasco-electronics.hu\/cikkek\/wp-json\/wp\/v2\/tags?post=1092"}],"curies":[{"name":"wp","href":"https:\/\/api.w.org\/{rel}","templated":true}]}}