{"id":1364,"date":"2023-08-07T13:10:27","date_gmt":"2023-08-07T11:10:27","guid":{"rendered":"https:\/\/vasco-electronics.hu\/cikkek\/?p=1364"},"modified":"2026-02-03T11:58:41","modified_gmt":"2026-02-03T10:58:41","slug":"milyen-nyelvet-beszelnek-duneben","status":"publish","type":"post","link":"https:\/\/vasco-electronics.hu\/cikkek\/nyelvek\/milyen-nyelvet-beszelnek-duneben\/","title":{"rendered":"Milyen nyelven besz\u00e9lnek a D\u0171n\u00e9ben?"},"content":{"rendered":"<p data-pm-slice=\"1 1 []\">Frank Herbert epikus tudom\u00e1nyos-fantasztikus reg\u00e9nye, a D\u0171ne c\u00edm\u0171 film \u00e9vtizedek \u00f3ta rabul ejti az olvas\u00f3kat \u00e9s a n\u00e9z\u0151ket egyedis\u00e9de miatt. A gazdagon elk\u00e9pzelt univerzum, a bonyolult intrik\u00e1k, sz\u00f6vev\u00e9nyek \u00e9s a v\u00e1ltozatos kult\u00far\u00e1k nemcsak a narrat\u00edv\u00e1n, hanem a szerepl\u0151k \u00e1ltal besz\u00e9lt nyelveken kereszt\u00fcl is \u00e9letre kelnek.<\/p><div id=\"ez-toc-container\" class=\"ez-toc-v2_0_82_2 counter-hierarchy ez-toc-counter ez-toc-grey ez-toc-container-direction\">\n<p class=\"ez-toc-title\" style=\"cursor:inherit\">Tartalomjegyz\u00e9k:<\/p>\n<label for=\"ez-toc-cssicon-toggle-item-69f0e10ba2833\" class=\"ez-toc-cssicon-toggle-label\"><span class=\"ez-toc-cssicon\"><span class=\"eztoc-hide\" style=\"display:none;\">Toggle<\/span><span class=\"ez-toc-icon-toggle-span\"><svg style=\"fill: #999;color:#999\" xmlns=\"http:\/\/www.w3.org\/2000\/svg\" class=\"list-377408\" width=\"20px\" height=\"20px\" viewBox=\"0 0 24 24\" fill=\"none\"><path d=\"M6 6H4v2h2V6zm14 0H8v2h12V6zM4 11h2v2H4v-2zm16 0H8v2h12v-2zM4 16h2v2H4v-2zm16 0H8v2h12v-2z\" fill=\"currentColor\"><\/path><\/svg><svg style=\"fill: #999;color:#999\" class=\"arrow-unsorted-368013\" xmlns=\"http:\/\/www.w3.org\/2000\/svg\" width=\"10px\" height=\"10px\" viewBox=\"0 0 24 24\" version=\"1.2\" baseProfile=\"tiny\"><path d=\"M18.2 9.3l-6.2-6.3-6.2 6.3c-.2.2-.3.4-.3.7s.1.5.3.7c.2.2.4.3.7.3h11c.3 0 .5-.1.7-.3.2-.2.3-.5.3-.7s-.1-.5-.3-.7zM5.8 14.7l6.2 6.3 6.2-6.3c.2-.2.3-.5.3-.7s-.1-.5-.3-.7c-.2-.2-.4-.3-.7-.3h-11c-.3 0-.5.1-.7.3-.2.2-.3.5-.3.7s.1.5.3.7z\"\/><\/svg><\/span><\/span><\/label><input type=\"checkbox\" style='display:none' id=\"ez-toc-cssicon-toggle-item-69f0e10ba2833\"  aria-label=\"Toggle\" \/><nav><ul class='ez-toc-list ez-toc-list-level-1 ' ><ul class='ez-toc-list-level-3' ><li class='ez-toc-heading-level-3'><a class=\"ez-toc-link ez-toc-heading-1\" href=\"https:\/\/vasco-electronics.hu\/cikkek\/nyelvek\/milyen-nyelvet-beszelnek-duneben\/#FAQ\" >FAQ:<\/a><\/li><\/ul><\/li><li class='ez-toc-page-1 ez-toc-heading-level-2'><a class=\"ez-toc-link ez-toc-heading-2\" href=\"https:\/\/vasco-electronics.hu\/cikkek\/nyelvek\/milyen-nyelvet-beszelnek-duneben\/#A_galach_nyelv_egyetemes_nyelv\" >A galach nyelv: egyetemes nyelv<\/a><ul class='ez-toc-list-level-3' ><li class='ez-toc-heading-level-3'><a class=\"ez-toc-link ez-toc-heading-3\" href=\"https:\/\/vasco-electronics.hu\/cikkek\/nyelvek\/milyen-nyelvet-beszelnek-duneben\/#Milyen_nyelven_beszel_az_Atreides-haz\" >Milyen nyelven besz\u00e9l az Atreides-h\u00e1z?<\/a><\/li><\/ul><\/li><li class='ez-toc-page-1 ez-toc-heading-level-2'><a class=\"ez-toc-link ez-toc-heading-4\" href=\"https:\/\/vasco-electronics.hu\/cikkek\/nyelvek\/milyen-nyelvet-beszelnek-duneben\/#A_fremen_nyelv_A_sivatag_hangja\" >A fremen nyelv: A sivatag hangja<\/a><ul class='ez-toc-list-level-3' ><li class='ez-toc-heading-level-3'><a class=\"ez-toc-link ez-toc-heading-5\" href=\"https:\/\/vasco-electronics.hu\/cikkek\/nyelvek\/milyen-nyelvet-beszelnek-duneben\/#A_vadaszat_nyelve\" >A vad\u00e1szat nyelve<\/a><\/li><li class='ez-toc-page-1 ez-toc-heading-level-3'><a class=\"ez-toc-link ez-toc-heading-6\" href=\"https:\/\/vasco-electronics.hu\/cikkek\/nyelvek\/milyen-nyelvet-beszelnek-duneben\/#A_Dune_az_iszlambol_ered_Az_arab_nyelv_a_Duneben\" >A D\u0171ne az iszl\u00e1mb\u00f3l ered? Az arab nyelv a D\u0171n\u00e9ben<\/a><\/li><\/ul><\/li><li class='ez-toc-page-1 ez-toc-heading-level-2'><a class=\"ez-toc-link ez-toc-heading-7\" href=\"https:\/\/vasco-electronics.hu\/cikkek\/nyelvek\/milyen-nyelvet-beszelnek-duneben\/#A_Dune_nyelvei_A_Sardaukar_titokzatos_nyelvei\" >A D\u0171ne nyelvei: A Sardaukar titokzatos nyelvei<\/a><\/li><li class='ez-toc-page-1 ez-toc-heading-level-2'><a class=\"ez-toc-link ez-toc-heading-8\" href=\"https:\/\/vasco-electronics.hu\/cikkek\/nyelvek\/milyen-nyelvet-beszelnek-duneben\/#Milyen_nyelven_beszelnek_a_Duneben_es_a_Dune_2-ben\" >Milyen nyelven besz\u00e9lnek a D\u0171n\u00e9ben \u00e9s a D\u0171ne 2-ben?<\/a><\/li><li class='ez-toc-page-1 ez-toc-heading-level-2'><a class=\"ez-toc-link ez-toc-heading-9\" href=\"https:\/\/vasco-electronics.hu\/cikkek\/nyelvek\/milyen-nyelvet-beszelnek-duneben\/#Vannak_osi_nyelvek_a_Dune_vagy_a_Dune_2_cimu_filmekben\" >Vannak \u0151si nyelvek a D\u0171ne vagy a D\u0171ne 2 c\u00edm\u0171 filmekben?<\/a><\/li><li class='ez-toc-page-1 ez-toc-heading-level-2'><a class=\"ez-toc-link ez-toc-heading-10\" href=\"https:\/\/vasco-electronics.hu\/cikkek\/nyelvek\/milyen-nyelvet-beszelnek-duneben\/#A_Dune_az_iszlambol_ered\" >A D\u0171ne az iszl\u00e1mb\u00f3l ered?<\/a><\/li><li class='ez-toc-page-1 ez-toc-heading-level-2'><a class=\"ez-toc-link ez-toc-heading-11\" href=\"https:\/\/vasco-electronics.hu\/cikkek\/nyelvek\/milyen-nyelvet-beszelnek-duneben\/#Dr_Yueh_Mandarin_nyelven_beszel_Teny_vagy_fikcio\" >Dr. Yueh Mandarin nyelven besz\u00e9l: T\u00e9ny vagy fikci\u00f3?<\/a><\/li><li class='ez-toc-page-1 ez-toc-heading-level-2'><a class=\"ez-toc-link ez-toc-heading-12\" href=\"https:\/\/vasco-electronics.hu\/cikkek\/nyelvek\/milyen-nyelvet-beszelnek-duneben\/#A_Dune_nyelvi_fordito\" >A D\u0171ne nyelvi ford\u00edt\u00f3<\/a><\/li><li class='ez-toc-page-1 ez-toc-heading-level-2'><a class=\"ez-toc-link ez-toc-heading-13\" href=\"https:\/\/vasco-electronics.hu\/cikkek\/nyelvek\/milyen-nyelvet-beszelnek-duneben\/#Kovetkeztetes\" >K\u00f6vetkeztet\u00e9s<\/a><ul class='ez-toc-list-level-3' ><li class='ez-toc-heading-level-3'><a class=\"ez-toc-link ez-toc-heading-14\" href=\"https:\/\/vasco-electronics.hu\/cikkek\/nyelvek\/milyen-nyelvet-beszelnek-duneben\/#A_Dune_nyelvek_sokszinusege\" >A D\u0171ne nyelvek soksz\u00edn\u0171s\u00e9ge<\/a><\/li><\/ul><\/li><\/ul><\/nav><\/div>\n\n<p>Val\u00f3sz\u00edn\u0171leg a 20. sz\u00e1zad v\u00e9g\u00e9nek z\u0171rzavara ihlette, bele\u00e9rtve a hidegh\u00e1bor\u00fat is. A D\u0171ne a j\u00f6v\u0151 diszt\u00f3pikus t\u00f6rt\u00e9net\u00e9t mes\u00e9li el, ahol a k\u00fcl\u00f6nb\u00f6z\u0151 nagy h\u00e1zak ir\u00e1ny\u00edtj\u00e1k a bolyg\u00f3k h\u0171b\u00e9reit egy csillagk\u00f6zi t\u00e1rsadalomban. A reg\u00e9ny \u00f6nmag\u00e1ban is egy kiv\u00e1l\u00f3 alkot\u00e1s sci-fi kateg\u00f3ri\u00e1ban, megfilmes\u00edt\u00e9se kasszasiker lett.<\/p>\n<p>Ebben a blogbejegyz\u00e9sben el\u0151sz\u00f6r a D\u0171ne leny\u0171g\u00f6z\u0151 nyelvi vil\u00e1g\u00e1t fogjuk felfedezni, ut\u00e1na pedig r\u00e1vil\u00e1g\u00edtunk a sorozatban haszn\u00e1lt k\u00fcl\u00f6nf\u00e9le nyelvekre, bele\u00e9rtve a m\u00e1sodik D\u0171ne-film nyelveit is.<\/p>\n<p>Teh\u00e1t, ha arra k\u00edv\u00e1ncsi, hogy &#8222;<span data-color=\"var(--purple-10)\">milyen nyelven besz\u00e9lnek D\u0171n\u00e9ben&#8221;<\/span>, &#8222;<span data-color=\"var(--purple-10)\">milyen nyelven besz\u00e9lnek a szardaukarok<\/span>&#8222;, vagy &#8222;<span data-color=\"var(--purple-10)\">milyen nyelven besz\u00e9lnek a fremenek<\/span>&#8222;, itt megtal\u00e1lja a v\u00e1laszt!<\/p>\n<p><strong>Ebben a cikkben a k\u00f6vetkez\u0151 t\u00e9m\u00e1kkal foglalkozunk:<\/strong><\/p>\n<ul>\n<li><span data-color=\"var(--purple-10)\">A D\u0171ne nyelvei<\/span><\/li>\n<li><span data-color=\"var(--purple-10)\">A galach nyelv<\/span>: egyetemes nyelv<\/li>\n<li><span data-color=\"var(--purple-10)\">A galach \u00e1b\u00e9c\u00e9<\/span><\/li>\n<li><span data-color=\"var(--purple-10)\">A fremen nyelv<\/span>: A sivatag hangja<\/li>\n<li>Vannak \u0151si nyelvek a <span data-color=\"var(--purple-10)\">D\u0171ne<\/span> vagy a <span data-color=\"var(--purple-10)\">D\u0171ne 2<\/span> c\u00edm\u0171 filmekben?<\/li>\n<li>Milyen nyelven besz\u00e9lnek a <span data-color=\"var(--purple-10)\">D\u0171ne 2<\/span> c\u00edm\u0171 filmben?<\/li>\n<li>A <span data-color=\"var(--purple-10)\">D\u0171ne nyelvek<\/span> soksz\u00edn\u0171s\u00e9ge, a <span data-color=\"var(--purple-10)\">m\u0171nyelvek<\/span> \u00e1ttekint\u00e9se<\/li>\n<li><span data-color=\"var(--purple-10)\">Milyen nyelvet besz\u00e9lnek a D\u0171n\u00e9ben?<\/span><\/li>\n<li><span data-color=\"var(--purple-10)\">Milyen nyelven besz\u00e9lnek a szardaukarok?<\/span><\/li>\n<li><span data-color=\"var(--purple-10)\">Milyen nyelven besz\u00e9lnek a fremenek?<\/span><\/li>\n<li>Dr. Yueh mandarinul besz\u00e9l?<\/li>\n<li><span data-color=\"var(--purple-10)\">Milyen nyelven besz\u00e9lnek Atreid\u00e9<\/span>k?<\/li>\n<li>A <span data-color=\"var(--purple-10)\">D\u0171ne nyelvi ford\u00edt\u00f3<\/span><\/li>\n<li>L\u00e9tezik <span data-color=\"var(--purple-10)\">fremen nyelv ford\u00edt\u00f3<\/span>?<\/li>\n<li>Lehets\u00e9ges <span data-color=\"var(--purple-10)\">arab nyelv a D\u0171n\u00e9ben<\/span>?<\/li>\n<li>Vajon lesz D\u0171ne h\u00e1rom is, a t\u00f6rt\u00e9net folytat\u00e1sa?<\/li>\n<\/ul>\n<p>Kezdj\u00fck, h\u00e1t!<\/p>\n<div class=\"faq-section\">\n<h3><span class=\"ez-toc-section\" id=\"FAQ\"><\/span>FAQ:<span class=\"ez-toc-section-end\"><\/span><\/h3>\n<h4 class=\"question1\">Milyen nyelven besz\u00e9lnek Dune-ban?<\/h4>\n<div class=\"answer1\">D\u0171ne legsz\u00e9lesebb k\u00f6rben besz\u00e9lt nyelve a galach. Ez egy univerz\u00e1lis nyelv, amely az angolb\u00f3l \u00e9s sz\u00e1mos szl\u00e1v nyelvb\u0151l sz\u00e1rmazik.<\/div>\n<h4 class=\"question2\">Mi a titkos nyelv a Dune-ban?<\/h4>\n<div class=\"answer2\">A titkos nyelvet a Sardaukar, a Padishah cs\u00e1sz\u00e1r \u00e1d\u00e1z \u00e9s elit katon\u00e1i besz\u00e9lt\u00e9k. R\u00f6viden elhangzott a 2021-es Dune filmben.<\/div>\n<h4 class=\"question3\">A Galach val\u00f3di nyelv?<\/h4>\n<div class=\"answer3\">A Galach egy kital\u00e1lt nyelv, amelyet Frank Herbert k\u00e9sz\u00edtett a Dune sz\u00e1m\u00e1ra.<\/div>\n<h4 class=\"question4\">Milyen nyelv\u0171 Lisan al Gaib?<\/h4>\n<div class=\"answer4\">A &#8222;Lisan al Gaib&#8221; egy fremen kifejez\u00e9s, amelyet a vil\u00e1gon k\u00edv\u00fcli pr\u00f3f\u00e9t\u00e1ra vagy messi\u00e1sra haszn\u00e1lnak. Az arabb\u00f3l sz\u00e1rmazhat, &#8222;\u0644\u0633\u0627\u0646 \u0627\u0644\u063a\u064a\u0628&#8221; (lisaan al-ghaib), jelent\u00e9se: &#8222;a l\u00e1thatatlan\/hi\u00e1nyz\u00f3 nyelve&#8221;.<\/div>\n<h4 class=\"question5\">Milyen nyelven besz\u00e9ltek a fremenek?<\/h4>\n<div class=\"answer5\">A fremenek egy azonos nev\u0171 nyelvet haszn\u00e1ltak. Az arab \u00e9s a chakobsa nyelvb\u0151l sz\u00e1rmazik, amelyet az Atreides-h\u00e1z haszn\u00e1lt harci nyelvk\u00e9nt.<\/div>\n<h4 class=\"question6\">A Fremen \u00e1ltal besz\u00e9lt nyelv arab nyelven alapul?<\/h4>\n<div class=\"answer6\">A fremen nyelv az arabhoz hasonl\u00edt. A fremen kult\u00far\u00e1t is Herbert a t\u00f6rt\u00e9nelmi iszl\u00e1mra alapozta.<\/div>\n<\/div>\n<p data-pm-slice=\"1 1 []\"><img decoding=\"async\" class=\"alignnone size-full wp-image-2881\" src=\"https:\/\/vasco-electronics.hu\/cikkek\/wp-content\/uploads\/2023\/08\/Blog_2026_dune_02.jpg\" alt=\"dune\" width=\"1200\" height=\"700\" srcset=\"https:\/\/vasco-electronics.hu\/cikkek\/wp-content\/uploads\/2023\/08\/Blog_2026_dune_02.jpg 1200w, https:\/\/vasco-electronics.hu\/cikkek\/wp-content\/uploads\/2023\/08\/Blog_2026_dune_02-980x572.jpg 980w, https:\/\/vasco-electronics.hu\/cikkek\/wp-content\/uploads\/2023\/08\/Blog_2026_dune_02-480x280.jpg 480w\" sizes=\"(min-width: 0px) and (max-width: 480px) 480px, (min-width: 481px) and (max-width: 980px) 980px, (min-width: 981px) 1200px, 100vw\" \/><\/p>\n<h2 data-pm-slice=\"1 1 []\"><span class=\"ez-toc-section\" id=\"A_galach_nyelv_egyetemes_nyelv\"><\/span><span data-color=\"var(--purple-10)\">A galach nyelv<\/span>: egyetemes nyelv<span class=\"ez-toc-section-end\"><\/span><\/h2>\n<p>Ha a d\u0171ne nyelvekr\u0151l van sz\u00f3, a legsz\u00e9lesebb k\u00f6rben besz\u00e9lt a <span data-color=\"var(--purple-10)\">galach<\/span>. A gyakran &#8222;k\u00f6znyelvnek&#8221; vagy &#8222;kereskedelmi nyelvnek&#8221; nevezett <span data-color=\"var(--purple-10)\">Galach nyelv<\/span>, a csillagk\u00f6zi kommunik\u00e1ci\u00f3 hivatalos nyelve.<\/p>\n<p>A <span data-color=\"var(--purple-10)\">Galach<\/span> a <span data-color=\"var(--purple-10)\">d\u0171ne <a href=\"https:\/\/vasco-electronics.hu\/cikkek\/nyelvek\/\">nyelvek<\/a><\/span> k\u00f6z\u00e9 tartozik, f\u0151k\u00e9nt angolb\u00f3l \u00e9s k\u00fcl\u00f6nf\u00e9le szl\u00e1v nyelvekb\u0151l ered, \u00e9s ahogy az lenni szokott, az \u00e9vezredek sor\u00e1n folyamatosan fejl\u0151d\u00f6tt \u00e9s v\u00e1ltozott.<\/p>\n<p><span data-color=\"var(--purple-10)\">Galach \u00e1b\u00e9c\u00e9 D\u0171ne<\/span> filmekben: Lehet\u0151v\u00e9 teszi a k\u00fcl\u00f6nb\u00f6z\u0151 bolyg\u00f3kr\u00f3l \u00e9s kult\u00far\u00e1kr\u00f3l sz\u00e1rmaz\u00f3 egy\u00e9nek sz\u00e1m\u00e1ra az interakci\u00f3t \u00e9s a keresked\u00e9st. A <span data-color=\"var(--purple-10)\">magas galaktikus \u00e1b\u00e9c\u00e9<\/span> \u00edr\u00e1sjeleit, m\u00e1s n\u00e9ven <span data-color=\"var(--purple-10)\">Galach<\/span> \u00edr\u00e1st haszn\u00e1lj\u00e1k az \u00edr\u00e1sbeli kommunik\u00e1ci\u00f3 sor\u00e1n.<\/p>\n<p>A <span data-color=\"var(--purple-10)\">magas galaktikus \u00e1b\u00e9c\u00e9<\/span> kulcsfontoss\u00e1g\u00fa szerepet j\u00e1tszik a tud\u00e1s \u00e9s inform\u00e1ci\u00f3 k\u00f6zvet\u00edt\u00e9s\u00e9ben az univerzumban. Na de l\u00e1ssuk, <span data-color=\"var(--purple-10)\">milyen nyelvet besz\u00e9lnek a D\u0171n\u00e9ben<\/span>?<\/p>\n<h3><span class=\"ez-toc-section\" id=\"Milyen_nyelven_beszel_az_Atreides-haz\"><\/span>Milyen nyelven besz\u00e9l az Atreides-h\u00e1z?<span class=\"ez-toc-section-end\"><\/span><\/h3>\n<p>A D\u0171ne c\u00edm\u0171 film univerzum\u00e1ban az Atreides-h\u00e1z, a t\u00f6rt\u00e9net egyik k\u00f6zponti uralkod\u00f3 csal\u00e1dja, els\u0151sorban <span data-color=\"var(--purple-10)\">galach<\/span> nyelven besz\u00e9l. Ugyanakkor saj\u00e1t nyelv\u00fck is van, amely gazdag \u00f6r\u00f6ks\u00e9g\u00fcket \u00e9s hagyom\u00e1nyaikat t\u00fckr\u00f6zi.<\/p>\n<h2 data-pm-slice=\"1 1 []\"><span class=\"ez-toc-section\" id=\"A_fremen_nyelv_A_sivatag_hangja\"><\/span><span data-color=\"var(--purple-10)\">A fremen nyelv<\/span>: A sivatag hangja<span class=\"ez-toc-section-end\"><\/span><\/h2>\n<p>A <span data-color=\"var(--purple-10)\">fremen nyelv <\/span>egy sivatagban \u00e9l\u0151 n\u00e9p nyelve, amely az Arrakis sivatagi bolyg\u00f3n, m\u00e1s n\u00e9ven a &#8222;d\u0171n\u00e9n&#8221; \u0151shonos.<\/p>\n<p>\u00c9s milyen nyelven besz\u00e9lnek a fremenek?<\/p>\n<p>M\u00edg a galach a k\u00f6z\u00f6s nyelv, a<span data-color=\"var(--purple-10)\"> fremen nyelv<\/span> is az egyik kiemelked\u0151 nyelv ebben a leny\u0171g\u00f6z\u0151 univerzumban.<\/p>\n<p>Ez a sivatagi kult\u00far\u00e1jukban m\u00e9lyen gy\u00f6kerez\u0151 d\u0171nenyelv nagy jelent\u0151s\u00e9ggel b\u00edr a t\u00f6rt\u00e9netben, t\u00fckr\u00f6zve k\u00fczdelmeiket, hiedelmeiket \u00e9s \u00e9letm\u00f3djukat.<\/p>\n<p><span data-color=\"var(--purple-10)\">Arab nyelv a D\u0171n\u00e9ben<\/span>? Igen, a <span data-color=\"var(--purple-10)\">fremen<\/span> az arabb\u00f3l sz\u00e1rmazik, de az \u00e9vek sor\u00e1n egyszer\u0171bb\u00e9 v\u00e1lt. A cikk tov\u00e1bbi r\u00e9sz\u00e9ben megvizsg\u00e1ljuk <span data-color=\"var(--purple-10)\">D\u0171ne <a href=\"https:\/\/vasco-electronics.hu\/cikkek\/nyelvek\/\">nyelvek <\/a><\/span>arab jellemz\u0151it is!<\/p>\n<h3 data-pm-slice=\"1 1 []\"><span class=\"ez-toc-section\" id=\"A_vadaszat_nyelve\"><\/span>A vad\u00e1szat nyelve<span class=\"ez-toc-section-end\"><\/span><\/h3>\n<p>Ha a<span data-color=\"var(--purple-10)\"> fremen<\/span> nyelvr\u0151l besz\u00e9l\u00fcnk, \u00e9rdemes megeml\u00edteni a vad\u00e1sz nyelvet is. Ez a k\u00e9zjelek \u00e9s gesztusok nem vok\u00e1lis rendszere, amelyet \u00fagy terveztek, hogy csendes \u00e9s diszkr\u00e9t legyen.<\/p>\n<p>A<span data-color=\"var(--purple-10)\"> fremen <\/span>harcosok ezeket a jeleket haszn\u00e1lj\u00e1k arra, hogy kommunik\u00e1ljanak egym\u00e1ssal vad\u00e1szatok vagy csat\u00e1k sor\u00e1n, an\u00e9lk\u00fcl, hogy figyelmeztetn\u00e9k a potenci\u00e1lis zs\u00e1km\u00e1nyt vagy ellens\u00e9get a jelenl\u00e9t\u00fckre.<\/p>\n<p>A csendes kommunik\u00e1ci\u00f3 l\u00e9tfontoss\u00e1g\u00fa Arrakis ellens\u00e9ges \u00e9s zord k\u00f6rnyezet\u00e9ben, ahol a legkisebb zajnak is s\u00falyos k\u00f6vetkezm\u00e9nyei lehetnek.<\/p>\n<h3><span class=\"ez-toc-section\" id=\"A_Dune_az_iszlambol_ered_Az_arab_nyelv_a_Duneben\"><\/span><span data-color=\"var(--purple-10)\">A D\u0171ne az iszl\u00e1mb\u00f3l ered<\/span>? <span data-color=\"var(--purple-10)\">Az arab nyelv a D\u0171n\u00e9ben<\/span><span class=\"ez-toc-section-end\"><\/span><\/h3>\n<p>A &#8222;d\u0171ne&#8221; kifejez\u00e9st gyakran \u00fagy \u00e9rtelmezt\u00e9k, hogy p\u00e1rhuzamot mutat a val\u00f3 vil\u00e1g k\u00fcl\u00f6nb\u00f6z\u0151 kult\u00far\u00e1ival \u00e9s vall\u00e1saival. Egyes olvas\u00f3k \u00e9s n\u00e9z\u0151k \u00f6sszef\u00fcgg\u00e9seket \u00e1llap\u00edtottak meg a fremen kult\u00fara \u00e9s az iszl\u00e1m hat\u00e1sok k\u00f6z\u00f6tt, a nyelvi, szok\u00e1sok \u00e9s t\u00e1rsadalmi strukt\u00fara hasonl\u00f3s\u00e1g\u00e1ra hivatkozva.<\/p>\n<p>Frank Herbert azonban nem akarta, hogy a &#8222;d\u0171ne&#8221; egy adott vall\u00e1s vagy kult\u00fara k\u00f6zvetlen alleg\u00f3ri\u00e1ja legyen. Ehelyett a hat\u00e1sok sz\u00e9les sk\u00e1l\u00e1j\u00e1t haszn\u00e1lta fel egy egyedi \u00e9s t\u00f6bbdimenzi\u00f3s vil\u00e1g fel\u00e9p\u00edt\u00e9s\u00e9re.<\/p>\n<p data-pm-slice=\"1 1 []\"><img decoding=\"async\" class=\"alignnone size-full wp-image-2880\" src=\"https:\/\/vasco-electronics.hu\/cikkek\/wp-content\/uploads\/2023\/08\/Blog_2026_dune_04.jpg\" alt=\"dunes\" width=\"1200\" height=\"700\" srcset=\"https:\/\/vasco-electronics.hu\/cikkek\/wp-content\/uploads\/2023\/08\/Blog_2026_dune_04.jpg 1200w, https:\/\/vasco-electronics.hu\/cikkek\/wp-content\/uploads\/2023\/08\/Blog_2026_dune_04-980x572.jpg 980w, https:\/\/vasco-electronics.hu\/cikkek\/wp-content\/uploads\/2023\/08\/Blog_2026_dune_04-480x280.jpg 480w\" sizes=\"(min-width: 0px) and (max-width: 480px) 480px, (min-width: 481px) and (max-width: 980px) 980px, (min-width: 981px) 1200px, 100vw\" \/><\/p>\n<h2 data-pm-slice=\"1 1 []\"><span class=\"ez-toc-section\" id=\"A_Dune_nyelvei_A_Sardaukar_titokzatos_nyelvei\"><\/span>A D\u0171ne nyelvei: A Sardaukar titokzatos nyelvei<span class=\"ez-toc-section-end\"><\/span><\/h2>\n<p>Ez a d\u0171ne nyelv az univerzum k\u00e9t er\u0151s vez\u00e9r\u00e9t\u0151l sz\u00e1rmazik.<\/p>\n<p>A Sardaukar, a Padishah cs\u00e1sz\u00e1r \u00e1d\u00e1z \u00e9s elit katon\u00e1i olyan titkos nyelvet besz\u00e9lnek, amelyet csak a saj\u00e1t emberi ismernek. Ez a nyelv r\u00f6viden hallhat\u00f3 a D\u0171ne film 2021-es v\u00e1ltozat\u00e1ban.<\/p>\n<h2><span class=\"ez-toc-section\" id=\"Milyen_nyelven_beszelnek_a_Duneben_es_a_Dune_2-ben\"><\/span>Milyen nyelven besz\u00e9lnek a D\u0171n\u00e9ben \u00e9s a D\u0171ne 2-ben?<span class=\"ez-toc-section-end\"><\/span><\/h2>\n<p>A m\u00e1sodik D\u0171ne-film bemutat\u00e1s\u00e1val a rajong\u00f3k \u00faj kult\u00far\u00e1kkal \u00e9s karakterekkel ismerkedhettek meg.<\/p>\n<p>Milyen nyelven besz\u00e9lnek a D\u0171n\u00e9ben \u00e9s a D\u0171ne 2-ben? M\u00edg a Galach az univerz\u00e1lis nyelv marad, a film tov\u00e1bbi nyelvi elemeket t\u00e1r fel, m\u00e9lys\u00e9get adva a D\u0171ne am\u00fagy is mag\u00e1val ragad\u00f3 vil\u00e1g\u00e1hoz.<\/p>\n<p>De vannak m\u00e1s D\u0171ne nyelvek? Mik a haszn\u00e1lt D\u0171ne <a href=\"https:\/\/vasco-electronics.hu\/cikkek\/nyelvek\/\">nyelvek<\/a>?<\/p>\n<h2 data-pm-slice=\"1 1 []\"><span class=\"ez-toc-section\" id=\"Vannak_osi_nyelvek_a_Dune_vagy_a_Dune_2_cimu_filmekben\"><\/span>Vannak \u0151si <a href=\"https:\/\/vasco-electronics.hu\/cikkek\/nyelvek\/\">nyelvek<\/a> a D\u0171ne vagy a D\u0171ne 2 c\u00edm\u0171 filmekben?<span class=\"ez-toc-section-end\"><\/span><\/h2>\n<p>Vannak utal\u00e1sok az \u0151si nyelvekre, amelyek m\u00e9lys\u00e9get \u00e9s t\u00f6rt\u00e9nelmi kontextust adnak a t\u00f6rt\u00e9nethez. A sorozatban megeml\u00edtett egyik figyelemre m\u00e9lt\u00f3 \u0151si nyelv az &#8222;Old Earth&#8221;, amelyr\u0151l \u00fagy tartj\u00e1k, hogy sz\u00e1mos modern nyelv, k\u00f6zt\u00fck a Galach \u0151se.<\/p>\n<p>A D\u0171ne reg\u00e9nyekben a szerepl\u0151k id\u0151nk\u00e9nt az \u00f3kori t\u00f6rt\u00e9nelemre, valamint \u0151si szavaikra \u00e9s k\u00f6zmond\u00e1saikra hivatkoznak, bemutatva a nyelv tart\u00f3s hat\u00e1s\u00e1t a t\u00e1voli j\u00f6v\u0151ben is. Az Old Earth kifejez\u00e9sek haszn\u00e1lata az emberi kult\u00fara \u00e9s t\u00f6rt\u00e9nelem folytonoss\u00e1g\u00e1nak hangs\u00falyoz\u00e1s\u00e1t is szolg\u00e1lja id\u0151ben \u00e9s t\u00e9rben.<\/p>\n<p>Ezenk\u00edv\u00fcl a Bene Gesserit, a D\u0171ne sorozat titkos testv\u00e9ris\u00e9ge, hatalmas \u0151si tud\u00e1ssal rendelkezik, bele\u00e9rtve a nyelveket is. Ismeretes, hogy meg\u0151rizt\u00e9k \u00e9s tanulm\u00e1nyozt\u00e1k a k\u00fcl\u00f6nb\u00f6z\u0151 \u0151si nyelveket \u00e9s sz\u00f6vegeket, ami hozz\u00e1j\u00e1rul rejt\u00e9lyes aur\u00e1jukhoz \u00e9s misztikumukhoz az univerzumban.<\/p>\n<h2><span class=\"ez-toc-section\" id=\"A_Dune_az_iszlambol_ered\"><\/span>A D\u0171ne az iszl\u00e1mb\u00f3l ered?<span class=\"ez-toc-section-end\"><\/span><\/h2>\n<p>A D\u0171ne egyik leg\u00e9rdekesebb aspektusa a kultur\u00e1lis inspir\u00e1ci\u00f3, amely k\u00fcl\u00f6nf\u00e9le val\u00f3s kult\u00far\u00e1k elemeit \u00f6tv\u00f6zi a filmben.<\/p>\n<p>M\u00edg a fremen nyelv az arabb\u00f3l mer\u00edt ihletet, nem az arab nyelv k\u00f6zvetlen reprezent\u00e1ci\u00f3ja. Frank Herbert vil\u00e1g\u00e9p\u00edt\u00e9se a hat\u00e1sok egyed\u00fcl\u00e1ll\u00f3 kever\u00e9ke, \u00e9l\u00e9nk \u00e9s egyedi nyelvet teremt eredeti szavakkal \u00e9s kifejez\u00e9sekkel.<\/p>\n<p>A fremen nyelv arab szavakb\u00f3l sz\u00e1rmaz\u00f3 hat\u00e1sokra p\u00e9lda lehet a &#8222;Sietch&#8221; kifejez\u00e9s. A fremen f\u00f6ldalatti k\u00f6z\u00f6ss\u00e9gek vagy telep\u00fcl\u00e9sek le\u00edr\u00e1s\u00e1ra szolg\u00e1l a m\u00e9ly sivatagban. Ez hasonl\u00edt az arab &#8222;\u0633\u064a\u062a\u0634&#8221; (ejtsd: &#8222;saytch&#8221;) sz\u00f3ra, ami azt jelenti, hogy &#8222;t\u00e1borozni&#8221; vagy &#8222;s\u00e1trat verni&#8221;.<\/p>\n<h2><span class=\"ez-toc-section\" id=\"Dr_Yueh_Mandarin_nyelven_beszel_Teny_vagy_fikcio\"><\/span>Dr. Yueh Mandarin nyelven besz\u00e9l: T\u00e9ny vagy fikci\u00f3?<span class=\"ez-toc-section-end\"><\/span><\/h2>\n<p>A D\u0171ne rajong\u00f3i k\u00f6r\u00e9ben n\u00e9pszer\u0171 m\u00edtosz, miszerint Dr. Wellington Yueh, a sorozat egyik kiemelked\u0151 szerepl\u0151je mandarinul besz\u00e9l. A kanonikus forr\u00e1sok azonban nem t\u00e1masztj\u00e1k al\u00e1 ezt az \u00e1ll\u00edt\u00e1st.<\/p>\n<p>Sajnos a k\u00f6nyvekben nem eml\u00edtik, hogy ezt a D\u0171ne nyelvet Dr Yueh sz\u00e1m\u00e1ra hozt\u00e1k volna l\u00e9tre, \u00edgy teret hagynak az \u00e9rtelmez\u00e9snek \u00e9s a tal\u00e1lgat\u00e1soknak a rajong\u00f3k k\u00f6r\u00e9ben.<\/p>\n<h2 data-pm-slice=\"1 1 []\"><span class=\"ez-toc-section\" id=\"A_Dune_nyelvi_fordito\"><\/span>A D\u0171ne nyelvi ford\u00edt\u00f3<span class=\"ez-toc-section-end\"><\/span><\/h2>\n<p>Tekintettel a <a href=\"https:\/\/vasco-electronics.hu\/cikkek\/nyelvek\/\">nyelvek<\/a> jelent\u0151s\u00e9g\u00e9re a D\u0171ne c\u00edm\u0171 filmben, sok rajong\u00f3 v\u00e1gyott egy m\u0171k\u00f6d\u0151k\u00e9pes D\u0171ne nyelvi ford\u00edt\u00f3 eszk\u00f6zre.<\/p>\n<p>Noha egyes online eszk\u00f6z\u00f6k azt \u00e1ll\u00edtj\u00e1k, hogy ford\u00edt\u00e1si szolg\u00e1ltat\u00e1sokat k\u00edn\u00e1lnak, elengedhetetlen, hogy \u00f3vatosan k\u00f6zel\u00edtsenek hozz\u00e1juk, mivel el\u0151fordulhat, hogy ezek a ford\u00edt\u00e1sok nem pontosak vagy nem h\u0171ek a forr\u00e1sanyaghoz.<\/p>\n<p>A D\u0171ne nyelveinek bonyolult \u00e1rnyalatai m\u00e9lyebb meg\u00e9rt\u00e9st \u00e9s kultur\u00e1lis kontextust ig\u00e9nyelnek a pontos ford\u00edt\u00e1shoz. Jobb, ha j\u00f3l t\u00e1j\u00e9kozott forr\u00e1sokra hagyatkozik, p\u00e9ld\u00e1ul magukra a Frank Herbert k\u00f6nyvekre.<\/p>\n<p>Ha \u00d6n nagy D\u0171ne-rajong\u00f3 (vagy cikk\u00fcnknek k\u00f6sz\u00f6nhet\u0151en most lett az), \u00e9s szeretn\u00e9 megvitatni ezt a csod\u00e1latos m\u0171alkot\u00e1st m\u00e1sokkal, ne korl\u00e1tozza mag\u00e1t a nyelv\u00e9re.<\/p>\n<p>A D\u0171ne mesters\u00e9ges nyelvei kiv\u00e9telek, de a l\u00e9tez\u0151 <a href=\"https:\/\/vasco-electronics.hu\/cikkek\/nyelvek\/\">nyelvek<\/a> ford\u00edt\u00e1s\u00e1t k\u00f6nnyed\u00e9n megoldja a Vasco <strong><a href=\"https:\/\/vasco-electronics.hu\/funkciok\/beszedfordito\" target=\"_blank\" rel=\"noopener noreferrer\">besz\u00e9dford\u00edt\u00f3<\/a><\/strong>. K\u00fcl\u00f6nb\u00f6z\u0151 nyelveken cseveghet, k\u00e9peket ford\u00edthat le, idegen \u00e1b\u00e9c\u00e9t \u00e9s nyomtatott sz\u00f6vegeket \u00e9rthet meg, valamint ak\u00e1r sz\u00f6vegr\u0151l besz\u00e9dre is ford\u00edthat gond n\u00e9lk\u00fcl.<\/p>\n<p>Ha stresszmentesen szeretn\u00e9 \u00e9rezni mag\u00e1t a k\u00fclf\u00f6ldi nyaral\u00e1sa sor\u00e1n, mindenk\u00e9ppen n\u00e9zze meg a Vasco Translator hangford\u00edt\u00f3nkat. Lehet\u0151v\u00e9 teszi a kommunik\u00e1ci\u00f3t a vil\u00e1g t\u00f6bb mint 90%-\u00e1val. Ak\u00e1r 108 nyelv is megtal\u00e1lhat\u00f3 egyetlen hordozhat\u00f3 ford\u00edt\u00f3eszk\u00f6zben!<\/p>\n<p>Az Eur\u00f3p\u00e1n k\u00edv\u00fcl besz\u00e9lt nyelvek t\u00f6bbs\u00e9g\u00e9t t\u00e1mogatja a Vasco Translator V4 \u00e9s a Vasco Translator M3 <strong><a href=\"https:\/\/vasco-electronics.hu\/beszedfordito\/vasco-translator-v4\" target=\"_blank\" rel=\"noopener noreferrer\">ford\u00edt\u00f3g\u00e9p<\/a><\/strong>. Vigye mag\u00e1val a Vasco Translator besz\u00e9l\u0151 ford\u00edt\u00f3 eszk\u00f6zt az utaz\u00e1sra, amivel legy\u0151zheti a kommunik\u00e1ci\u00f3s neh\u00e9zs\u00e9geket. T\u00f6bbletk\u00f6lts\u00e9lg n\u00e9lk\u00fcl haszn\u00e1lhatja k\u00fclf\u00f6ld\u00f6n!<\/p>\n<p>Ford\u00edtson k\u00e9peket a <a href=\"https:\/\/vasco-electronics.hu\/funkciok\/fotofordito\" target=\"_blank\" rel=\"noopener noreferrer\"><strong>fot\u00f3 ford\u00edt\u00f3<\/strong><\/a>, sz\u00f6veget a <strong><a href=\"https:\/\/vasco-electronics.hu\/funkciok\/szovegfordito\" target=\"_blank\" rel=\"noopener noreferrer\">sz\u00f6vegford\u00edt\u00f3<\/a><\/strong> \u00e9s sz\u00f3beli kommunik\u00e1ci\u00f3t a <strong><a href=\"https:\/\/vasco-electronics.hu\/funkciok\/beszedfordito\" target=\"_blank\" rel=\"noopener noreferrer\">besz\u00e9dford\u00edt\u00f3<\/a> <\/strong>funkci\u00f3kkal k\u00f6nnyed\u00e9n. Az azonnali ford\u00edt\u00f3 minden helyzetben t\u00e1mogatja \u00d6nt.<\/p>\n<p><strong>Nincs t\u00f6bb\u00e9 nyelvi akad\u00e1ly a Vasco Translator <\/strong><a href=\"https:\/\/vasco-electronics.hu\/minden-termek\/\" target=\"_blank\" rel=\"noopener noreferrer\"><strong>nyelvford\u00edt\u00f3<\/strong><\/a><strong> j\u00f3volt\u00e1b\u00f3l!<\/strong><\/p>\n<p><img decoding=\"async\" class=\"alignnone size-full wp-image-2879\" src=\"https:\/\/vasco-electronics.hu\/cikkek\/wp-content\/uploads\/2023\/08\/Blog_2026_dune_03.jpg\" alt=\"dune 2\" width=\"1200\" height=\"700\" srcset=\"https:\/\/vasco-electronics.hu\/cikkek\/wp-content\/uploads\/2023\/08\/Blog_2026_dune_03.jpg 1200w, https:\/\/vasco-electronics.hu\/cikkek\/wp-content\/uploads\/2023\/08\/Blog_2026_dune_03-980x572.jpg 980w, https:\/\/vasco-electronics.hu\/cikkek\/wp-content\/uploads\/2023\/08\/Blog_2026_dune_03-480x280.jpg 480w\" sizes=\"(min-width: 0px) and (max-width: 480px) 480px, (min-width: 481px) and (max-width: 980px) 980px, (min-width: 981px) 1200px, 100vw\" \/><\/p>\n<h2 data-pm-slice=\"1 1 []\"><span class=\"ez-toc-section\" id=\"Kovetkeztetes\"><\/span>K\u00f6vetkeztet\u00e9s<span class=\"ez-toc-section-end\"><\/span><\/h2>\n<p>Ebben a cikkben a k\u00f6vetkez\u0151 k\u00e9rd\u00e9sre v\u00e1laszoltunk el\u0151sz\u00f6r: &#8222;Milyen nyelven besz\u00e9lnek D\u0171n\u00e9ben?&#8221;.<\/p>\n<p>Ut\u00e1na pedig ezekr\u0151l a k\u00e9rd\u00e9sekr\u0151l is t\u00f6bbet megtudtunk a D\u0171ne vil\u00e1g\u00e1r\u00f3l: &#8222;milyen nyelven besz\u00e9lnek a fremenek&#8221;, &#8222;Milyen nyelven besz\u00e9lnek az Atreidesek?&#8221;, valamint &#8222;el\u0151fordulhat arab nyelv a D\u0171n\u00e9ben?&#8221;<\/p>\n<h3><span class=\"ez-toc-section\" id=\"A_Dune_nyelvek_sokszinusege\"><\/span>A D\u0171ne <a href=\"https:\/\/vasco-electronics.hu\/cikkek\/nyelvek\/\">nyelvek<\/a> soksz\u00edn\u0171s\u00e9ge<span class=\"ez-toc-section-end\"><\/span><\/h3>\n<p>Herbert zsenialit\u00e1sa abban rejlik, hogy <strong>k\u00e9pes egy olyan univerzumot l\u00e9trehozni, ahol a kult\u00far\u00e1k, a <a href=\"https:\/\/vasco-electronics.hu\/cikkek\/nyelvek\/\">nyelvek<\/a> \u00e9s az identit\u00e1sok v\u00e1ltozatosak \u00e9s sokr\u00e9t\u0171ek<\/strong>, ismert \u00e9s kital\u00e1l von\u00e1sokat egyszerre tartalmaznak.<\/p>\n<p>Milyen nyelvet besz\u00e9lnek a D\u0171n\u00e9ben? A D\u0171ne szerepl\u0151i k\u00fcl\u00f6nb\u00f6z\u0151 h\u00e1tter\u0171ek \u00e9s k\u00fcl\u00f6nb\u00f6z\u0151 bolyg\u00f3kr\u00f3l sz\u00e1rmaznak, mindegyik a saj\u00e1t nyelv\u00e9n besz\u00e9l, tov\u00e1bb hangs\u00falyozva a D\u0171ne univerzum hatalmass\u00e1g\u00e1t \u00e9s \u00f6sszetetts\u00e9g\u00e9t.<\/p>\n<p>Galach D\u0171ne: M\u00edg a Galach a csillagk\u00f6zi kommunik\u00e1ci\u00f3 k\u00f6z\u00f6s nyelve, minden bolyg\u00f3 \u00e9s frakci\u00f3 a saj\u00e1t nyelv\u00e9t besz\u00e9li, m\u00e9lys\u00e9get \u00e9s gazdags\u00e1got adva a narrat\u00edv\u00e1nak.<\/p>\n<p>Ahogy a D\u0171ne 2 m\u00e9g tov\u00e1bb t\u00e1g\u00edtja az univerzumot, k\u00e9s\u0151bb a rajong\u00f3k a <a href=\"https:\/\/vasco-electronics.hu\/cikkek\/nyelvek\/\">nyelvek<\/a> \u00e9s kult\u00far\u00e1k vil\u00e1g\u00e1ban bonyolultabb v\u00e1ltozat\u00e1ra sz\u00e1m\u00edthatnak, mesteri \u00e9s mag\u00e1val ragad\u00f3 \u00e9lm\u00e9nyt ny\u00fajtva mindenkinek.<\/p>\n<p>Legyen sz\u00f3 a rejt\u00e9lyes fremen nyelvr\u0151l, a sardaukarok titkos nyelv\u00e9r\u0151l vagy a nemes Atreides nyelvi \u00f6r\u00f6ks\u00e9gr\u0151l, <strong>a D\u0171ne a nyelv hatalm\u00e1ra \u00e9s sz\u00e9ps\u00e9g\u00e9re eml\u00e9keztet benn\u00fcnket <\/strong>a vil\u00e1gok alak\u00edt\u00e1s\u00e1ban \u00e9s a mag\u00e1val ragad\u00f3 t\u00f6rt\u00e9netek elmes\u00e9l\u00e9s\u00e9ben. <strong>Az egyedi <a href=\"https:\/\/vasco-electronics.hu\/cikkek\/nyelvek\/\">nyelvek<\/a> seg\u00edts\u00e9g\u00e9vel sz\u00ednesebb a t\u00f6rt\u00e9net is<\/strong>, az angol verzi\u00f3ban, a szerz\u0151 semmit sem hagyott figyelmen k\u00edv\u00fcl.<strong> Egy igaz\u00e1n mes\u00e9s k\u00f6rnyezetbe ker\u00fcl a n\u00e9z\u0171 \u00e9s az olvas\u00f3, att\u00f3l f\u00fcggetlen\u00fcl, hogy milyen nyelven besz\u00e9lnek a D\u0171n\u00e9ben.<\/strong><\/p>\n<p>Mik\u00f6zben tov\u00e1bbi adapt\u00e1ci\u00f3kra v\u00e1runk, <strong>felfedezhetj\u00fck a D\u0171ne folyamatosan b\u0151v\u00fcl\u0151 univerzum\u00e1t, hangs\u00falyozva azt a nyelvi soksz\u00edn\u0171s\u00e9get, amely \u00edgy teszi ikonikuss\u00e1 ezt a sci-fi remekm\u0171vet. <\/strong>A D\u0171ne harmadik r\u00e9sz\u00e9nek megjelen\u00e9s\u00e9t pedig izgatottan v\u00e1rjuk. Az els\u0151 k\u00e9t r\u00e9sz alapj\u00e1n ak\u00e1r egy \u00fajabb vil\u00e1gba is cs\u00f6ppenhet\u00fcnk, vagy ismert helysz\u00ednek is megjelen\u00edt\u00e9sre ker\u00fclhetnek a k\u00f6nyv alapj\u00e1n, &#8211; ha a zseni\u00e1lis \u00edr\u00f3 eddigi kreat\u00edv alkot\u00e1saira gondolunk. 1984 \u00e9s 2023 k\u00f6z\u00f6tt sok id\u0151 telt el, m\u00e9gis a <strong>t\u00f6rt\u00e9net l\u00e9legzetel\u00e1ll\u00edt\u00f3an alakult, a harmadik r\u00e9sz sem lesz kiv\u00e9tel, ebben biztosak vagyunk.<\/strong><\/p>\n<h3 style=\"margin-top: 40px; border-top: solid lightgray 1px; padding-top: 10px;\">Di\u00f3h\u00e9jban:<\/h3>\n<p data-renderer-start-pos=\"13\">Frank Herbert epikus tudom\u00e1nyos-fantasztikus reg\u00e9nye, a D\u0171ne, nyelvek v\u00e1ltozatos sk\u00e1l\u00e1j\u00e1t tartalmazza, amelyek gazdag\u00edtj\u00e1k az elk\u00e9pzelt univerzumot. A legsz\u00e9lesebb k\u00f6rben besz\u00e9lt nyelv a galach, egy univerz\u00e1lis nyelv, amely angol \u00e9s szl\u00e1v nyelvekb\u0151l sz\u00e1rmazik, \u00e9s a csillagk\u00f6zi kommunik\u00e1ci\u00f3 k\u00f6z\u00f6s nyelvek\u00e9nt szolg\u00e1l. A fremeneknek, akik az Arrakis sivatagi bolyg\u00f3n honosak, saj\u00e1t nyelv\u00fck arab gy\u00f6kerekkel rendelkezik, amely t\u00fckr\u00f6zi kult\u00far\u00e1jukat \u00e9s k\u00fczdelmeiket. B\u00e1r az arab hat\u00e1sok jelen vannak, de a d\u0171ne nem iszl\u00e1m eredet\u0171, mivel a szerz\u0151 a megalkot\u00e1s\u00e1hoz k\u00fcl\u00f6nf\u00e9le val\u00f3s kult\u00far\u00e1kb\u00f3l \u00e9s vall\u00e1sokb\u00f3l mer\u00edtett ihletet. A D\u0171ne nyelveinek \u00f6sszetetts\u00e9ge hozz\u00e1j\u00e1rul a mag\u00e1val ragad\u00f3 t\u00f6rt\u00e9netmes\u00e9l\u00e9shez, \u00edgy az olvas\u00f3k \u00e9s a n\u00e9z\u0151k sz\u00e1m\u00e1ra egyar\u00e1nt kedvelt klasszikuss\u00e1 v\u00e1lt.<\/p>\n","protected":false},"excerpt":{"rendered":"<p>Frank Herbert epikus tudom\u00e1nyos-fantasztikus reg\u00e9nye, a D\u0171ne c\u00edm\u0171 film \u00e9vtizedek \u00f3ta rabul ejti az olvas\u00f3kat \u00e9s a n\u00e9z\u0151ket egyedis\u00e9de miatt. A gazdagon elk\u00e9pzelt univerzum, a bonyolult intrik\u00e1k, sz\u00f6vev\u00e9nyek \u00e9s a v\u00e1ltozatos kult\u00far\u00e1k nemcsak a narrat\u00edv\u00e1n, hanem a szerepl\u0151k \u00e1ltal besz\u00e9lt nyelveken kereszt\u00fcl is \u00e9letre kelnek. Val\u00f3sz\u00edn\u0171leg a 20. sz\u00e1zad v\u00e9g\u00e9nek z\u0171rzavara ihlette, bele\u00e9rtve a hidegh\u00e1bor\u00fat [&hellip;]<\/p>\n","protected":false},"author":9,"featured_media":2847,"comment_status":"closed","ping_status":"closed","sticky":false,"template":"","format":"standard","meta":{"_et_pb_use_builder":"","_et_pb_old_content":"","_et_gb_content_width":"","_FSMCFIC_featured_image_caption":"","_FSMCFIC_featured_image_nocaption":"","_FSMCFIC_featured_image_hide":"","footnotes":""},"categories":[22],"tags":[29],"class_list":["post-1364","post","type-post","status-publish","format-standard","has-post-thumbnail","hentry","category-nyelvek","tag-r-faber"],"_links":{"self":[{"href":"https:\/\/vasco-electronics.hu\/cikkek\/wp-json\/wp\/v2\/posts\/1364","targetHints":{"allow":["GET"]}}],"collection":[{"href":"https:\/\/vasco-electronics.hu\/cikkek\/wp-json\/wp\/v2\/posts"}],"about":[{"href":"https:\/\/vasco-electronics.hu\/cikkek\/wp-json\/wp\/v2\/types\/post"}],"author":[{"embeddable":true,"href":"https:\/\/vasco-electronics.hu\/cikkek\/wp-json\/wp\/v2\/users\/9"}],"replies":[{"embeddable":true,"href":"https:\/\/vasco-electronics.hu\/cikkek\/wp-json\/wp\/v2\/comments?post=1364"}],"version-history":[{"count":6,"href":"https:\/\/vasco-electronics.hu\/cikkek\/wp-json\/wp\/v2\/posts\/1364\/revisions"}],"predecessor-version":[{"id":2882,"href":"https:\/\/vasco-electronics.hu\/cikkek\/wp-json\/wp\/v2\/posts\/1364\/revisions\/2882"}],"wp:featuredmedia":[{"embeddable":true,"href":"https:\/\/vasco-electronics.hu\/cikkek\/wp-json\/wp\/v2\/media\/2847"}],"wp:attachment":[{"href":"https:\/\/vasco-electronics.hu\/cikkek\/wp-json\/wp\/v2\/media?parent=1364"}],"wp:term":[{"taxonomy":"category","embeddable":true,"href":"https:\/\/vasco-electronics.hu\/cikkek\/wp-json\/wp\/v2\/categories?post=1364"},{"taxonomy":"post_tag","embeddable":true,"href":"https:\/\/vasco-electronics.hu\/cikkek\/wp-json\/wp\/v2\/tags?post=1364"}],"curies":[{"name":"wp","href":"https:\/\/api.w.org\/{rel}","templated":true}]}}