{"id":1589,"date":"2023-11-23T12:19:12","date_gmt":"2023-11-23T11:19:12","guid":{"rendered":"https:\/\/vasco-electronics.hu\/cikkek\/?p=1589"},"modified":"2025-12-09T12:56:28","modified_gmt":"2025-12-09T11:56:28","slug":"global-karacsony-tippek","status":"publish","type":"post","link":"https:\/\/vasco-electronics.hu\/cikkek\/utazas\/global-karacsony-tippek\/","title":{"rendered":"Kar\u00e1csony a vil\u00e1g k\u00f6r\u00fcl: Hogyan t\u00f6lts\u00fck el a glob\u00e1lis \u00fcnnepeket?"},"content":{"rendered":"<p data-pm-slice=\"1 1 []\">A kar\u00e1csony nem csak egy \u00e9vszak; hat\u00e1rokon \u00e1t\u00edvel\u0151 meghitt \u00e9rz\u00e9s.<\/p><div id=\"ez-toc-container\" class=\"ez-toc-v2_0_82_2 counter-hierarchy ez-toc-counter ez-toc-grey ez-toc-container-direction\">\n<p class=\"ez-toc-title\" style=\"cursor:inherit\">Tartalomjegyz\u00e9k:<\/p>\n<label for=\"ez-toc-cssicon-toggle-item-69f585ecefa5e\" class=\"ez-toc-cssicon-toggle-label\"><span class=\"ez-toc-cssicon\"><span class=\"eztoc-hide\" style=\"display:none;\">Toggle<\/span><span class=\"ez-toc-icon-toggle-span\"><svg style=\"fill: #999;color:#999\" xmlns=\"http:\/\/www.w3.org\/2000\/svg\" class=\"list-377408\" width=\"20px\" height=\"20px\" viewBox=\"0 0 24 24\" fill=\"none\"><path d=\"M6 6H4v2h2V6zm14 0H8v2h12V6zM4 11h2v2H4v-2zm16 0H8v2h12v-2zM4 16h2v2H4v-2zm16 0H8v2h12v-2z\" fill=\"currentColor\"><\/path><\/svg><svg style=\"fill: #999;color:#999\" class=\"arrow-unsorted-368013\" xmlns=\"http:\/\/www.w3.org\/2000\/svg\" width=\"10px\" height=\"10px\" viewBox=\"0 0 24 24\" version=\"1.2\" baseProfile=\"tiny\"><path d=\"M18.2 9.3l-6.2-6.3-6.2 6.3c-.2.2-.3.4-.3.7s.1.5.3.7c.2.2.4.3.7.3h11c.3 0 .5-.1.7-.3.2-.2.3-.5.3-.7s-.1-.5-.3-.7zM5.8 14.7l6.2 6.3 6.2-6.3c.2-.2.3-.5.3-.7s-.1-.5-.3-.7c-.2-.2-.4-.3-.7-.3h-11c-.3 0-.5.1-.7.3-.2.2-.3.5-.3.7s.1.5.3.7z\"\/><\/svg><\/span><\/span><\/label><input type=\"checkbox\" style='display:none' id=\"ez-toc-cssicon-toggle-item-69f585ecefa5e\"  aria-label=\"Toggle\" \/><nav><ul class='ez-toc-list ez-toc-list-level-1 ' ><ul class='ez-toc-list-level-3' ><li class='ez-toc-heading-level-3'><a class=\"ez-toc-link ez-toc-heading-1\" href=\"https:\/\/vasco-electronics.hu\/cikkek\/utazas\/global-karacsony-tippek\/#FAQ\" >FAQ:<\/a><\/li><\/ul><\/li><li class='ez-toc-page-1 ez-toc-heading-level-2'><a class=\"ez-toc-link ez-toc-heading-2\" href=\"https:\/\/vasco-electronics.hu\/cikkek\/utazas\/global-karacsony-tippek\/#Karacsonyi_uti_cel_kivalasztasa_globalis_korut\" >Kar\u00e1csonyi \u00fati c\u00e9l kiv\u00e1laszt\u00e1sa: glob\u00e1lis k\u00f6r\u00fat<\/a><ul class='ez-toc-list-level-3' ><li class='ez-toc-heading-level-3'><a class=\"ez-toc-link ez-toc-heading-3\" href=\"https:\/\/vasco-electronics.hu\/cikkek\/utazas\/global-karacsony-tippek\/#Europai_Teli_Csodaorszag\" >Eur\u00f3pai T\u00e9li Csodaorsz\u00e1g<\/a><\/li><li class='ez-toc-page-1 ez-toc-heading-level-3'><a class=\"ez-toc-link ez-toc-heading-4\" href=\"https:\/\/vasco-electronics.hu\/cikkek\/utazas\/global-karacsony-tippek\/#Eszak-Amerika_unnepi_jokedv_karacsonyi_hagyomanyok_a_nagyvilagban\" >\u00c9szak-Amerika: \u00fcnnepi j\u00f3kedv, kar\u00e1csonyi hagyom\u00e1nyok a nagyvil\u00e1gban<\/a><\/li><li class='ez-toc-page-1 ez-toc-heading-level-3'><a class=\"ez-toc-link ez-toc-heading-5\" href=\"https:\/\/vasco-electronics.hu\/cikkek\/utazas\/global-karacsony-tippek\/#Karacsony_deli_csillagok_alatt\" >Kar\u00e1csony d\u00e9li csillagok alatt<\/a><\/li><li class='ez-toc-page-1 ez-toc-heading-level-3'><a class=\"ez-toc-link ez-toc-heading-6\" href=\"https:\/\/vasco-electronics.hu\/cikkek\/utazas\/global-karacsony-tippek\/#Azsiai_unnepi_fuzio\" >\u00c1zsiai \u00fcnnepi f\u00fazi\u00f3<\/a><\/li><\/ul><\/li><li class='ez-toc-page-1 ez-toc-heading-level-2'><a class=\"ez-toc-link ez-toc-heading-7\" href=\"https:\/\/vasco-electronics.hu\/cikkek\/utazas\/global-karacsony-tippek\/#Multikulturalis_karacsonyi_hagyomanyok_befogadasa_otthon\" >Multikultur\u00e1lis kar\u00e1csonyi hagyom\u00e1nyok befogad\u00e1sa otthon<\/a><ul class='ez-toc-list-level-3' ><li class='ez-toc-heading-level-3'><a class=\"ez-toc-link ez-toc-heading-8\" href=\"https:\/\/vasco-electronics.hu\/cikkek\/utazas\/global-karacsony-tippek\/#Tortenetek_es_szokasok_megosztasa\" >T\u00f6rt\u00e9netek \u00e9s szok\u00e1sok megoszt\u00e1sa<\/a><\/li><li class='ez-toc-page-1 ez-toc-heading-level-3'><a class=\"ez-toc-link ez-toc-heading-9\" href=\"https:\/\/vasco-electronics.hu\/cikkek\/utazas\/global-karacsony-tippek\/#Unnepi_fuzio_a_dekoracioban\" >\u00dcnnepi f\u00fazi\u00f3 a dekor\u00e1ci\u00f3ban<\/a><\/li><li class='ez-toc-page-1 ez-toc-heading-level-3'><a class=\"ez-toc-link ez-toc-heading-10\" href=\"https:\/\/vasco-electronics.hu\/cikkek\/utazas\/global-karacsony-tippek\/#Multikulturalis_karacsonyi_unnep\" >Multikultur\u00e1lis kar\u00e1csonyi \u00fcnnep<\/a><\/li><li class='ez-toc-page-1 ez-toc-heading-level-3'><a class=\"ez-toc-link ez-toc-heading-11\" href=\"https:\/\/vasco-electronics.hu\/cikkek\/utazas\/global-karacsony-tippek\/#Nyelv_es_kommunikacio\" >Nyelv \u00e9s kommunik\u00e1ci\u00f3<\/a><\/li><\/ul><\/li><li class='ez-toc-page-1 ez-toc-heading-level-2'><a class=\"ez-toc-link ez-toc-heading-12\" href=\"https:\/\/vasco-electronics.hu\/cikkek\/utazas\/global-karacsony-tippek\/#Unnepi_etelek_es_hagyomanyok_kulinaris_kaland_a_vilag_korul\" >\u00dcnnepi \u00e9telek \u00e9s hagyom\u00e1nyok: kulin\u00e1ris kaland a vil\u00e1g k\u00f6r\u00fcl<\/a><ul class='ez-toc-list-level-3' ><li class='ez-toc-heading-level-3'><a class=\"ez-toc-link ez-toc-heading-13\" href=\"https:\/\/vasco-electronics.hu\/cikkek\/utazas\/global-karacsony-tippek\/#Europai_finomsagok_karacsonyi_erdekessegek_a_vilagbol\" >Eur\u00f3pai finoms\u00e1gok, kar\u00e1csonyi \u00e9rdekess\u00e9gek a vil\u00e1gb\u00f3l<\/a><\/li><li class='ez-toc-page-1 ez-toc-heading-level-3'><a class=\"ez-toc-link ez-toc-heading-14\" href=\"https:\/\/vasco-electronics.hu\/cikkek\/utazas\/global-karacsony-tippek\/#Eszak-Amerikai_klasszikusai_regi_karacsonyi_hagyomanyok\" >\u00c9szak-Amerikai klasszikusai, r\u00e9gi kar\u00e1csonyi hagyom\u00e1nyok<\/a><\/li><li class='ez-toc-page-1 ez-toc-heading-level-3'><a class=\"ez-toc-link ez-toc-heading-15\" href=\"https:\/\/vasco-electronics.hu\/cikkek\/utazas\/global-karacsony-tippek\/#Azsiai_izek\" >\u00c1zsiai \u00edzek<\/a><\/li><li class='ez-toc-page-1 ez-toc-heading-level-3'><a class=\"ez-toc-link ez-toc-heading-16\" href=\"https:\/\/vasco-electronics.hu\/cikkek\/utazas\/global-karacsony-tippek\/#Deli_felteke_kulonlegessegek\" >D\u00e9li f\u00e9lteke k\u00fcl\u00f6nlegess\u00e9gek<\/a><\/li><li class='ez-toc-page-1 ez-toc-heading-level-3'><a class=\"ez-toc-link ez-toc-heading-17\" href=\"https:\/\/vasco-electronics.hu\/cikkek\/utazas\/global-karacsony-tippek\/#Del-amerikai_unnepi_finomsagok\" >D\u00e9l-amerikai \u00fcnnepi finoms\u00e1gok<\/a><\/li><\/ul><\/li><li class='ez-toc-page-1 ez-toc-heading-level-2'><a class=\"ez-toc-link ez-toc-heading-18\" href=\"https:\/\/vasco-electronics.hu\/cikkek\/utazas\/global-karacsony-tippek\/#Vasco_fordito_szerepe_a_karacsony_globalis_megunnepleseben\" >Vasco ford\u00edt\u00f3 szerepe a kar\u00e1csony glob\u00e1lis meg\u00fcnnepl\u00e9s\u00e9ben<\/a><ul class='ez-toc-list-level-3' ><li class='ez-toc-heading-level-3'><a class=\"ez-toc-link ez-toc-heading-19\" href=\"https:\/\/vasco-electronics.hu\/cikkek\/utazas\/global-karacsony-tippek\/#Nyelvi_korlatok_attorese_utazas_kozben\" >Nyelvi korl\u00e1tok \u00e1tt\u00f6r\u00e9se utaz\u00e1s k\u00f6zben<\/a><\/li><li class='ez-toc-page-1 ez-toc-heading-level-3'><a class=\"ez-toc-link ez-toc-heading-20\" href=\"https:\/\/vasco-electronics.hu\/cikkek\/utazas\/global-karacsony-tippek\/#A_multikulturalis_csaladi_unnepsegek_fokozasa\" >A multikultur\u00e1lis csal\u00e1di \u00fcnneps\u00e9gek fokoz\u00e1sa<\/a><\/li><li class='ez-toc-page-1 ez-toc-heading-level-3'><a class=\"ez-toc-link ez-toc-heading-21\" href=\"https:\/\/vasco-electronics.hu\/cikkek\/utazas\/global-karacsony-tippek\/#Uj_hagyomanyok_tanulasa\" >\u00daj hagyom\u00e1nyok tanul\u00e1sa<\/a><\/li><li class='ez-toc-page-1 ez-toc-heading-level-3'><a class=\"ez-toc-link ez-toc-heading-22\" href=\"https:\/\/vasco-electronics.hu\/cikkek\/utazas\/global-karacsony-tippek\/#Kapcsolatok_letrehozasa\" >Kapcsolatok l\u00e9trehoz\u00e1sa<\/a><\/li><\/ul><\/li><li class='ez-toc-page-1 ez-toc-heading-level-2'><a class=\"ez-toc-link ez-toc-heading-23\" href=\"https:\/\/vasco-electronics.hu\/cikkek\/utazas\/global-karacsony-tippek\/#Kovetkeztetes_A_vilag_egyesitese_a_karacsonyi_unnepsegen_keresztul\" >K\u00f6vetkeztet\u00e9s: A vil\u00e1g egyes\u00edt\u00e9se a kar\u00e1csonyi \u00fcnneps\u00e9gen kereszt\u00fcl<\/a><\/li><li class='ez-toc-page-1 ez-toc-heading-level-2'><a class=\"ez-toc-link ez-toc-heading-24\" href=\"https:\/\/vasco-electronics.hu\/cikkek\/utazas\/global-karacsony-tippek\/#Diohejban\" >Di\u00f3h\u00e9jban<\/a><\/li><\/ul><\/nav><\/div>\n\n<p>A rettenthetetlen utaz\u00f3k \u00e9s a multikultur\u00e1lis csal\u00e1dokba f\u00e9szkelt emberek sz\u00e1m\u00e1ra ez egy lehet\u0151s\u00e9g, hogy<strong> felfedezz\u00e9k \u00e9s maguk\u00e9v\u00e1 tegy\u00e9k az \u00fcnnepi \u00fcnnepi hagyom\u00e1nyok vil\u00e1g\u00e1t szerte a vil\u00e1gon.<\/strong><\/p>\n<p><strong>Kar\u00e1csony napj\u00e1n<\/strong><br \/>\nA kar\u00e1csony egyike a legfontosabb \u00e9s legn\u00e9pszer\u0171bb \u00fcnnepeknek a vil\u00e1gon. Az \u00fcnnep hagyom\u00e1nyosan december 25-\u00e9n van, azonban sok orsz\u00e1gban m\u00e1s id\u0151pontokban is meg\u00fcnneplik. A kar\u00e1csonyi k\u00e9sz\u00fcl\u0151d\u00e9s gyakran november v\u00e9g\u00e9n vagy december elej\u00e9n kezd\u0151dik, \u00e9s az \u00fcnnep el\u0151tt n\u00e9h\u00e1ny h\u00e9ttel elkezd\u0151dnek az \u00fcnnepi dekor\u00e1ci\u00f3k \u00e9s az aj\u00e1nd\u00e9kok beszerz\u00e9se. Hagyom\u00e1nyos kar\u00e1csonyi \u00e9telek? Az is hozz\u00e1 tartozik az \u00fcnnepekhez.<\/p>\n<p>A hagyom\u00e1nyos kar\u00e1csonyi \u00e9telek \u00e9s vacsor\u00e1k fontos szerepet j\u00e1tszanak ebben az \u00fcnnepben. A kar\u00e1csonyi vacsora \u00e1ltal\u00e1ban december 24-\u00e9n, szenteste este ker\u00fcl elfogyaszt\u00e1sra. A men\u00fc tartalmazza a hagyom\u00e1nyos \u00e9teleket, mint p\u00e9ld\u00e1ul a pulyka, sonka, z\u00f6lds\u00e9gek, \u00e9s a desszertek k\u00f6z\u00f6tt gyakran megtal\u00e1lhat\u00f3k a kar\u00e1csonyi s\u00fctem\u00e9nyek \u00e9s s\u00fctem\u00e9nyek.<\/p>\n<p>A gyerekek k\u00fcl\u00f6n\u00f6sen izgatottak az \u00fcnnep k\u00f6zeledt\u00e9vel, mivel tudj\u00e1k, hogy aj\u00e1nd\u00e9kokat kapnak a Mikul\u00e1st\u00f3l vagy a T\u00e9lap\u00f3t\u00f3l. A szok\u00e1sok \u00e9s hagyom\u00e1nyok k\u00fcl\u00f6nb\u00f6z\u0151ek lehetnek az orsz\u00e1gokban, de az aj\u00e1nd\u00e9koz\u00e1s \u00e9s az egy\u00fctt t\u00f6lt\u00f6tt id\u0151 mindig k\u00f6zponti szerepet kap.<\/p>\n<p>Az \u00fcnnepek id\u0151szak\u00e1ban az emberek sz\u00e1mos hagyom\u00e1nyt \u00e9s szok\u00e1st k\u00f6vetnek, p\u00e9ld\u00e1ul kar\u00e1csonyi \u00e9nekl\u00e9st, k\u00f6z\u00f6s vacsor\u00e1z\u00e1st, \u00e9s az \u00fcnnepi szertart\u00e1sok r\u00e9szv\u00e9tel\u00e9t. Az \u00fcnnepi hangulat \u00e9s a szeretet megoszt\u00e1sa a csal\u00e1d \u00e9s bar\u00e1tok k\u00f6r\u00e9ben az \u00e9v egyik legfontosabb id\u0151szak\u00e1v\u00e1 teszi a kar\u00e1csonyt. Az \u00fcnnepi napok sor\u00e1n az emberek \u00fcnneplik a szeretetet, az \u00f6sszetartoz\u00e1st \u00e9s a b\u00e9k\u00e9t.<\/p>\n<p>Kar\u00e1csonykor fejts\u00fck fel egy\u00fctt ezt a glob\u00e1lis \u00fcnnepet, \u00e9s tanuljuk meg, hogyan \u00fcnneplik a kar\u00e1csonyt szerte a vil\u00e1gon.<\/p>\n<div class=\"faq-section\">\n<h3><span class=\"ez-toc-section\" id=\"FAQ\"><\/span>FAQ:<span class=\"ez-toc-section-end\"><\/span><\/h3>\n<h4 class=\"question1\">Milyen egyedi m\u00f3don \u00fcnneplik a kar\u00e1csonyt szerte a vil\u00e1gon? Hogyan \u00fcnneplik a kar\u00e1csonyt m\u00e1s orsz\u00e1gokban?<\/h4>\n<div class=\"answer1\">Az egyed\u00fcl\u00e1ll\u00f3 kar\u00e1csonyi \u00fcnneps\u00e9gek k\u00f6z\u00e9 tartozik a spanyol \u201eh\u00e1rom kir\u00e1ly\u201d felvonul\u00e1sa, a finn Mikul\u00e1sfalu, a ny\u00e1ri kar\u00e1csonyi \u00fcnneps\u00e9gek Ausztr\u00e1li\u00e1ban \u00e9s \u00daj-Z\u00e9landon, a t\u00e9li vil\u00e1g\u00edt\u00e1s Jap\u00e1nban \u00e9s a Simbang Gabi mis\u00e9i a F\u00fcl\u00f6p-szigeteken.<\/div>\n<h4 class=\"question2\">Hogyan \u00e9p\u00edthetik be a csal\u00e1dok a k\u00fcl\u00f6nf\u00e9le kar\u00e1csonyi hagyom\u00e1nyokat \u00fcnnepeikbe?<\/h4>\n<div class=\"answer2\">A csal\u00e1dok integr\u00e1lhatj\u00e1k a k\u00fcl\u00f6nb\u00f6z\u0151 kar\u00e1csonyi hagyom\u00e1nyokat az\u00e1ltal, hogy k\u00fcl\u00f6nb\u00f6z\u0151 kult\u00far\u00e1kb\u00f3l sz\u00e1rmaz\u00f3 szok\u00e1sokat, dekor\u00e1ci\u00f3kat \u00e9s konyh\u00e1kat kevernek \u00f6ssze, \u00edgy olyan multikultur\u00e1lis kar\u00e1csonyi \u00e9lm\u00e9nyt hoznak l\u00e9tre, amely tiszteletben tartja \u00e9s tiszteletben tartja a k\u00fcl\u00f6nb\u00f6z\u0151 h\u00e1ttereket.<\/div>\n<h4 class=\"question3\">Mi a kar\u00e1csonyi \u00fcnneps\u00e9g jelent\u0151s\u00e9ge a k\u00fcl\u00f6nb\u00f6z\u0151 kult\u00far\u00e1kban?<\/h4>\n<div class=\"answer3\">A kar\u00e1csonyi \u00fcnneps\u00e9gek a k\u00fcl\u00f6nb\u00f6z\u0151 kult\u00far\u00e1kban az \u00fcnnepi hagyom\u00e1nyok soksz\u00edn\u0171s\u00e9g\u00e9t jelzik vil\u00e1gszerte, mindegyik egyedi \u00edzt \u00e9s jelent\u00e9st ad az \u00fcnnepnek, t\u00fckr\u00f6zve a helyi szok\u00e1sokat, hiedelmeket \u00e9s k\u00f6z\u00f6ss\u00e9gi szellemet.<\/div>\n<\/div>\n<p><img decoding=\"async\" class=\"alignnone size-full wp-image-1591\" src=\"https:\/\/vasco-electronics.hu\/cikkek\/wp-content\/uploads\/2023\/12\/christmas1.png\" alt=\"Kar\u00e1csonyi v\u00e1s\u00e1r \u00e9s kivil\u00e1g\u00edt\u00e1s.\" width=\"1200\" height=\"750\" srcset=\"https:\/\/vasco-electronics.hu\/cikkek\/wp-content\/uploads\/2023\/12\/christmas1.png 1200w, https:\/\/vasco-electronics.hu\/cikkek\/wp-content\/uploads\/2023\/12\/christmas1-980x613.png 980w, https:\/\/vasco-electronics.hu\/cikkek\/wp-content\/uploads\/2023\/12\/christmas1-480x300.png 480w\" sizes=\"(min-width: 0px) and (max-width: 480px) 480px, (min-width: 481px) and (max-width: 980px) 980px, (min-width: 981px) 1200px, 100vw\" \/><\/p>\n<p data-pm-slice=\"1 1 []\"><a href=\"https:\/\/vasco-electronics.hu\/cikkek\/utazas\/\">Utaz\u00e1s<\/a> glob\u00e1lis kar\u00e1csonyi \u00fati c\u00e9lokon kereszt\u00fcl:<\/p>\n<p>Eur\u00f3pa havas utc\u00e1it\u00f3l a d\u00e9li f\u00e9lteke naps\u00fct\u00f6tte eg\u00e9ig fedezze fel, hogyan \u00fcnneplik az emberek a kar\u00e1csonyt szerte a vil\u00e1gon.<\/p>\n<ul>\n<li><strong>Multikultur\u00e1lis kar\u00e1csony otthon: <\/strong>Tanulja meg, hogyan keverheti a vil\u00e1g k\u00fcl\u00f6nb\u00f6z\u0151 \u00fcnnepi hagyom\u00e1nyait saj\u00e1t csal\u00e1di \u00fcnneps\u00e9g\u00e9be.<\/li>\n<\/ul>\n<ul>\n<li><strong>\u00dcnnepi \u00e9telek \u00e9s hagyom\u00e1nyok: <\/strong>Minden kult\u00fara hozza a saj\u00e1t \u00edz\u00e9t a kar\u00e1csonyi asztalra. Fedezz\u00fck fel a finom \u00e9s egyedi kar\u00e1csonyi \u00e9teleket szerte a vil\u00e1gon.<\/li>\n<\/ul>\n<ul>\n<li><strong>Helyi szok\u00e1sok \u00e9s \u00fcnnepek: <\/strong>Mer\u00fclj\u00f6n el a kar\u00e1csonyi hagyom\u00e1nyokban szerte a vil\u00e1gon \u2013 \u00e9rtse meg, mi teszi \u0151ket k\u00fcl\u00f6nlegess\u00e9, \u00e9s hogyan lehet r\u00e9szese az \u00fcnnepl\u00e9snek.<\/li>\n<\/ul>\n<ul>\n<li><strong><a href=\"https:\/\/vasco-electronics.hu\/\">Vasco<\/a> <a href=\"https:\/\/vasco-electronics.hu\/minden-termek\/\">ford\u00edt\u00f3<\/a> szerepe: <\/strong>N\u00e9zze meg, hogyan lehet a <a href=\"https:\/\/vasco-electronics.hu\/\"><strong>Vasco<\/strong> <\/a><a href=\"https:\/\/vasco-electronics.hu\/funkciok\/beszedfordito\"><strong>hangford\u00edt\u00f3<\/strong><\/a> t\u00e1rsa a nyelvi korl\u00e1tok \u00e1tt\u00f6r\u00e9s\u00e9ben, gazdagabb \u00e9s \u00f6sszekapcsoltabb nyaral\u00e1si \u00e9lm\u00e9nyt biztos\u00edtva.<\/li>\n<\/ul>\n<p>Teh\u00e1t, ak\u00e1r m\u00e1s orsz\u00e1gokban k\u00e9sz\u00fcl kar\u00e1csonyozni, ak\u00e1r \u00faj \u00fcnnepi hagyom\u00e1nyokat hoz a vil\u00e1gra, tanuljunk meg mindent!<\/p>\n<p>Kar\u00e1csonykor szerezze be kedvenc t\u00e9li te\u00e1dat, \u00e9s \u00e1ll\u00edts a h\u00e1tt\u00e9rbe n\u00e9h\u00e1ny kar\u00e1csonyi \u00e9neket, hamarosan t\u00f6bbet megtudunk a kar\u00e1csonyi hagyom\u00e1nyokr\u00f3l szerte a vil\u00e1gon!<\/p>\n<p>A kar\u00e1csony vil\u00e1gszerte fontos \u00fcnnep, \u00e9s k\u00fcl\u00f6nb\u00f6z\u0151 orsz\u00e1gokban elt\u00e9r\u0151 hagyom\u00e1nyok \u00e9s szok\u00e1sok k\u00eds\u00e9rik. A hagyom\u00e1nyos kar\u00e1csonyi \u00e9telek v\u00e1ltozatosak, t\u00fckr\u00f6zve az adott kult\u00fara gasztron\u00f3miai \u00edzl\u00e9s\u00e9t.<\/p>\n<p>Kar\u00e1csonyi a vil\u00e1gban: Spanyolorsz\u00e1gban a kar\u00e1csony kiemelt esem\u00e9ny, \u00e9s sz\u00e1mos hagyom\u00e1ny kapcsol\u00f3dik hozz\u00e1. A spanyolok gyakran \u00fcnneplik a kar\u00e1csonyi est\u00e9t b\u0151s\u00e9ges vacsor\u00e1val, ahol a &#8222;turron&#8221; nev\u0171 mandul\u00e1s m\u00e9zeskal\u00e1cs a k\u00f6z\u00e9ppontban \u00e1ll. Emellett Spanyolorsz\u00e1gban elterjedt szok\u00e1s a &#8222;La Nochebuena&#8221; \u00fcnnepl\u00e9se, ami a Szenteste k\u00fcl\u00f6nleges meg\u00fcnnepl\u00e9s\u00e9t jelenti.<\/p>\n<p>Kar\u00e1csony a nagyvil\u00e1gban: Vil\u00e1gszerte m\u00e1s orsz\u00e1gokban is k\u00fcl\u00f6nf\u00e9le kar\u00e1csonyi szok\u00e1sok \u00e9lnek. Egyes helyeken a hagyom\u00e1nyos \u00e9tel a kar\u00e1csonyi vacsor\u00e1n pulyka vagy t\u00f6lt\u00f6tt k\u00e1poszta lehet, m\u00e1sutt a tenger gy\u00fcm\u00f6lcsei \u00e9s hal ker\u00fcl az \u00fcnnepi asztalra.<\/p>\n<p>Kar\u00e1csonyi \u00e9telek a vil\u00e1gban? Sok orsz\u00e1gban a kar\u00e1csonyi szok\u00e1sok az eg\u00e9sz h\u00f3napra kiterjednek, <a href=\"https:\/\/vasco-electronics.hu\/cikkek\/utazas\/europa-10-legjobb-karacsonyi-vasara\/\">\u00e9s k\u00fcl\u00f6nb\u00f6z\u0151 \u00fcnnepi esem\u00e9nyekkel, v\u00e1s\u00e1rokkal \u00e9s felvonul\u00e1sokkal j\u00e1rnak<\/a>. Az \u00e9rdekes kar\u00e1csonyi hagyom\u00e1nyok k\u00f6z\u00e9 tartozhatnak a k\u00fcl\u00f6nleges d\u00edsz\u00edt\u00e9sek, a hagyom\u00e1nyos \u00e9nekek \u00e9s t\u00e1ncok, valamint a kar\u00e1csonyi aj\u00e1nd\u00e9kok k\u00fcl\u00f6nb\u00f6z\u0151 m\u00f3dokon t\u00f6rt\u00e9n\u0151 \u00e1tad\u00e1sa.<\/p>\n<p>Figyelemre m\u00e9lt\u00f3, hogy nem minden orsz\u00e1gban \u00fcnneplik a kar\u00e1csonyt. N\u00e9h\u00e1ny helyen m\u00e1s \u00fcnnepek, vall\u00e1si esem\u00e9nyek vagy kultur\u00e1lis \u00fcnnepek vehetik \u00e1t a kar\u00e1csonyi \u00fcnnepk\u00f6r szerep\u00e9t.<\/p>\n<p>M\u00e1s orsz\u00e1gokban a kar\u00e1csony: \u00d6sszess\u00e9g\u00e9ben a kar\u00e1csony vil\u00e1gszerte egyes\u00edti az embereket, mik\u00f6zben k\u00fcl\u00f6nb\u00f6z\u0151 kult\u00far\u00e1k \u00e9s hagyom\u00e1nyok sz\u00ednes palett\u00e1j\u00e1t k\u00edn\u00e1lja az \u00fcnnepi id\u0151szakban.<\/p>\n<h2><span class=\"ez-toc-section\" id=\"Karacsonyi_uti_cel_kivalasztasa_globalis_korut\"><\/span>Kar\u00e1csonyi \u00fati c\u00e9l kiv\u00e1laszt\u00e1sa: glob\u00e1lis k\u00f6r\u00fat<span class=\"ez-toc-section-end\"><\/span><\/h2>\n<p>Kar\u00e1csonyi szok\u00e1sok a vil\u00e1gban: Ahogy az \u00fcnnepi szezon kibontakozik, a vil\u00e1g csillog\u00f3 f\u00e9nyek, \u00fcnnepi piacok \u00e9s \u00f6r\u00f6mteli \u00fcnneps\u00e9gek v\u00e1szn\u00e1v\u00e1 v\u00e1lik. Spanyolorsz\u00e1g kar\u00e1csonyi szok\u00e1sai? Ak\u00e1r, m\u00e9g meglepet\u00e9seket is tartogat.<\/p>\n<p>Kar\u00e1csony \u00fcnnepl\u00e9se m\u00e1s orsz\u00e1gokban: De mivel rengeteg hihetetlen \u00fati c\u00e9l k\u00f6z\u00fcl v\u00e1laszthat, hogyan d\u00f6nti el, hol t\u00f6lti a kar\u00e1csonyt? Legyen kar\u00e1csony Spanyolorsz\u00e1gban, Ausztr\u00e1li\u00e1ban vagy a Kan\u00e1ri-szigeteken? Mely orsz\u00e1gok \u00fcnneplik a kar\u00e1csonyt? Mik a kar\u00e1csonyi hagyom\u00e1nyok szerte a vil\u00e1gon? Mik a hagyom\u00e1nyos kar\u00e1csonyi \u00e9telek? A gyerekek id\u00e9n is izgatottan keresik majd az aj\u00e1nd\u00e9kokat a fa alatt minden orsz\u00e1gban, ez a szok\u00e1s: a Mikul\u00e1s mindig id\u0151ben \u00e9rkezik, az \u00fcnnepi hangulat pedig garant\u00e1lt. December, ez\u00e9rt szeret\u00fcnk! De hol nem \u00fcnneplik a kar\u00e1csonyt?<\/p>\n<p>December 23, December 24, December 25, December 28 a szeretet \u00fcnnepe term\u00e9szetesen. Az emberek l\u00e1zasan d\u00edsz\u00edtik a f\u00e1t, v\u00e1rj\u00e1k a feh\u00e9r Kar\u00e1csonyt, ez az elterjedt Magyarorsz\u00e1gon. Kar\u00e1csonyfa igaz Finnorsz\u00e1gban is van, de n\u00e1lunk is nagy kultusznak \u00f6rvend. Az \u00fcnnepek el\u0151tt mindent int\u00e9zzen el, szerezzen be, hogy semmi se zavarja meg a Kar\u00e1csonyt, a Szenteste meghitt hangulat\u00e1t. Aj\u00e1nd\u00e9kot ne b\u00edzza a T\u00e9lap\u00f3 gondjaira. A Szenteste, csal\u00e1d, ezen a napon a legfontosabb, gyerekeknek aj\u00e1nd\u00e9k, este vacsora, kis . A k\u00e9sz\u00fcl\u0151d\u00e9s hagyom\u00e1nya, a kar\u00e1csony napj\u00e1n felmer\u00fcl\u0151 feladatok: kar\u00e1csonyf\u00e1t \u00e1ll\u00edtani, s\u00fctni-f\u0151zni minden \u00e9vben ugyanaz a magyar csal\u00e1dok k\u00f6r\u00e9ben. K\u00fcl\u00f6nb\u00f6z\u0151 orsz\u00e1gokban m\u00e1shogy tartj\u00e1k az \u00fcnnepeket. Orsz\u00e1gok kar\u00e1csonyi szok\u00e1sai&#8230; l\u00e1ssuk, h\u00e1t!<\/p>\n<p>\u00cdme egy glob\u00e1lis turn\u00e9, amely inspir\u00e1lja \u00fcnnepi <a href=\"https:\/\/vasco-electronics.hu\/cikkek\/utazas\/\">utaz\u00e1st<\/a>:<\/p>\n<p><img decoding=\"async\" class=\"alignnone size-full wp-image-1592\" src=\"https:\/\/vasco-electronics.hu\/cikkek\/wp-content\/uploads\/2023\/12\/christmas2.png\" alt=\"Egy h\u00f3val bor\u00edtott r\u00e9gi v\u00e1ros.\" width=\"1200\" height=\"750\" srcset=\"https:\/\/vasco-electronics.hu\/cikkek\/wp-content\/uploads\/2023\/12\/christmas2.png 1200w, https:\/\/vasco-electronics.hu\/cikkek\/wp-content\/uploads\/2023\/12\/christmas2-980x613.png 980w, https:\/\/vasco-electronics.hu\/cikkek\/wp-content\/uploads\/2023\/12\/christmas2-480x300.png 480w\" sizes=\"(min-width: 0px) and (max-width: 480px) 480px, (min-width: 481px) and (max-width: 980px) 980px, (min-width: 981px) 1200px, 100vw\" \/><\/p>\n<h3 data-pm-slice=\"1 1 []\"><span class=\"ez-toc-section\" id=\"Europai_Teli_Csodaorszag\"><\/span>Eur\u00f3pai T\u00e9li Csodaorsz\u00e1g<span class=\"ez-toc-section-end\"><\/span><\/h3>\n<h4>Spanyolorsz\u00e1g<\/h4>\n<p>Gy\u00f6ny\u00f6rk\u00f6dj\u00f6n a kar\u00e1csonyi hagyom\u00e1nyokban Spanyolorsz\u00e1gban. \u00c9lvezze a sz\u00ednes \u201eH\u00e1rom kir\u00e1ly\u201d felvonul\u00e1st, gy\u00f6ny\u00f6rk\u00f6dj\u00f6n a bonyolult betlehemekben, \u00e9s k\u00f3stolja meg a hagyom\u00e1nyos \u00e9dess\u00e9geket, mint a \u201eTurr\u00f3n\u201d \u00e9s a \u201ePolvorones\u201d. A kultur\u00e1lis \u00f6r\u00f6ks\u00e9g \u00e9s az \u00f6r\u00f6m\u00fcnnepek egyed\u00fcl\u00e1ll\u00f3 kever\u00e9ke v\u00e1rja ebben az \u00e9vben is.<\/p>\n<h4>Finnorsz\u00e1g<\/h4>\n<p>Kihagyhatatlan, ha szeretn\u00e9 l\u00e1tni a vil\u00e1g legjobb kar\u00e1csonyi \u00fcnneps\u00e9geit. L\u00e1togassa meg a Mikul\u00e1s falut Rovaniemiben, ahol a kar\u00e1csony var\u00e1zsa megelevenedik Lappf\u00f6ld havas t\u00e1jain. Ez egy nagyszer\u0171 lehet\u0151s\u00e9g arra is, hogy megl\u00e1togassa a Mikul\u00e1st \u00e9s kar\u00e1csonyi \u00e9nekeket \u00e9nekeljen! \u00c1ll az aj\u00e1nlat? Indul\u00e1s!<\/p>\n<p><img decoding=\"async\" class=\"alignnone size-full wp-image-1593\" src=\"https:\/\/vasco-electronics.hu\/cikkek\/wp-content\/uploads\/2023\/12\/christmas3.png\" alt=\"H\u00f3val bor\u00edtott fah\u00e1zak.\" width=\"1200\" height=\"750\" srcset=\"https:\/\/vasco-electronics.hu\/cikkek\/wp-content\/uploads\/2023\/12\/christmas3.png 1200w, https:\/\/vasco-electronics.hu\/cikkek\/wp-content\/uploads\/2023\/12\/christmas3-980x613.png 980w, https:\/\/vasco-electronics.hu\/cikkek\/wp-content\/uploads\/2023\/12\/christmas3-480x300.png 480w\" sizes=\"(min-width: 0px) and (max-width: 480px) 480px, (min-width: 481px) and (max-width: 980px) 980px, (min-width: 981px) 1200px, 100vw\" \/><\/p>\n<h3 data-pm-slice=\"1 1 []\"><span class=\"ez-toc-section\" id=\"Eszak-Amerika_unnepi_jokedv_karacsonyi_hagyomanyok_a_nagyvilagban\"><\/span>\u00c9szak-Amerika: \u00fcnnepi j\u00f3kedv, kar\u00e1csonyi hagyom\u00e1nyok a nagyvil\u00e1gban<span class=\"ez-toc-section-end\"><\/span><\/h3>\n<h4>New York, USA<\/h4>\n<p>Legyen szemtan\u00faja a Rockefeller Center ikonikus kar\u00e1csonyf\u00e1j\u00e1nak \u00e9s a Fifth Avenue-n a l\u00e1tv\u00e1nyos \u00fcnnepi ablakoknak.<\/p>\n<h4>Quebec, Kanada<\/h4>\n<p>Fedezze fel a t\u00e9li paradicsomot Old Quebecben, amely f\u00e9nyekkel \u00e9s dekor\u00e1ci\u00f3kkal d\u00edsz\u00edtett, \u00e9s fest\u0151i nyaral\u00e1si jelenetet teremt.<\/p>\n<p><img decoding=\"async\" class=\"alignnone size-full wp-image-1594\" src=\"https:\/\/vasco-electronics.hu\/cikkek\/wp-content\/uploads\/2023\/12\/christmas4.png\" alt=\"Egy havas utca kar\u00e1csonyi d\u00edszekkel.\" width=\"1200\" height=\"750\" srcset=\"https:\/\/vasco-electronics.hu\/cikkek\/wp-content\/uploads\/2023\/12\/christmas4.png 1200w, https:\/\/vasco-electronics.hu\/cikkek\/wp-content\/uploads\/2023\/12\/christmas4-980x613.png 980w, https:\/\/vasco-electronics.hu\/cikkek\/wp-content\/uploads\/2023\/12\/christmas4-480x300.png 480w\" sizes=\"(min-width: 0px) and (max-width: 480px) 480px, (min-width: 481px) and (max-width: 980px) 980px, (min-width: 981px) 1200px, 100vw\" \/><\/p>\n<h3 data-pm-slice=\"1 1 []\"><span class=\"ez-toc-section\" id=\"Karacsony_deli_csillagok_alatt\"><\/span>Kar\u00e1csony d\u00e9li csillagok alatt<span class=\"ez-toc-section-end\"><\/span><\/h3>\n<h4>Ausztr\u00e1lia<\/h4>\n<p>Ha k\u00edv\u00e1ncsi, hogyan \u00fcnneplik a kar\u00e1csonyt szerte a vil\u00e1gon, meg kell pr\u00f3b\u00e1lnia Ausztr\u00e1li\u00e1t. \u00c9lvezze a ny\u00e1ri kar\u00e1csonyt tengerparti grillez\u00e9ssel \u00e9s \u00fcnnepi esem\u00e9nyekkel a d\u00e9li f\u00e9lteke meleg naps\u00fct\u00e9s\u00e9ben.<\/p>\n<h4>\u00daj Z\u00e9land<\/h4>\n<p>Tapasztalja meg a k\u00fcl\u00f6nb\u00f6z\u0151 kar\u00e1csonyi \u00fcnnepeket szerte a vil\u00e1gon, a maori \u00e9s az eur\u00f3pai hagyom\u00e1nyok egyed\u00fcl\u00e1ll\u00f3 kever\u00e9k\u00e9vel. \u00c9lvezze a szabadt\u00e9ri koncerteket \u00e9s a kar\u00e1csonyi felvonul\u00e1sokat.<\/p>\n<p><img decoding=\"async\" class=\"alignnone size-full wp-image-1595\" src=\"https:\/\/vasco-electronics.hu\/cikkek\/wp-content\/uploads\/2023\/12\/christmas5.png\" alt=\"Egy l\u00e1ny, kez\u00e9ben \u00e9g\u0151 gyerty\u00e1val.\" width=\"1200\" height=\"750\" srcset=\"https:\/\/vasco-electronics.hu\/cikkek\/wp-content\/uploads\/2023\/12\/christmas5.png 1200w, https:\/\/vasco-electronics.hu\/cikkek\/wp-content\/uploads\/2023\/12\/christmas5-980x613.png 980w, https:\/\/vasco-electronics.hu\/cikkek\/wp-content\/uploads\/2023\/12\/christmas5-480x300.png 480w\" sizes=\"(min-width: 0px) and (max-width: 480px) 480px, (min-width: 481px) and (max-width: 980px) 980px, (min-width: 981px) 1200px, 100vw\" \/><\/p>\n<h3 data-pm-slice=\"1 1 []\"><span class=\"ez-toc-section\" id=\"Azsiai_unnepi_fuzio\"><\/span>\u00c1zsiai \u00fcnnepi f\u00fazi\u00f3<span class=\"ez-toc-section-end\"><\/span><\/h3>\n<h4>Jap\u00e1n<\/h4>\n<p>K\u00e1pr\u00e1ztassa el a l\u00e1tv\u00e1nyos t\u00e9li megvil\u00e1g\u00edt\u00e1s, \u00e9s \u00e9lvezze a kar\u00e1csonyt egy csavarral, bele\u00e9rtve a hagyom\u00e1nyos kar\u00e1csonyi s\u00fctem\u00e9nyeket is.<\/p>\n<p><img decoding=\"async\" class=\"alignnone size-full wp-image-1596\" src=\"https:\/\/vasco-electronics.hu\/cikkek\/wp-content\/uploads\/2023\/12\/christmas6.png\" alt=\"Kar\u00e1csonyi mise.\" width=\"1200\" height=\"750\" srcset=\"https:\/\/vasco-electronics.hu\/cikkek\/wp-content\/uploads\/2023\/12\/christmas6.png 1200w, https:\/\/vasco-electronics.hu\/cikkek\/wp-content\/uploads\/2023\/12\/christmas6-980x613.png 980w, https:\/\/vasco-electronics.hu\/cikkek\/wp-content\/uploads\/2023\/12\/christmas6-480x300.png 480w\" sizes=\"(min-width: 0px) and (max-width: 480px) 480px, (min-width: 481px) and (max-width: 980px) 980px, (min-width: 981px) 1200px, 100vw\" \/><\/p>\n<h4 data-pm-slice=\"1 1 []\">F\u00fcl\u00f6p-szigetek<\/h4>\n<p>Vegyen r\u00e9szt a Simbang Gabiban, a kar\u00e1csonyt megel\u0151z\u0151 hajnali misesorozaton, amely bemutatja az orsz\u00e1g m\u00e9lyen gy\u00f6kerez\u0151 katolikus hagyom\u00e1nyait.<\/p>\n<h2><span class=\"ez-toc-section\" id=\"Multikulturalis_karacsonyi_hagyomanyok_befogadasa_otthon\"><\/span>Multikultur\u00e1lis kar\u00e1csonyi hagyom\u00e1nyok befogad\u00e1sa otthon<span class=\"ez-toc-section-end\"><\/span><\/h2>\n<p>A kar\u00e1csony az egy\u00fcttl\u00e9t ideje. A multikultur\u00e1lis csal\u00e1dok sz\u00e1m\u00e1ra ez egy lehet\u0151s\u00e9g arra, hogy a vil\u00e1g k\u00fcl\u00f6nb\u00f6z\u0151 \u00fcnnepi hagyom\u00e1nyait vegy\u00edts\u00e9k \u00e9s \u00fcnnepelj\u00e9k.<\/p>\n<p>Ez az a pillanat, amikor val\u00f3sz\u00edn\u0171leg k\u00edv\u00e1ncsi vagy, hogyan \u00fcnneplik az emberek a kar\u00e1csonyt szerte a vil\u00e1gon. \u00c9s hogyan tisztelheted a k\u00fcl\u00f6nb\u00f6z\u0151 szok\u00e1sokat a csal\u00e1di vacsor\u00e1n.<\/p>\n<h3><span class=\"ez-toc-section\" id=\"Tortenetek_es_szokasok_megosztasa\"><\/span>T\u00f6rt\u00e9netek \u00e9s szok\u00e1sok megoszt\u00e1sa<span class=\"ez-toc-section-end\"><\/span><\/h3>\n<p>B\u00e1tor\u00edtsa a csal\u00e1dtagokat, hogy ossz\u00e1k meg kult\u00far\u00e1jukb\u00f3l sz\u00e1rmaz\u00f3 t\u00f6rt\u00e9neteiket \u00e9s szok\u00e1saikat. Ez mag\u00e1ban foglalhat egyedi mes\u00e9ket, dalokat \u00e9s sok kar\u00e1csonyi t\u00e9nyt szerte a vil\u00e1gon.<\/p>\n<h3><span class=\"ez-toc-section\" id=\"Unnepi_fuzio_a_dekoracioban\"><\/span>\u00dcnnepi f\u00fazi\u00f3 a dekor\u00e1ci\u00f3ban<span class=\"ez-toc-section-end\"><\/span><\/h3>\n<p>D\u00edsz\u00edtse otthon\u00e1t kultur\u00e1lis szimb\u00f3lumok \u00e9s st\u00edlusok kever\u00e9k\u00e9vel. \u00c9s mik a kar\u00e1csonyi hagyom\u00e1nyok szerte a vil\u00e1gon, ha a d\u00edsz\u00edt\u00e9sr\u0151l van sz\u00f3? Gondoljon a k\u00fcl\u00f6nb\u00f6z\u0151 orsz\u00e1gokb\u00f3l sz\u00e1rmaz\u00f3 d\u00edszekkel d\u00edsz\u00edtett kar\u00e1csonyf\u00e1kra vagy a kult\u00far\u00e1k kever\u00e9k\u00e9t t\u00fckr\u00f6z\u0151 betlehemre.<\/p>\n<h3><span class=\"ez-toc-section\" id=\"Multikulturalis_karacsonyi_unnep\"><\/span>Multikultur\u00e1lis kar\u00e1csonyi \u00fcnnep<span class=\"ez-toc-section-end\"><\/span><\/h3>\n<p>K\u00e9sz\u00edtsen lakom\u00e1t, amely a csal\u00e1d minden kult\u00far\u00e1j\u00e1b\u00f3l hagyom\u00e1nyos \u00e9teleket tartalmaz. Ez egy csod\u00e1latos m\u00f3dja annak, hogy \u00e9telen kereszt\u00fcl felfedezz\u00fck a k\u00fcl\u00f6nb\u00f6z\u0151 kar\u00e1csonyi \u00fcnneps\u00e9geket szerte a vil\u00e1gon.<\/p>\n<h3><span class=\"ez-toc-section\" id=\"Nyelv_es_kommunikacio\"><\/span>Nyelv \u00e9s kommunik\u00e1ci\u00f3<span class=\"ez-toc-section-end\"><\/span><\/h3>\n<p>Azokban a csal\u00e1dokban, ahol t\u00f6bb nyelvet besz\u00e9lnek, a Vasco Translator \u00e9rt\u00e9kes eszk\u00f6z lehet a kommunik\u00e1ci\u00f3s hi\u00e1nyoss\u00e1gok \u00e1thidal\u00e1s\u00e1ra. Biztos\u00edtja, hogy mindenki benne \u00e9rezze mag\u00e1t, \u00e9s teljes m\u00e9rt\u00e9kben r\u00e9szt vehessen az \u00fcnneps\u00e9gen.<\/p>\n<p><img decoding=\"async\" class=\"alignnone size-full wp-image-1597\" src=\"https:\/\/vasco-electronics.hu\/cikkek\/wp-content\/uploads\/2023\/12\/christmas7.png\" alt=\"Kar\u00e1csonyi vacsora.\" width=\"1200\" height=\"750\" srcset=\"https:\/\/vasco-electronics.hu\/cikkek\/wp-content\/uploads\/2023\/12\/christmas7.png 1200w, https:\/\/vasco-electronics.hu\/cikkek\/wp-content\/uploads\/2023\/12\/christmas7-980x613.png 980w, https:\/\/vasco-electronics.hu\/cikkek\/wp-content\/uploads\/2023\/12\/christmas7-480x300.png 480w\" sizes=\"(min-width: 0px) and (max-width: 480px) 480px, (min-width: 481px) and (max-width: 980px) 980px, (min-width: 981px) 1200px, 100vw\" \/><\/p>\n<h2 data-pm-slice=\"1 1 []\"><span class=\"ez-toc-section\" id=\"Unnepi_etelek_es_hagyomanyok_kulinaris_kaland_a_vilag_korul\"><\/span>\u00dcnnepi \u00e9telek \u00e9s hagyom\u00e1nyok: kulin\u00e1ris kaland a vil\u00e1g k\u00f6r\u00fcl<span class=\"ez-toc-section-end\"><\/span><\/h2>\n<p>Vel\u00fcnk tart? Nemzetek kar\u00e1csonyi \u00e9telei: Az egyik legcsod\u00e1latosabb m\u00f3dja a kar\u00e1csonyi hagyom\u00e1nyok megtapasztal\u00e1s\u00e1nak szerte a vil\u00e1gon a v\u00e1ltozatos \u00e9s \u00edzletes konyh\u00e1kon kereszt\u00fcl. Di\u00e9ta helyett, a F\u00f6ld k\u00f6r\u00fcl! Nap \u00e9s \u00e9jszaka, ir\u00e1ny a gasztron\u00f3mia! Janu\u00e1r 6-ig nincs meg\u00e1ll\u00e1s!<\/p>\n<p>Minden kult\u00fara a maga \u00edz\u00e9t hozza az \u00fcnnepi szezonba. Sz\u00f3val, hol t\u00f6ltheti a legjobb kar\u00e1csonyt, ha szereti az \u00fcnnepi \u00e9tkez\u00e9si hagyom\u00e1nyokat szerte a vil\u00e1gon? Fedezze fel ak\u00e1r janu\u00e1r 6-\u00e1n.<\/p>\n<p>Induljunk egy kis kulin\u00e1ris <a href=\"https:\/\/vasco-electronics.hu\/cikkek\/utazas\/\">utaz\u00e1sra<\/a>, fedezz\u00fck fel a vil\u00e1g legcsod\u00e1latosabb kar\u00e1csonyi \u00e9teleit, ak\u00e1r december 28 ut\u00e1n vagy ak\u00e1r janu\u00e1r 6-ig:<\/p>\n<h3><span class=\"ez-toc-section\" id=\"Europai_finomsagok_karacsonyi_erdekessegek_a_vilagbol\"><\/span>Eur\u00f3pai finoms\u00e1gok, kar\u00e1csonyi \u00e9rdekess\u00e9gek a vil\u00e1gb\u00f3l<span class=\"ez-toc-section-end\"><\/span><\/h3>\n<ul>\n<li><strong>N\u00e9metorsz\u00e1g:<\/strong> \u00cdzlelje meg a Stollen \u00edz\u00e9t, egy hagyom\u00e1nyos gy\u00fcm\u00f6lcskeny\u00e9r, amely aszalt gy\u00fcm\u00f6lcs\u00f6kben, di\u00f3f\u00e9l\u00e9kben \u00e9s f\u0171szerekben gazdag, a n\u00e9met kar\u00e1csony egyik f\u0151 darabja.<\/li>\n<li><strong>Olaszorsz\u00e1g<\/strong>: \u00c9lvezze a H\u00e9t Hal \u00fcnnep\u00e9t, a tenger gy\u00fcm\u00f6lcseib\u0151l k\u00e9sz\u00fclt extravag\u00e1nst, amelyet hagyom\u00e1nyosan kar\u00e1csony est\u00e9j\u00e9n \u00fcnnepelnek.<\/li>\n<\/ul>\n<h3><span class=\"ez-toc-section\" id=\"Eszak-Amerikai_klasszikusai_regi_karacsonyi_hagyomanyok\"><\/span>\u00c9szak-Amerikai klasszikusai, r\u00e9gi kar\u00e1csonyi hagyom\u00e1nyok<span class=\"ez-toc-section-end\"><\/span><\/h3>\n<ul>\n<li><strong>USA:<\/strong> Ez egy hagyom\u00e1nyos kar\u00e1csonyi vacsora szerte a vil\u00e1gon, \u00e9s innen sz\u00e1rmazik! Pulykas\u00fclttel, t\u00f6ltel\u00e9kkel \u00e9s s\u00fct\u0151t\u00f6k\u00f6s pit\u00e9vel.<\/li>\n<li><strong>Kanada: <\/strong>Tapasztalja meg R\u00e9veillon francia-kanadai hagyom\u00e1ny\u00e1t, egy hossz\u00fa vacsorapartit, amelyet kar\u00e1csony est\u00e9j\u00e9n tartanak.<\/li>\n<\/ul>\n<h3><span class=\"ez-toc-section\" id=\"Azsiai_izek\"><\/span>\u00c1zsiai \u00edzek<span class=\"ez-toc-section-end\"><\/span><\/h3>\n<ul>\n<li><strong>Jap\u00e1n<\/strong>: Pr\u00f3b\u00e1lja ki azt az egyed\u00fcl\u00e1ll\u00f3 szok\u00e1st, hogy a KFC-t kar\u00e1csonyi \u00e9tkez\u00e9sk\u00e9nt fogyasztja, ez a hagyom\u00e1ny hihetetlen\u00fcl n\u00e9pszer\u0171v\u00e9 v\u00e1lt Jap\u00e1nban.<\/li>\n<li><strong>F\u00fcl\u00f6p-szigetek:<\/strong> \u00c9lvezze a Bibingk\u00e1t \u00e9s a Puto Bumbongot, a hagyom\u00e1nyos rizses s\u00fctem\u00e9nyeket, amelyek a kar\u00e1csonyi szezonban alapvet\u0151ek.<\/li>\n<\/ul>\n<h3><span class=\"ez-toc-section\" id=\"Deli_felteke_kulonlegessegek\"><\/span>D\u00e9li f\u00e9lteke k\u00fcl\u00f6nlegess\u00e9gek<span class=\"ez-toc-section-end\"><\/span><\/h3>\n<ul>\n<li><strong>Ausztr\u00e1lia:<\/strong> Csatlakozzon a kar\u00e1csonyi grillez\u00e9s hagyom\u00e1ny\u00e1hoz, amely tenger gy\u00fcm\u00f6lcseit \u00e9s szezon\u00e1lis ny\u00e1ri gy\u00fcm\u00f6lcs\u00f6ket tartalmaz.<\/li>\n<li><strong>D\u00e9l-Afrika<\/strong>: K\u00f3stolja meg a hagyom\u00e1nyos kar\u00e1csonyi dar\u00e1lt pit\u00e9ket \u00e9s a ny\u00e1ri pudingot, amelyek az \u00e9vszak meleg\u00e9t t\u00fckr\u00f6zik.<\/li>\n<\/ul>\n<h3><span class=\"ez-toc-section\" id=\"Del-amerikai_unnepi_finomsagok\"><\/span>D\u00e9l-amerikai \u00fcnnepi finoms\u00e1gok<span class=\"ez-toc-section-end\"><\/span><\/h3>\n<ul>\n<li><strong>Braz\u00edlia:<\/strong> \u00c9lvezze a Panettone \u00e9des kenyeret, amelyet hagyom\u00e1nyosan kar\u00e1csonykor fogyasztanak. N\u00e1luk ez term\u00e9szetes.<\/li>\n<li><strong>Argent\u00edna<\/strong>: K\u00f3stolja meg a Vitel Ton\u00e9-t, egy szeletelt borj\u00fah\u00fasb\u00f3l \u00e1ll\u00f3, kr\u00e9mes szardellasz\u00f3sszal bevont \u00e9telt, amelyet \u00e1ltal\u00e1ban az \u00fcnnepi szezonban szolg\u00e1lnak fel.<\/li>\n<\/ul>\n<p>Ez a kulin\u00e1ris felfedez\u00e9s nem csak az \u00edzlel\u0151bimb\u00f3kat ejti meg, hanem egy ablakot k\u00edn\u00e1l az egyes kult\u00far\u00e1k kar\u00e1csonyi \u00fcnnepeinek sz\u00edv\u00e9be. Az \u00e9des finoms\u00e1gokt\u00f3l a s\u00f3s lakom\u00e1kig a kar\u00e1csonyi \u00e9telek vil\u00e1gszerte \u00e9ppolyan v\u00e1ltozatosak, mint amennyire finomak, \u00edgy k\u00f6zelebb hoznak minket az \u00fcnnepi szezon szellem\u00e9ben. Janu\u00e1r 6-\u00e1n sem k\u00e9s\u0151 elindulni, ha akkor szeret ink\u00e1bb utazni. De a december 25 is t\u00f6k\u00e9letes id\u0151pont a felfedez\u00e9sre. De vajon hol tartj\u00e1k a legfinomabb lakom\u00e1kat? Kar\u00e1csony napj\u00e1n kider\u00fcl. Eg\u00e9szen sok lehet\u00fas\u00e9g k\u00f6z\u00fclv\u00e1laszthat, ha elj\u00f6n kar\u00e1csony napja. Gyerekeknek csod\u00e1t tartogat, hagyom\u00e1nya minden orsz\u00e1gban van az \u00fcnnepnek, p\u00e9ld\u00e1ul kar\u00e1csonyf\u00e1t \u00e1ll\u00edthat. J\u00e9zus sz\u00fclet\u00e9snapja mindenhol nagy \u00fcnnep Eur\u00f3p\u00e1ban. D\u00edsz\u00edtik a feny\u0151t \u00e9s v\u00e1rj\u00e1k a feh\u00e9r kar\u00e1csonyt a kar\u00e1csonyfa alatt J\u00e9zus sz\u00fclet\u00e9snapj\u00e1n a magyar csal\u00e1dok is. Mikul\u00e1s aj\u00e1nd\u00e9kokat hoz a gyerekek nagy \u00f6r\u00f6m\u00e9re. S\u00fclt alma illat, november v\u00e9g\u00e9t\u0151l minden otthonban t\u00f6bbnyire megjelenik. Ezzel is v\u00e1rjuk az \u00fcnnepeket. Aj\u00e1nd\u00e9kot mindenkinek. Vel\u00fcnk tart?<\/p>\n<p><img decoding=\"async\" class=\"alignnone size-full wp-image-1598\" src=\"https:\/\/vasco-electronics.hu\/cikkek\/wp-content\/uploads\/2023\/12\/christmas8.png\" alt=\"Vasco Translators V4 \u00e9s egy\u00e9b aj\u00e1nd\u00e9kok.\" width=\"1200\" height=\"750\" srcset=\"https:\/\/vasco-electronics.hu\/cikkek\/wp-content\/uploads\/2023\/12\/christmas8.png 1200w, https:\/\/vasco-electronics.hu\/cikkek\/wp-content\/uploads\/2023\/12\/christmas8-980x613.png 980w, https:\/\/vasco-electronics.hu\/cikkek\/wp-content\/uploads\/2023\/12\/christmas8-480x300.png 480w\" sizes=\"(min-width: 0px) and (max-width: 480px) 480px, (min-width: 481px) and (max-width: 980px) 980px, (min-width: 981px) 1200px, 100vw\" \/><\/p>\n<h2 data-pm-slice=\"1 1 []\"><span class=\"ez-toc-section\" id=\"Vasco_fordito_szerepe_a_karacsony_globalis_megunnepleseben\"><\/span><a href=\"https:\/\/vasco-electronics.hu\/\">Vasco<\/a> <a href=\"https:\/\/vasco-electronics.hu\/minden-termek\/\">ford\u00edt\u00f3<\/a> szerepe a kar\u00e1csony glob\u00e1lis meg\u00fcnnepl\u00e9s\u00e9ben<span class=\"ez-toc-section-end\"><\/span><\/h2>\n<p>A kar\u00e1csony sz\u00edv\u00e9ben szerte a vil\u00e1gon a nyelv kulcsszerepet j\u00e1tszik.<\/p>\n<p>Ak\u00e1r m\u00e1s orsz\u00e1gokba utazik kar\u00e1csonyra, ak\u00e1r multikultur\u00e1lis csal\u00e1dja van, a meg\u00e9rt\u00e9s \u00e9s a meg\u00e9rt\u00e9s kulcsa a gazdagabb nyaral\u00e1si \u00e9lm\u00e9nyhez.<\/p>\n<p>Itt v\u00e1lik a <a href=\"https:\/\/vasco-electronics.hu\/\"><strong>Vasco<\/strong> <\/a>univerz\u00e1lis <a href=\"https:\/\/vasco-electronics.hu\/minden-termek\/\"><strong>ford\u00edt\u00f3<\/strong> <\/a>felbecs\u00fclhetetlen \u00e9rt\u00e9k\u0171 t\u00e1rss\u00e1.<\/p>\n<h3><span class=\"ez-toc-section\" id=\"Nyelvi_korlatok_attorese_utazas_kozben\"><\/span>Nyelvi korl\u00e1tok \u00e1tt\u00f6r\u00e9se <a href=\"https:\/\/vasco-electronics.hu\/cikkek\/utazas\/\">utaz\u00e1s<\/a> k\u00f6zben<span class=\"ez-toc-section-end\"><\/span><\/h3>\n<p>Amikor a vil\u00e1g kar\u00e1csonyi hagyom\u00e1nyait fedezi fel, a <a href=\"https:\/\/vasco-electronics.hu\/\"><strong>Vasco<\/strong> <\/a>AI <a href=\"https:\/\/vasco-electronics.hu\/minden-termek\/\"><strong>ford\u00edt\u00f3<\/strong> <\/a>nyelvi akad\u00e1lyok n\u00e9lk\u00fcl seg\u00edt elmer\u00fclni a helyi szok\u00e1sokban. K\u00e9rjen \u00fatbaigaz\u00edt\u00e1st, ismerkedjen meg az adott hagyom\u00e1nyokkal, \u00e9s k\u00f6nnyed\u00e9n olvassa el a helyi nyelv\u0171 men\u00fcket.<\/p>\n<h3><span class=\"ez-toc-section\" id=\"A_multikulturalis_csaladi_unnepsegek_fokozasa\"><\/span>A multikultur\u00e1lis csal\u00e1di \u00fcnneps\u00e9gek fokoz\u00e1sa<span class=\"ez-toc-section-end\"><\/span><\/h3>\n<p>Azokban a csal\u00e1dokban, ahol a tagok k\u00fcl\u00f6nb\u00f6z\u0151 nyelvi h\u00e1tter\u0171ek, a <a href=\"https:\/\/vasco-electronics.hu\/\"><strong>Vasco<\/strong> <\/a><a href=\"https:\/\/vasco-electronics.hu\/funkciok\/beszedfordito\"><strong>hangford\u00edt\u00f3<\/strong> <\/a>biztos\u00edtja, hogy mindenki benne \u00e9rezze mag\u00e1t. Ossza meg t\u00f6rt\u00e9neteket, recepteket \u00e9s kar\u00e1csonyi hagyom\u00e1nyokat m\u00e1s orsz\u00e1gokban an\u00e9lk\u00fcl, hogy f\u00e9lne a f\u00e9lre\u00e9rt\u00e9st\u0151l.<\/p>\n<h3><span class=\"ez-toc-section\" id=\"Uj_hagyomanyok_tanulasa\"><\/span>\u00daj hagyom\u00e1nyok tanul\u00e1sa<span class=\"ez-toc-section-end\"><\/span><\/h3>\n<p>Ahogy felfedezi, hogyan \u00fcnneplik m\u00e1s orsz\u00e1gok a kar\u00e1csonyt szerte a vil\u00e1gon, a <strong><a href=\"https:\/\/vasco-electronics.hu\/\">Vasco<\/a> <\/strong><a href=\"https:\/\/vasco-electronics.hu\/funkciok\/beszedfordito\"><strong>besz\u00e9dford\u00edt\u00f3<\/strong> <\/a>\u00fatmutat\u00e1st ny\u00fajthat az egyes hagyom\u00e1nyok m\u00f6g\u00f6tt megh\u00faz\u00f3d\u00f3 jelent\u0151s\u00e9g\u00e9nek meg\u00e9rt\u00e9s\u00e9hez, \u00e9s seg\u00edt m\u00e9lyebben megismerni a helyi kult\u00far\u00e1t.<\/p>\n<h3><span class=\"ez-toc-section\" id=\"Kapcsolatok_letrehozasa\"><\/span>Kapcsolatok l\u00e9trehoz\u00e1sa<span class=\"ez-toc-section-end\"><\/span><\/h3>\n<p>A kar\u00e1csony igazi szelleme a m\u00e1sokkal val\u00f3 kapcsolatteremt\u00e9sr\u0151l sz\u00f3l. A <strong><a href=\"https:\/\/vasco-electronics.hu\/\">Vasco<\/a> <\/strong>verb\u00e1lis ford\u00edt\u00f3ja \u00e1thidalja a szakad\u00e9kokat, \u00e9s lehet\u0151v\u00e9 teszi, hogy val\u00f3di kapcsolatokat \u00e9s bar\u00e1ts\u00e1gokat alak\u00edtson ki, f\u00fcggetlen\u00fcl att\u00f3l, hogy hol tart\u00f3zkodik a vil\u00e1gon.<\/p>\n<p><img decoding=\"async\" class=\"alignnone size-full wp-image-1599\" src=\"https:\/\/vasco-electronics.hu\/cikkek\/wp-content\/uploads\/2023\/12\/christmas9.png\" alt=\"Kar\u00e1csonyi vacsora sok finoms\u00e1ggal.\" width=\"1200\" height=\"750\" srcset=\"https:\/\/vasco-electronics.hu\/cikkek\/wp-content\/uploads\/2023\/12\/christmas9.png 1200w, https:\/\/vasco-electronics.hu\/cikkek\/wp-content\/uploads\/2023\/12\/christmas9-980x613.png 980w, https:\/\/vasco-electronics.hu\/cikkek\/wp-content\/uploads\/2023\/12\/christmas9-480x300.png 480w\" sizes=\"(min-width: 0px) and (max-width: 480px) 480px, (min-width: 481px) and (max-width: 980px) 980px, (min-width: 981px) 1200px, 100vw\" \/><\/p>\n<h2 data-pm-slice=\"1 1 []\"><span class=\"ez-toc-section\" id=\"Kovetkeztetes_A_vilag_egyesitese_a_karacsonyi_unnepsegen_keresztul\"><\/span>K\u00f6vetkeztet\u00e9s: A vil\u00e1g egyes\u00edt\u00e9se a kar\u00e1csonyi \u00fcnneps\u00e9gen kereszt\u00fcl<span class=\"ez-toc-section-end\"><\/span><\/h2>\n<p>Egy olyan vil\u00e1gban, ahol a kar\u00e1csony meg\u00fcnnepl\u00e9se nagyon elt\u00e9r\u0151, \u00e9rdemes t\u00f6bbet megtudni r\u00f3la.<\/p>\n<p>\u00dcnnepi felfedez\u00e9s\u00fcnk v\u00e9g\u00e9n vil\u00e1goss\u00e1 v\u00e1lik, hogy a kar\u00e1csony t\u00f6bb, mint egy \u00fcnnep; ez egy glob\u00e1lis csatlakoz\u00f3.<\/p>\n<p>A kontinenseken, Eur\u00f3pa ny\u00fczsg\u0151 piacait\u00f3l a d\u00e9li f\u00e9lteke nyugodt strandjaiig a kar\u00e1csony \u00f6sszehoz benn\u00fcnket, bemutatva a kar\u00e1csonyi \u00fcnnepl\u00e9s soksz\u00edn\u0171, m\u00e9gis egys\u00e9ges szellem\u00e9t szerte a vil\u00e1gon.<\/p>\n<p>Ebben a szezonban \u00f6lelj\u00fck \u00e1t a kar\u00e1csonyi \u00fcnnepl\u00e9s gazdag k\u00e1rpitj\u00e1t szerte a vil\u00e1gon. Ak\u00e1r utazik, ak\u00e1r a saj\u00e1t csal\u00e1dj\u00e1ban keveredik a kult\u00far\u00e1k, mindegyik hagyom\u00e1ny ablakot nyit a meg\u00e9rt\u00e9s \u00e9s az egys\u00e9g fel\u00e9.<\/p>\n<p>A k\u00fcl\u00f6nb\u00f6z\u0151 kar\u00e1csonyi \u00fcnneps\u00e9gek szerte a vil\u00e1gon k\u00f6z\u00f6s emberi tapasztalataink, tele \u00f6r\u00f6mmel, szeretettel \u00e9s a k\u00f6z\u00f6ss\u00e9g meleg\u00e9vel. Aj\u00e1nd\u00e9kot mindenkinek.<\/p>\n<p>Teh\u00e1t, amikor id\u00e9n \u00fcnnepel, eml\u00e9kezzen a kar\u00e1csony egyetemes \u00f6r\u00f6m\u00e9re. Itt az ideje a kapcsolatteremt\u00e9snek, az \u00faj kult\u00far\u00e1k felfedez\u00e9s\u00e9nek, \u00e9s annak, hogy \u00f6r\u00fclj\u00fcnk annak, hogy az emberek szerte a vil\u00e1gon sokf\u00e9lek\u00e9ppen \u00fcnneplik a kar\u00e1csonyi hagyom\u00e1nyokat.<\/p>\n<p><strong>Boldog Kar\u00e1csonyt!<\/strong><\/p>\n<h2><span class=\"ez-toc-section\" id=\"Diohejban\"><\/span>Di\u00f3h\u00e9jban<span class=\"ez-toc-section-end\"><\/span><\/h2>\n<p>Hogy \u00fcnneplik a kar\u00e1csonyt m\u00e1s orsz\u00e1gokban? Spanyolorsz\u00e1gban mikor van kar\u00e1csony? Kar\u00e1csonyi szok\u00e1sok m\u00e1s orsz\u00e1gokban? A ny\u00fczsg\u0151 spanyol \u201eH\u00e1rom Kir\u00e1ly\u201d felvonul\u00e1st\u00f3l Finnorsz\u00e1g var\u00e1zslatos Mikul\u00e1sfaluj\u00e1ig az idegenvezet\u0151 \u00fcnnepi <a href=\"https:\/\/vasco-electronics.hu\/cikkek\/utazas\/\">utaz\u00e1sra<\/a> vezet k\u00fcl\u00f6nb\u00f6z\u0151 kult\u00far\u00e1kon kereszt\u00fcl. K\u00fcl\u00f6nleges \u00fcnneps\u00e9geket emel ki olyan helyeken, mint New York, Old Quebec, Ausztr\u00e1lia, \u00daj-Z\u00e9land, Jap\u00e1n \u00e9s a F\u00fcl\u00f6p-szigetek, bemutatva a helyi szok\u00e1sokat, \u00fcnnepi \u00e9teleket \u00e9s dekor\u00e1ci\u00f3kat. Az \u00fatmutat\u00f3 betekint\u00e9st ny\u00fajt ezeknek a glob\u00e1lis hagyom\u00e1nyoknak a multikultur\u00e1lis csal\u00e1di \u00fcnneps\u00e9gekbe val\u00f3 integr\u00e1l\u00e1s\u00e1hoz is, hangs\u00falyozva az inkluzivit\u00e1s \u00e9s a kommunik\u00e1ci\u00f3 fontoss\u00e1g\u00e1t, olyan eszk\u00f6z\u00f6k seg\u00edts\u00e9g\u00e9vel, mint a <a href=\"https:\/\/vasco-electronics.hu\/\"><strong>Vasco<\/strong> <\/a><a href=\"https:\/\/vasco-electronics.hu\/funkciok\/beszedfordito\"><strong>hangford\u00edt\u00f3<\/strong><\/a>. Ez az \u00e1tfog\u00f3 \u00e1ttekint\u00e9s a kar\u00e1csony egyes\u00edt\u0151 szellem\u00e9t \u00fcnnepli, \u00e9s arra h\u00edvja az olvas\u00f3kat, hogy maguk\u00e9v\u00e1 tegy\u00e9k az \u00fcnnepi hagyom\u00e1nyok \u00f6r\u00f6m\u00e9t \u00e9s soksz\u00edn\u0171s\u00e9g\u00e9t vil\u00e1gszerte. T\u00e9lap\u00f3 senkit nem felejt el. Minden nap legyen \u00fcnnep a szeretet miatt. N\u00e1luk \u00e9s n\u00e1lunk is ok az \u00f6r\u00f6mre.<\/p>\n<table border=\"1\" cellspacing=\"0\" cellpadding=\"5\">\n<thead>\n<tr>\n<th>Orsz\u00e1g<\/th>\n<th>Hagyom\u00e1nyos \u00e9tel<\/th>\n<th>Egyedi szok\u00e1s<\/th>\n<th>\u00dcnnepnapok<\/th>\n<\/tr>\n<\/thead>\n<tbody>\n<tr>\n<td>Jap\u00e1n<\/td>\n<td>KFC Chicken<\/td>\n<td>Kar\u00e1csonyi torta<\/td>\n<td>December 25<\/td>\n<\/tr>\n<tr>\n<td>Ausztr\u00e1lia<\/td>\n<td>Pavlova<\/td>\n<td>Beach BBQ-k<\/td>\n<td>December 25<\/td>\n<\/tr>\n<tr>\n<td>N\u00e9metorsz\u00e1g<\/td>\n<td>Stollen<\/td>\n<td>Kar\u00e1csonyi v\u00e1s\u00e1rok<\/td>\n<td>December 24-26<\/td>\n<\/tr>\n<tr>\n<td>Mexik\u00f3<\/td>\n<td>Bacalao<\/td>\n<td>Las Posadas<\/td>\n<td>December 16-24<\/td>\n<\/tr>\n<tr>\n<td>F\u00fcl\u00f6p-szigetek<\/td>\n<td>Lechon<\/td>\n<td>Simbang Gabi<\/td>\n<td>December 16-24<\/td>\n<\/tr>\n<\/tbody>\n<\/table>\n","protected":false},"excerpt":{"rendered":"<p>A kar\u00e1csony nem csak egy \u00e9vszak; hat\u00e1rokon \u00e1t\u00edvel\u0151 meghitt \u00e9rz\u00e9s. A rettenthetetlen utaz\u00f3k \u00e9s a multikultur\u00e1lis csal\u00e1dokba f\u00e9szkelt emberek sz\u00e1m\u00e1ra ez egy lehet\u0151s\u00e9g, hogy felfedezz\u00e9k \u00e9s maguk\u00e9v\u00e1 tegy\u00e9k az \u00fcnnepi \u00fcnnepi hagyom\u00e1nyok vil\u00e1g\u00e1t szerte a vil\u00e1gon. Kar\u00e1csony napj\u00e1n A kar\u00e1csony egyike a legfontosabb \u00e9s legn\u00e9pszer\u0171bb \u00fcnnepeknek a vil\u00e1gon. Az \u00fcnnep hagyom\u00e1nyosan december 25-\u00e9n van, azonban [&hellip;]<\/p>\n","protected":false},"author":9,"featured_media":1590,"comment_status":"closed","ping_status":"closed","sticky":false,"template":"","format":"standard","meta":{"_et_pb_use_builder":"","_et_pb_old_content":"","_et_gb_content_width":"","_FSMCFIC_featured_image_caption":"","_FSMCFIC_featured_image_nocaption":"","_FSMCFIC_featured_image_hide":"","footnotes":""},"categories":[9],"tags":[29],"class_list":["post-1589","post","type-post","status-publish","format-standard","has-post-thumbnail","hentry","category-utazas","tag-r-faber"],"_links":{"self":[{"href":"https:\/\/vasco-electronics.hu\/cikkek\/wp-json\/wp\/v2\/posts\/1589","targetHints":{"allow":["GET"]}}],"collection":[{"href":"https:\/\/vasco-electronics.hu\/cikkek\/wp-json\/wp\/v2\/posts"}],"about":[{"href":"https:\/\/vasco-electronics.hu\/cikkek\/wp-json\/wp\/v2\/types\/post"}],"author":[{"embeddable":true,"href":"https:\/\/vasco-electronics.hu\/cikkek\/wp-json\/wp\/v2\/users\/9"}],"replies":[{"embeddable":true,"href":"https:\/\/vasco-electronics.hu\/cikkek\/wp-json\/wp\/v2\/comments?post=1589"}],"version-history":[{"count":5,"href":"https:\/\/vasco-electronics.hu\/cikkek\/wp-json\/wp\/v2\/posts\/1589\/revisions"}],"predecessor-version":[{"id":2780,"href":"https:\/\/vasco-electronics.hu\/cikkek\/wp-json\/wp\/v2\/posts\/1589\/revisions\/2780"}],"wp:featuredmedia":[{"embeddable":true,"href":"https:\/\/vasco-electronics.hu\/cikkek\/wp-json\/wp\/v2\/media\/1590"}],"wp:attachment":[{"href":"https:\/\/vasco-electronics.hu\/cikkek\/wp-json\/wp\/v2\/media?parent=1589"}],"wp:term":[{"taxonomy":"category","embeddable":true,"href":"https:\/\/vasco-electronics.hu\/cikkek\/wp-json\/wp\/v2\/categories?post=1589"},{"taxonomy":"post_tag","embeddable":true,"href":"https:\/\/vasco-electronics.hu\/cikkek\/wp-json\/wp\/v2\/tags?post=1589"}],"curies":[{"name":"wp","href":"https:\/\/api.w.org\/{rel}","templated":true}]}}