{"id":1765,"date":"2023-11-22T09:56:30","date_gmt":"2023-11-22T08:56:30","guid":{"rendered":"https:\/\/vasco-electronics.hu\/cikkek\/?p=1765"},"modified":"2024-12-12T14:37:54","modified_gmt":"2024-12-12T13:37:54","slug":"miert-vilagnyelv-az-angol","status":"publish","type":"post","link":"https:\/\/vasco-electronics.hu\/cikkek\/nyelvek\/miert-vilagnyelv-az-angol\/","title":{"rendered":"Mi\u00e9rt vil\u00e1gnyelv az angol?"},"content":{"rendered":"<p data-pm-slice=\"1 1 []\">A mai \u00f6sszekapcsolt \u00e9s gyorsan fejl\u0151d\u0151 vil\u00e1gban a \u201ek\u00f6z\u00f6s nyelv\u201d fogalma relev\u00e1nsabb, mint valaha.<\/p><div id=\"ez-toc-container\" class=\"ez-toc-v2_0_82_2 counter-hierarchy ez-toc-counter ez-toc-grey ez-toc-container-direction\">\n<p class=\"ez-toc-title\" style=\"cursor:inherit\">Tartalomjegyz\u00e9k:<\/p>\n<label for=\"ez-toc-cssicon-toggle-item-69f1f859c1172\" class=\"ez-toc-cssicon-toggle-label\"><span class=\"ez-toc-cssicon\"><span class=\"eztoc-hide\" style=\"display:none;\">Toggle<\/span><span class=\"ez-toc-icon-toggle-span\"><svg style=\"fill: #999;color:#999\" xmlns=\"http:\/\/www.w3.org\/2000\/svg\" class=\"list-377408\" width=\"20px\" height=\"20px\" viewBox=\"0 0 24 24\" fill=\"none\"><path d=\"M6 6H4v2h2V6zm14 0H8v2h12V6zM4 11h2v2H4v-2zm16 0H8v2h12v-2zM4 16h2v2H4v-2zm16 0H8v2h12v-2z\" fill=\"currentColor\"><\/path><\/svg><svg style=\"fill: #999;color:#999\" class=\"arrow-unsorted-368013\" xmlns=\"http:\/\/www.w3.org\/2000\/svg\" width=\"10px\" height=\"10px\" viewBox=\"0 0 24 24\" version=\"1.2\" baseProfile=\"tiny\"><path d=\"M18.2 9.3l-6.2-6.3-6.2 6.3c-.2.2-.3.4-.3.7s.1.5.3.7c.2.2.4.3.7.3h11c.3 0 .5-.1.7-.3.2-.2.3-.5.3-.7s-.1-.5-.3-.7zM5.8 14.7l6.2 6.3 6.2-6.3c.2-.2.3-.5.3-.7s-.1-.5-.3-.7c-.2-.2-.4-.3-.7-.3h-11c-.3 0-.5.1-.7.3-.2.2-.3.5-.3.7s.1.5.3.7z\"\/><\/svg><\/span><\/span><\/label><input type=\"checkbox\" style='display:none' id=\"ez-toc-cssicon-toggle-item-69f1f859c1172\"  aria-label=\"Toggle\" \/><nav><ul class='ez-toc-list ez-toc-list-level-1 ' ><ul class='ez-toc-list-level-3' ><li class='ez-toc-heading-level-3'><a class=\"ez-toc-link ez-toc-heading-1\" href=\"https:\/\/vasco-electronics.hu\/cikkek\/nyelvek\/miert-vilagnyelv-az-angol\/#FAQ\" >FAQ:<\/a><\/li><\/ul><\/li><li class='ez-toc-page-1 ez-toc-heading-level-2'><a class=\"ez-toc-link ez-toc-heading-2\" href=\"https:\/\/vasco-electronics.hu\/cikkek\/nyelvek\/miert-vilagnyelv-az-angol\/#Hogyan_valt_az_angol_a_vilagnyelvve\" >Hogyan v\u00e1lt az angol a vil\u00e1gnyelvv\u00e9<\/a><ul class='ez-toc-list-level-3' ><li class='ez-toc-heading-level-3'><a class=\"ez-toc-link ez-toc-heading-3\" href=\"https:\/\/vasco-electronics.hu\/cikkek\/nyelvek\/miert-vilagnyelv-az-angol\/#Alapveto_tenyek_Shakespeare_anyanyelverol\" >Alapvet\u0151 t\u00e9nyek Shakespeare anyanyelv\u00e9r\u0151l<\/a><\/li><li class='ez-toc-page-1 ez-toc-heading-level-3'><a class=\"ez-toc-link ez-toc-heading-4\" href=\"https:\/\/vasco-electronics.hu\/cikkek\/nyelvek\/miert-vilagnyelv-az-angol\/#Az_angol_nyelv_tortenelmi_kontextusa\" >Az angol nyelv t\u00f6rt\u00e9nelmi kontextusa<\/a><\/li><\/ul><\/li><li class='ez-toc-page-1 ez-toc-heading-level-2'><a class=\"ez-toc-link ez-toc-heading-5\" href=\"https:\/\/vasco-electronics.hu\/cikkek\/nyelvek\/miert-vilagnyelv-az-angol\/#A_globalizacio_vilaga_Miert_az_angol_a_dominans_nyelv\" >A globaliz\u00e1ci\u00f3 vil\u00e1ga: Mi\u00e9rt az angol a domin\u00e1ns nyelv?<\/a><ul class='ez-toc-list-level-3' ><li class='ez-toc-heading-level-3'><a class=\"ez-toc-link ez-toc-heading-6\" href=\"https:\/\/vasco-electronics.hu\/cikkek\/nyelvek\/miert-vilagnyelv-az-angol\/#Segitseg_a_nyelvi_akadalyok_lekuzdeseben_a_globalizalt_vilagban\" >Seg\u00edts\u00e9g a nyelvi akad\u00e1lyok lek\u00fczd\u00e9s\u00e9ben a globaliz\u00e1lt vil\u00e1gban<\/a><\/li><\/ul><\/li><li class='ez-toc-page-1 ez-toc-heading-level-2'><a class=\"ez-toc-link ez-toc-heading-7\" href=\"https:\/\/vasco-electronics.hu\/cikkek\/nyelvek\/miert-vilagnyelv-az-angol\/#Az_angol_az_akademiaban_es_a_kutatasban_Tudomany_es_technologia\" >Az angol az akad\u00e9mi\u00e1ban \u00e9s a kutat\u00e1sban: Tudom\u00e1ny \u00e9s technol\u00f3gia<\/a><\/li><li class='ez-toc-page-1 ez-toc-heading-level-2'><a class=\"ez-toc-link ez-toc-heading-8\" href=\"https:\/\/vasco-electronics.hu\/cikkek\/nyelvek\/miert-vilagnyelv-az-angol\/#Az_angol_nyelv_kulturalis_hatasa\" >Az angol nyelv kultur\u00e1lis hat\u00e1sa<\/a><\/li><li class='ez-toc-page-1 ez-toc-heading-level-2'><a class=\"ez-toc-link ez-toc-heading-9\" href=\"https:\/\/vasco-electronics.hu\/cikkek\/nyelvek\/miert-vilagnyelv-az-angol\/#Kihivasok_es_kritikak_Miert_az_angol_lett_a_nemzetkozi_nyelv\" >Kih\u00edv\u00e1sok \u00e9s kritik\u00e1k: Mi\u00e9rt az angol lett a nemzetk\u00f6zi nyelv?<\/a><\/li><li class='ez-toc-page-1 ez-toc-heading-level-2'><a class=\"ez-toc-link ez-toc-heading-10\" href=\"https:\/\/vasco-electronics.hu\/cikkek\/nyelvek\/miert-vilagnyelv-az-angol\/#Kovetkeztetes_Hogyan_valt_az_angol_a_vilagnyelvve\" >K\u00f6vetkeztet\u00e9s: Hogyan v\u00e1lt az angol a vil\u00e1gnyelvv\u00e9?<\/a><ul class='ez-toc-list-level-3' ><li class='ez-toc-heading-level-3'><a class=\"ez-toc-link ez-toc-heading-11\" href=\"https:\/\/vasco-electronics.hu\/cikkek\/nyelvek\/miert-vilagnyelv-az-angol\/#Segitseg_a_nemzetkozi_kornyezetben\" >Seg\u00edts\u00e9g a nemzetk\u00f6zi k\u00f6rnyezetben<\/a><\/li><li class='ez-toc-page-1 ez-toc-heading-level-3'><a class=\"ez-toc-link ez-toc-heading-12\" href=\"https:\/\/vasco-electronics.hu\/cikkek\/nyelvek\/miert-vilagnyelv-az-angol\/#DIOHEJBAN\" >DI\u00d3H\u00c9JBAN<\/a><\/li><\/ul><\/li><\/ul><\/nav><\/div>\n\n<p>A legt\u00f6bben egyet\u00e9rt\u00fcnk abban, hogy az angol a vil\u00e1gnyelv az \u00fczleti \u00e9letben, a m\u00e9di\u00e1ban \u00e9s a diplom\u00e1ci\u00e1ban. De hogyan v\u00e1lt egy kis eur\u00f3pai szigetr\u0151l sz\u00e1rmaz\u00f3 nyelv a nemzetk\u00f6zi kommunik\u00e1ci\u00f3 nyelv\u00e9v\u00e9? Vil\u00e1gnyelv angolul?<\/p>\n<p>Mi\u00e9rt az angol a vil\u00e1gnyelv? Milyen t\u00f6rt\u00e9nelmi, geopolitikai \u00e9s kultur\u00e1lis sz\u00e1lak fon\u00f3dtak \u00f6ssze, hogy ilyen kiemelt helyzetbe ker\u00fclj\u00f6n?<\/p>\n<p>Mi\u00e9rt fontos az angol nyelv?<\/p>\n<p>L\u00e9tezik nyelvi globaliz\u00e1ci\u00f3?<\/p>\n<p>Az angol nyelv fontoss\u00e1ga: Tudjuk, hogy ma m\u00e1r nagyon elterjedt, de mi vezetett ahhoz, hogy az angol a vil\u00e1gnyelv lett az \u00fczleti \u00e9letben, \u00e9s mi\u00e9rt az angol a vil\u00e1g lingua franca-ja?<\/p>\n<p>Ez a kutat\u00e1s nem csak ezekre a s\u00fcrget\u0151 k\u00e9rd\u00e9sekre keresi a v\u00e1laszt, hanem megpr\u00f3b\u00e1lja meg\u00e9rteni a nyelv sokr\u00e9t\u0171 szerep\u00e9t az emberi t\u00e1rsadalomban \u00e9s a glob\u00e1lis kommunik\u00e1ci\u00f3ban.<\/p>\n<p>Pontosabban, hogyan v\u00e1lt az angol a vil\u00e1gnyelvv\u00e9?<\/p>\n<p>Ezeknek a szempontoknak a m\u00e9lyrehat\u00f3 vizsg\u00e1lat\u00e1val felt\u00e1rjuk ennek a nyelvnek az elterjed\u00e9s\u00e9nek okait. Megv\u00e1laszoljuk a k\u00e9rd\u00e9st: \u201eMi\u00e9rt vil\u00e1gnyelv az angol?\u201d \u00e9s annak jelent\u0151s\u00e9g\u00e9t egy nyelvi sokf\u00e9les\u00e9ggel teli vil\u00e1gban.<\/p>\n<div class=\"faq-section\">\n<h3><span class=\"ez-toc-section\" id=\"FAQ\"><\/span>FAQ:<span class=\"ez-toc-section-end\"><\/span><\/h3>\n<h4 class=\"question1\">Az angol nemzetk\u00f6zi nyelv?<\/h4>\n<div class=\"answer1\">Az angolt sz\u00e9les k\u00f6rben haszn\u00e1lj\u00e1k az \u00fczleti \u00e9letben, amellett, hogy az Egyes\u00fclt Nemzetek Szervezete, az Eur\u00f3pai Uni\u00f3 \u00e9s a NATO hivatalos nyelve.<\/div>\n<h4 class=\"question2\">Mikor lett az angol a nemzetk\u00f6zi nyelv?<\/h4>\n<div class=\"answer2\">T\u00f6bb t\u00e9nyez\u0151 is hozz\u00e1j\u00e1rult ahhoz, hogy az angol nemzetk\u00f6zi nyelvv\u00e9 v\u00e1ljon. Az egyik legfontosabb a globaliz\u00e1ci\u00f3, mivel az angol a legsz\u00e9lesebb k\u00f6rben haszn\u00e1lt nyelv az interneten, a szoftverfejleszt\u00e9s \u00e9s a glob\u00e1lis p\u00e9nz\u00fcgyek ter\u00fclet\u00e9n. Valamennyi \u00e1gazat hozz\u00e1j\u00e1rult ahhoz, hogy a vil\u00e1g glob\u00e1lis faluv\u00e1 v\u00e1ljon.<\/div>\n<h4 class=\"question3\">Az angol a legsz\u00e9lesebb k\u00f6rben haszn\u00e1lt nemzetk\u00f6zi nyelv?<\/h4>\n<div class=\"answer3\">A becsl\u00e9sek szerint vil\u00e1gszerte 1,5 milli\u00e1rd besz\u00e9l\u0151vel az angolt glob\u00e1lis lingua franc\u00e1nak tekintik.<\/div>\n<h4 class=\"question4\">Mi\u00e9rt lett az angol a nemzetk\u00f6zi nyelv?<\/h4>\n<div class=\"answer4\">Amellett, hogy az angol az internet, a modern technol\u00f3gia \u00e9s sz\u00e1mos nemzetk\u00f6zi szervezet nyelve, lingua franca st\u00e1tusz\u00e1t t\u00f6rt\u00e9nelmi t\u00e9nyez\u0151knek is k\u00f6sz\u00f6nheti. Az egyik a Brit Birodalom hatalmas terjeszked\u00e9se, valamint az amerikai gazdas\u00e1gi \u00e9s popkultur\u00e1lis dominancia.<\/div>\n<h4 class=\"question5\">Az angol m\u00e9g mindig glob\u00e1lis nyelv?<\/h4>\n<div class=\"answer5\">Igen, az angol m\u00e9g mindig egy glob\u00e1lis nyelv, nagyon sz\u00e9les k\u00f6rben haszn\u00e1lj\u00e1k az interneten, a nemzetk\u00f6zi szervezetekben \u00e9s a szoftverfejleszt\u00e9sben.<\/div>\n<h4 class=\"question6\">Az angol univerz\u00e1lis nyelv lesz?<\/h4>\n<div class=\"answer6\">M\u00edg az angol glob\u00e1lis nyelv, a t\u00f6bbi nyelv, p\u00e9ld\u00e1ul a mandarin, a spanyol \u00e9s az arab is jelent\u0151s szerepet j\u00e1tszik a nemzetk\u00f6zi kapcsolatokban. Val\u00f3sz\u00edn\u0171leg m\u00e9g v\u00e1rn\u00e1nk egy ideig, hogy az angol univerz\u00e1lis nyelv legyen, ha egy\u00e1ltal\u00e1n lesz.<\/div>\n<\/div>\n<p><img decoding=\"async\" class=\"alignnone size-full wp-image-1766\" src=\"https:\/\/vasco-electronics.hu\/cikkek\/wp-content\/uploads\/2024\/03\/blog-eng-3.jpg\" alt=\"Id\u0151s ember \u00edr az asztaln\u00e1l.\" width=\"1200\" height=\"628\" srcset=\"https:\/\/vasco-electronics.hu\/cikkek\/wp-content\/uploads\/2024\/03\/blog-eng-3.jpg 1200w, https:\/\/vasco-electronics.hu\/cikkek\/wp-content\/uploads\/2024\/03\/blog-eng-3-980x513.jpg 980w, https:\/\/vasco-electronics.hu\/cikkek\/wp-content\/uploads\/2024\/03\/blog-eng-3-480x251.jpg 480w\" sizes=\"(min-width: 0px) and (max-width: 480px) 480px, (min-width: 481px) and (max-width: 980px) 980px, (min-width: 981px) 1200px, 100vw\" \/><\/p>\n<h2 data-pm-slice=\"1 3 []\"><span class=\"ez-toc-section\" id=\"Hogyan_valt_az_angol_a_vilagnyelvve\"><\/span>Hogyan v\u00e1lt az angol a vil\u00e1gnyelvv\u00e9<span class=\"ez-toc-section-end\"><\/span><\/h2>\n<p>Vil\u00e1gnyelv angolul: Ehhez az utaz\u00e1shoz t\u00f6bb \u00e9vsz\u00e1zaddal vissza kell tekinten\u00fcnk, amikor a vil\u00e1g birodalmak mozaikj\u00e1b\u00f3l \u00e1llt.<\/p>\n<p>Ahhoz, hogy meg\u00e9rts\u00fck, mi\u00e9rt az angol a vil\u00e1gnyelv, nem csak az angol nyelv t\u00f6rt\u00e9net\u00e9t kell megvizsg\u00e1lnunk, hanem a t\u00f6rt\u00e9nelmi, kultur\u00e1lis \u00e9s technol\u00f3giai er\u0151ket is, amelyek el\u0151seg\u00edtett\u00e9k annak befoly\u00e1s\u00e1t. Felfedezz\u00fck, hogyan terjedt el az angol nyelv a vil\u00e1gon.<\/p>\n<p>Az Egyes\u00fclt \u00c1llamok \u00e9s a Brit Birodalom messzire hat\u00f3 befoly\u00e1s\u00e1t\u00f3l kezdve a globaliz\u00e1ci\u00f3 \u00e9s a digit\u00e1lis technol\u00f3gia kor\u00e1ig az angol belesz\u0151tte mag\u00e1t a vil\u00e1g nyelvi sz\u00f6vet\u00e9be.<\/p>\n<h3><span class=\"ez-toc-section\" id=\"Alapveto_tenyek_Shakespeare_anyanyelverol\"><\/span>Alapvet\u0151 t\u00e9nyek Shakespeare anyanyelv\u00e9r\u0151l<span class=\"ez-toc-section-end\"><\/span><\/h3>\n<ul>\n<li>Az angol hivatalos nyelv 53 orsz\u00e1gban, \u00e9s sok angolul besz\u00e9l\u0151 orsz\u00e1gban az anyanyelv (k\u00f6r\u00fclbel\u00fcl 360 milli\u00f3 ember besz\u00e9li els\u0151 nyelvk\u00e9nt, Babbel szerint).<\/li>\n<li>A vil\u00e1g m\u00e1sodik legt\u00f6bb anyanyelvi besz\u00e9l\u0151vel rendelkez\u0151 nyelve, \u00e9s az els\u0151 a val\u00f3ban angolul besz\u00e9l\u0151k sz\u00e1m\u00e1t tekintve. K\u00e9ts\u00e9gtelen\u00fcl tekinthet\u0151 a vil\u00e1g \u00fczleti nyelv\u00e9nek.<\/li>\n<li>B\u00e1r m\u00e1s <a href=\"https:\/\/vasco-electronics.hu\/cikkek\/nyelvek\/\">nyelvek<\/a> is kiemelked\u0151en haszn\u00e1latosak a glob\u00e1lis \u00fczleti vil\u00e1gban, az angol a legt\u00f6bbet besz\u00e9lt nyelv ott.<\/li>\n<li>Az angolul besz\u00e9l\u0151k, akik nem anyanyelvi besz\u00e9l\u0151k, annyian vannak, hogy saj\u00e1t nyelvet alkottak (alkottak?). Ezt \u201eglobish\u201d-nek h\u00edvj\u00e1k, \u00e9s b\u00e1r a legt\u00f6bb angol sz\u00f3t \u00e9s szab\u00e1lyt tartalmazza, sok \u00faj sz\u00f3t \u00e9s tov\u00e1bbi egyszer\u0171s\u00edt\u00e9st is be\u00e9p\u00edt a nyelvbe.<\/li>\n<li>Ez a jelens\u00e9g sok k\u00edv\u00e1ncsis\u00e1got kelt afel\u0151l, hogy mi\u00e9rt az angol a vil\u00e1gnyelv, \u00e9s mit jelent ez az egy\u00e9nek, kult\u00far\u00e1k \u00e9s a glob\u00e1lis kommunik\u00e1ci\u00f3 sz\u00e1m\u00e1ra.<\/li>\n<\/ul>\n<p><img decoding=\"async\" class=\"alignnone size-full wp-image-1770\" src=\"https:\/\/vasco-electronics.hu\/cikkek\/wp-content\/uploads\/2024\/03\/blog-eng-8.jpg\" alt=\"K\u00e9t f\u00e9rfi besz\u00e9lget a mez\u0151n.\" width=\"1200\" height=\"628\" srcset=\"https:\/\/vasco-electronics.hu\/cikkek\/wp-content\/uploads\/2024\/03\/blog-eng-8.jpg 1200w, https:\/\/vasco-electronics.hu\/cikkek\/wp-content\/uploads\/2024\/03\/blog-eng-8-980x513.jpg 980w, https:\/\/vasco-electronics.hu\/cikkek\/wp-content\/uploads\/2024\/03\/blog-eng-8-480x251.jpg 480w\" sizes=\"(min-width: 0px) and (max-width: 480px) 480px, (min-width: 481px) and (max-width: 980px) 980px, (min-width: 981px) 1200px, 100vw\" \/><\/p>\n<h3 data-pm-slice=\"1 1 []\"><span class=\"ez-toc-section\" id=\"Az_angol_nyelv_tortenelmi_kontextusa\"><\/span>Az angol nyelv t\u00f6rt\u00e9nelmi kontextusa<span class=\"ez-toc-section-end\"><\/span><\/h3>\n<p>Ahhoz, hogy meg\u00e9rts\u00fck, mi\u00e9rt az angol a nemzetk\u00f6zi nyelv, vissza kell utaznunk a nyelv eredet\u00e9hez.<\/p>\n<p>Vil\u00e1gnyelv angolul? Az angolsz\u00e1sz t\u00f6rt\u00e9nelemben gy\u00f6kerez\u0151 angol nyelv kezdetben dialektusok kever\u00e9kek\u00e9nt indult, majd az \u00e9vsz\u00e1zadok sor\u00e1n alakult \u00e1t. H\u00e1bor\u00fak, h\u00f3d\u00edt\u00e1sok \u00e9s kultur\u00e1lis \u00e1talakul\u00e1sok form\u00e1lt\u00e1k. Azonban a val\u00f3di l\u00f6k\u00e9st az angol nyelv glob\u00e1lis nyelvv\u00e9 v\u00e1l\u00e1s\u00e1nak t\u00f6rt\u00e9net\u00e9ben a Brit Birodalom kora adta.<\/p>\n<p>Amikor a Brit Birodalom kiterjesztette gyarmati hat\u00f3k\u00f6r\u00e9t, az angol nyelv is \u00e1tkelt az \u00f3ce\u00e1nokon \u00e9s hat\u00e1rokon.<\/p>\n<p><img decoding=\"async\" class=\"alignnone size-full wp-image-1768\" src=\"https:\/\/vasco-electronics.hu\/cikkek\/wp-content\/uploads\/2024\/03\/blog-eng-5.jpg\" alt=\"Emberek \u00fclnek egym\u00e1s mellett.\" width=\"1200\" height=\"628\" srcset=\"https:\/\/vasco-electronics.hu\/cikkek\/wp-content\/uploads\/2024\/03\/blog-eng-5.jpg 1200w, https:\/\/vasco-electronics.hu\/cikkek\/wp-content\/uploads\/2024\/03\/blog-eng-5-980x513.jpg 980w, https:\/\/vasco-electronics.hu\/cikkek\/wp-content\/uploads\/2024\/03\/blog-eng-5-480x251.jpg 480w\" sizes=\"(min-width: 0px) and (max-width: 480px) 480px, (min-width: 481px) and (max-width: 980px) 980px, (min-width: 981px) 1200px, 100vw\" \/><\/p>\n<h2 data-pm-slice=\"1 1 []\"><span class=\"ez-toc-section\" id=\"A_globalizacio_vilaga_Miert_az_angol_a_dominans_nyelv\"><\/span>A globaliz\u00e1ci\u00f3 vil\u00e1ga: Mi\u00e9rt az angol a domin\u00e1ns nyelv?<span class=\"ez-toc-section-end\"><\/span><\/h2>\n<p>Az angol nyelv terjed\u00e9se tov\u00e1bb fokoz\u00f3dott a globaliz\u00e1ci\u00f3val, amely er\u0151v\u00e9 v\u00e1lt, ami a vil\u00e1gunkat egy glob\u00e1lis faluv\u00e1 alak\u00edtotta \u00e1t.<\/p>\n<p>De vajon az angol a legt\u00f6bbet besz\u00e9lt nyelv ebben a helyzetben? Itt a technol\u00f3gia \u00e9s a gazdas\u00e1g adja a v\u00e1laszt. A digit\u00e1lis forradalommal az angol nyelv az internet, a szoftverfejleszt\u00e9s \u00e9s a glob\u00e1lis p\u00e9nz\u00fcgyek f\u0151 nyelv\u00e9v\u00e9 v\u00e1lt, amelyek mind a globaliz\u00e1ci\u00f3 \u00e9lharcosai.<\/p>\n<p>Vajon a k\u00fclf\u00f6ldi iskol\u00e1kban az angol nyelv tan\u00edt\u00e1sa a globaliz\u00e1ci\u00f3 egyik p\u00e9ld\u00e1ja? Abszol\u00fat \u00edgy van.<\/p>\n<h3><span class=\"ez-toc-section\" id=\"Segitseg_a_nyelvi_akadalyok_lekuzdeseben_a_globalizalt_vilagban\"><\/span>Seg\u00edts\u00e9g a nyelvi akad\u00e1lyok lek\u00fczd\u00e9s\u00e9ben a globaliz\u00e1lt vil\u00e1gban<span class=\"ez-toc-section-end\"><\/span><\/h3>\n<p>Ez a korszak kiemeli az angol nyelv eszk\u00f6zeinek gyakorlati fontoss\u00e1g\u00e1t, amelyek \u00e1thidalj\u00e1k a kommunik\u00e1ci\u00f3s r\u00e9seket.<\/p>\n<p>Olyan term\u00e9kek, mint a Vasco Translator ford\u00edt\u00f3g\u00e9p, elengedhetetlenn\u00e9 v\u00e1ltak a mai vil\u00e1gban. Ez az univerz\u00e1lis ford\u00edt\u00f3 megold\u00e1st k\u00edn\u00e1l a val\u00f3s idej\u0171 nyelvi ford\u00edt\u00e1sra, seg\u00edtve az egy\u00e9neket a modern vil\u00e1g meg\u00e9rt\u00e9s\u00e9ben.<\/p>\n<p>Ez a k\u00e9sz\u00fcl\u00e9k t\u00falmutat a besz\u00e9dford\u00edt\u00e1son, el\u0151seg\u00edti a nyelvtanul\u00e1st \u00e9s m\u00e9lyebb betekint\u00e9st ny\u00fajt abba, hogy mi\u00e9rt nemzetk\u00f6zi nyelv az angol.<\/p>\n<p>A besz\u00e9dford\u00edt\u00f3 k\u00fcl\u00f6n\u00f6sen hasznos az nemzetk\u00f6zi \u00fczleti vil\u00e1gban, de nem csak ott. A globaliz\u00e1lt vil\u00e1gban a fot\u00f3ford\u00edt\u00f3 \u2013 a Vasco eszk\u00f6z egyik funkci\u00f3ja \u2013 lehet\u0151v\u00e9 teszi, hogy \u00edrott sz\u00f6veget \u00e9rts\u00fcnk meg b\u00e1rhol a vil\u00e1gon.<\/p>\n<p>Az Eur\u00f3p\u00e1n k\u00edv\u00fcl besz\u00e9lt <a href=\"https:\/\/vasco-electronics.hu\/cikkek\/nyelvek\/\">nyelvek<\/a> t\u00f6bbs\u00e9g\u00e9t is t\u00e1mogatja a Vasco Translator V4 \u00e9s a Vasco Translator M3 ford\u00edt\u00f3g\u00e9p. Vigye mag\u00e1val a Vasco Translator besz\u00e9l\u0151 ford\u00edt\u00f3 eszk\u00f6zt utaz\u00e1saira, amivel legy\u0151zheti a kommunik\u00e1ci\u00f3s neh\u00e9zs\u00e9geket. T\u00f6bbletk\u00f6lts\u00e9lg n\u00e9lk\u00fcl haszn\u00e1lhatja k\u00fclf\u00f6ld\u00f6n!<\/p>\n<p>Ford\u00edtson k\u00e9peket a fot\u00f3 ford\u00edt\u00f3, sz\u00f6veget a sz\u00f6vegford\u00edt\u00f3 \u00e9s sz\u00f3beli kommunik\u00e1ci\u00f3t a besz\u00e9dford\u00edt\u00f3 funkci\u00f3kkal k\u00f6nnyed\u00e9n. Az azonnali ford\u00edt\u00f3 minden helyzetben t\u00e1mogatja \u00d6nt.<\/p>\n<p>Nincs t\u00f6bb\u00e9 nyelvi akad\u00e1ly a Vasco Translator nyelvford\u00edt\u00f3 j\u00f3volt\u00e1b\u00f3l!<\/p>\n<p><img decoding=\"async\" class=\"alignnone size-full wp-image-1769\" src=\"https:\/\/vasco-electronics.hu\/cikkek\/wp-content\/uploads\/2024\/03\/blog-eng-6.jpg\" alt=\"Emberek a k\u00f6nyvt\u00e1rban.\" width=\"1200\" height=\"628\" srcset=\"https:\/\/vasco-electronics.hu\/cikkek\/wp-content\/uploads\/2024\/03\/blog-eng-6.jpg 1200w, https:\/\/vasco-electronics.hu\/cikkek\/wp-content\/uploads\/2024\/03\/blog-eng-6-980x513.jpg 980w, https:\/\/vasco-electronics.hu\/cikkek\/wp-content\/uploads\/2024\/03\/blog-eng-6-480x251.jpg 480w\" sizes=\"(min-width: 0px) and (max-width: 480px) 480px, (min-width: 481px) and (max-width: 980px) 980px, (min-width: 981px) 1200px, 100vw\" \/><\/p>\n<h2 data-pm-slice=\"1 1 []\"><span class=\"ez-toc-section\" id=\"Az_angol_az_akademiaban_es_a_kutatasban_Tudomany_es_technologia\"><\/span>Az angol az akad\u00e9mi\u00e1ban \u00e9s a kutat\u00e1sban: Tudom\u00e1ny \u00e9s technol\u00f3gia<span class=\"ez-toc-section-end\"><\/span><\/h2>\n<p>A tud\u00e1s \u00e9s az innov\u00e1ci\u00f3 ir\u00e1nti t\u00f6rekv\u00e9s tov\u00e1bb hangs\u00falyozza, hogy mi\u00e9rt az angol a vezet\u0151 nemzetk\u00f6zi nyelv.<\/p>\n<p>A kutat\u00e1si cikkekt\u0151l a neves akad\u00e9miai foly\u00f3iratokig a tanulm\u00e1nyok \u00e9s kutat\u00e1sok nyelve t\u00falnyom\u00f3r\u00e9szt angol.<\/p>\n<p>Ez a trend, a m\u00falt visszhangja, r\u00e9szben az angol nyelv\u0171 rendelkez\u00e9sre \u00e1ll\u00f3 sz\u00e9les k\u00f6r\u0171 forr\u00e1sokb\u00f3l \u00e9s a nyelv hat\u00e1rokon \u00e1t\u00edvel\u0151 k\u00e9pess\u00e9g\u00e9b\u0151l ered, amely k\u00f6z\u00f6s platformot k\u00edn\u00e1l a glob\u00e1lis \u00f6tletcser\u00e9hez.<\/p>\n<p>Az akad\u00e9miai int\u00e9zm\u00e9nyek vil\u00e1gszerte felismert\u00e9k az angol nyelv fontoss\u00e1ga szerep\u00e9t, az angol alap\u00fa tanterveket \u00e9s kurzusokat integr\u00e1lva, hogy a di\u00e1kokat felv\u00e9rtezz\u00e9k a sz\u00fcks\u00e9ges nyelvi eszk\u00f6z\u00f6kkel a glob\u00e1lis diskurzusban val\u00f3 r\u00e9szv\u00e9telhez.<\/p>\n<p>Ez a rendszerszint\u0171 hangs\u00falyoz\u00e1s v\u00e1laszt ad arra a k\u00e9rd\u00e9sre is, hogy \u201emi\u00e9rt az angol a vil\u00e1g lingua franca-ja az oktat\u00e1sban?\u201d, el\u0151seg\u00edtve a nemzetk\u00f6zi di\u00e1kok \u00e9s tud\u00f3sok mobilit\u00e1s\u00e1t, \u00e9s biztos\u00edtva, hogy kutat\u00e1saik a lehet\u0151 legsz\u00e9lesebb k\u00f6z\u00f6ns\u00e9ghez jussanak el.<\/p>\n<p><img decoding=\"async\" class=\"alignnone size-full wp-image-1773\" src=\"https:\/\/vasco-electronics.hu\/cikkek\/wp-content\/uploads\/2024\/03\/blog-eng.jpg\" alt=\"Ny\u00e1ri vid\u00e1m v\u00e1rosk\u00e9p.\" width=\"1200\" height=\"628\" srcset=\"https:\/\/vasco-electronics.hu\/cikkek\/wp-content\/uploads\/2024\/03\/blog-eng.jpg 1200w, https:\/\/vasco-electronics.hu\/cikkek\/wp-content\/uploads\/2024\/03\/blog-eng-980x513.jpg 980w, https:\/\/vasco-electronics.hu\/cikkek\/wp-content\/uploads\/2024\/03\/blog-eng-480x251.jpg 480w\" sizes=\"(min-width: 0px) and (max-width: 480px) 480px, (min-width: 481px) and (max-width: 980px) 980px, (min-width: 981px) 1200px, 100vw\" \/><\/p>\n<h2 data-pm-slice=\"1 1 []\"><span class=\"ez-toc-section\" id=\"Az_angol_nyelv_kulturalis_hatasa\"><\/span>Az angol nyelv kultur\u00e1lis hat\u00e1sa<span class=\"ez-toc-section-end\"><\/span><\/h2>\n<h4>Az angol mint vil\u00e1gnyelv<\/h4>\n<p>A kult\u00fara, a maga sokf\u00e9le form\u00e1j\u00e1ban, sokat mond arr\u00f3l, hogy mi\u00e9rt az angol a vil\u00e1gnyelv. Legyen sz\u00f3 a leg\u00fajabb hollywoodi sikerfilmr\u0151l, vil\u00e1gszerte listavezet\u0151 sl\u00e1gerekr\u0151l, bestsellerekr\u0151l vagy a nemzetk\u00f6zi turizmusr\u00f3l, az angol egyes\u00edt\u0151 er\u0151k\u00e9nt szolg\u00e1l.<\/p>\n<p>Lehet\u0151v\u00e9 teszi a kultur\u00e1lis term\u00e9kek export\u00e1l\u00e1s\u00e1t, import\u00e1l\u00e1s\u00e1t \u00e9s meg\u00e9rt\u00e9s\u00e9t a k\u00fcl\u00f6nb\u00f6z\u0151 t\u00e1rsadalmakban, kiemelve, hogy mi\u00e9rt az angol a kultur\u00e1lis csere nemzetk\u00f6zi nyelve.<\/p>\n<p>Ebben az \u00f6sszef\u00fcgg\u00e9sben ism\u00e9t kiemelkedik az olyan eszk\u00f6z\u00f6k szerepe, mint a Vasco Translator. Amikor az utaz\u00f3k felfedezik a k\u00fclf\u00f6ldi t\u00e1jakat, ezek a digit\u00e1lis t\u00e1rsak n\u00e9lk\u00fcl\u00f6zhetetlenek, seg\u00edtve a turist\u00e1kat \u00e9s szakembereket egyar\u00e1nt az \u00faj kultur\u00e1lis \u00e9lm\u00e9nyekbe val\u00f3 elmer\u00fcl\u00e9sben nyelvi akad\u00e1lyok n\u00e9lk\u00fcl.<\/p>\n<p>Szimboliz\u00e1lj\u00e1k, hogy mi\u00e9rt az angol a vil\u00e1gnyelv, hidat k\u00e9pezve a k\u00fcl\u00f6nb\u00f6z\u0151 <a href=\"https:\/\/vasco-electronics.hu\/cikkek\/nyelvek\/\">nyelvek<\/a> k\u00f6z\u00f6tt.<\/p>\n<p><img decoding=\"async\" class=\"alignnone size-full wp-image-1772\" src=\"https:\/\/vasco-electronics.hu\/cikkek\/wp-content\/uploads\/2024\/03\/blog-eng-kopia.jpg\" alt=\"K\u00e9t cs\u00e9sze tea az asztalon.\" width=\"1200\" height=\"628\" srcset=\"https:\/\/vasco-electronics.hu\/cikkek\/wp-content\/uploads\/2024\/03\/blog-eng-kopia.jpg 1200w, https:\/\/vasco-electronics.hu\/cikkek\/wp-content\/uploads\/2024\/03\/blog-eng-kopia-980x513.jpg 980w, https:\/\/vasco-electronics.hu\/cikkek\/wp-content\/uploads\/2024\/03\/blog-eng-kopia-480x251.jpg 480w\" sizes=\"(min-width: 0px) and (max-width: 480px) 480px, (min-width: 481px) and (max-width: 980px) 980px, (min-width: 981px) 1200px, 100vw\" \/><\/p>\n<h2 data-pm-slice=\"1 1 []\"><span class=\"ez-toc-section\" id=\"Kihivasok_es_kritikak_Miert_az_angol_lett_a_nemzetkozi_nyelv\"><\/span>Kih\u00edv\u00e1sok \u00e9s kritik\u00e1k: Mi\u00e9rt az angol lett a nemzetk\u00f6zi nyelv?<span class=\"ez-toc-section-end\"><\/span><\/h2>\n<p>Az angol mint vil\u00e1gnyelv: Az angol nyelv dominanci\u00e1ja azonban mag\u00e1ban hordozza a bonyolults\u00e1gokat \u00e9s kritik\u00e1kat is. Glob\u00e1lis nyelvk\u00e9nt az angol elterjed\u00e9se aggodalmakat vet fel a nyelvi imperializmusr\u00f3l \u00e9s a kev\u00e9sb\u00e9 domin\u00e1ns <a href=\"https:\/\/vasco-electronics.hu\/cikkek\/nyelvek\/\">nyelvek<\/a> \u00e1rny\u00e9kban marad\u00e1s\u00e1r\u00f3l.<\/p>\n<p>A k\u00fcl\u00f6nb\u00f6z\u0151 nyelvekben rejl\u0151 kultur\u00e1lis \u00e1rnyalatok \u00e9s intellektu\u00e1lis gazdags\u00e1g vesz\u00e9lyben vannak, ami arra \u00f6szt\u00f6nzi a glob\u00e1lis gondolkod\u00f3kat, hogy m\u00e9rlegelj\u00e9k egy olyan vil\u00e1g k\u00f6vetkezm\u00e9nyeit, amely t\u00fals\u00e1gosan az angolra t\u00e1maszkodik.<\/p>\n<p><img decoding=\"async\" class=\"alignnone size-full wp-image-1767\" src=\"https:\/\/vasco-electronics.hu\/cikkek\/wp-content\/uploads\/2024\/03\/blog-eng-4.jpg\" alt=\"K\u00e9t ember \u00fcl \u00e9s olvas az asztaln\u00e1l.\" width=\"1200\" height=\"628\" srcset=\"https:\/\/vasco-electronics.hu\/cikkek\/wp-content\/uploads\/2024\/03\/blog-eng-4.jpg 1200w, https:\/\/vasco-electronics.hu\/cikkek\/wp-content\/uploads\/2024\/03\/blog-eng-4-980x513.jpg 980w, https:\/\/vasco-electronics.hu\/cikkek\/wp-content\/uploads\/2024\/03\/blog-eng-4-480x251.jpg 480w\" sizes=\"(min-width: 0px) and (max-width: 480px) 480px, (min-width: 481px) and (max-width: 980px) 980px, (min-width: 981px) 1200px, 100vw\" \/><\/p>\n<h2 data-pm-slice=\"1 1 []\"><span class=\"ez-toc-section\" id=\"Kovetkeztetes_Hogyan_valt_az_angol_a_vilagnyelvve\"><\/span>K\u00f6vetkeztet\u00e9s: Hogyan v\u00e1lt az angol a vil\u00e1gnyelvv\u00e9?<span class=\"ez-toc-section-end\"><\/span><\/h2>\n<p>Az angol nyelv \u00fatj\u00e1nak \u00e9s annak meg\u00e9rt\u00e9s\u00e9nek, hogy mi\u00e9rt az angol a vil\u00e1gnyelv, vil\u00e1goss\u00e1 v\u00e1lik, hogy t\u00f6rt\u00e9nete folyamatosan fejl\u0151dik.<\/p>\n<p>A nyelv k\u00fcl\u00f6nb\u00f6z\u0151 dolgokat szimboliz\u00e1l k\u00fcl\u00f6nb\u00f6z\u0151 emberek sz\u00e1m\u00e1ra: lehet\u0151s\u00e9get, innov\u00e1ci\u00f3t, tud\u00e1st, \u00e9s n\u00e9ha vit\u00e1t. Az angol nyelv glob\u00e1lis nyelvv\u00e9 v\u00e1l\u00e1s\u00e1nak okai olyan sokf\u00e9l\u00e9k, mint az akcentusok, amelyek \u00e9lettel t\u00f6ltik meg szavait.<\/p>\n<h3><span class=\"ez-toc-section\" id=\"Segitseg_a_nemzetkozi_kornyezetben\"><\/span>Seg\u00edts\u00e9g a nemzetk\u00f6zi k\u00f6rnyezetben<span class=\"ez-toc-section-end\"><\/span><\/h3>\n<p>Egy olyan korszakban, ahol a digit\u00e1lis platformok \u00e9s a technol\u00f3gia j\u00f3solj\u00e1k meg a j\u00f6v\u0151t, az angol nyelv tanul\u00e1s\u00e1nak \u00e9s ford\u00edt\u00f3eszk\u00f6z\u00f6k, mint a Vasco Translator fontoss\u00e1ga m\u00e9g ink\u00e1bb kiemelkedik.<\/p>\n<p>Ezek k\u00e9pviselik az angol nyelv nemzetk\u00f6zi jelleg\u00e9nek szellem\u00e9t \u2013 k\u00e9pess\u00e9g\u00e9t az alkalmazkod\u00e1sra, fejl\u0151d\u00e9sre \u00e9s a kommunik\u00e1ci\u00f3 el\u0151seg\u00edt\u00e9s\u00e9re.<\/p>\n<p>Az angol nyelv t\u00f6rt\u00e9nete, gazdag m\u00falttal \u00e9s j\u00f6v\u0151beli potenci\u00e1llal terhelt, meger\u0151s\u00edti, hogy mi\u00e9rt az angol a nemzetk\u00f6zi nyelv.<\/p>\n<p>Nem csak a kommunik\u00e1ci\u00f3 mechanik\u00e1j\u00e1r\u00f3l sz\u00f3l, hanem azokr\u00f3l az emberi \u00e9lm\u00e9nyekr\u0151l is, amelyek a szavak m\u00f6g\u00f6tt rejlenek \u2013 az amb\u00edci\u00f3kr\u00f3l, az innov\u00e1ci\u00f3kr\u00f3l, a kultur\u00e1lis kifejez\u00e9sekr\u0151l, \u00e9s n\u00e9ha az ellen\u00e1ll\u00e1sr\u00f3l.<\/p>\n<p>Minden aspektus m\u00e9ly v\u00e1laszt ad arra, hogy mi\u00e9rt az angol a vil\u00e1gnyelv, t\u00fckr\u00f6zve egy olyan vil\u00e1got, amely \u00f6sszekapcsol\u00f3dni t\u00f6rekszik, mik\u00f6zben meg\u0151rzi minden nyelv egyedi identit\u00e1s\u00e1t.<\/p>\n<h3><span class=\"ez-toc-section\" id=\"DIOHEJBAN\"><\/span>DI\u00d3H\u00c9JBAN<span class=\"ez-toc-section-end\"><\/span><\/h3>\n<p>Mi a vil\u00e1gnyelv? A cikk az angol nyelv nemzetk\u00f6zi nyelvv\u00e9 v\u00e1l\u00e1s\u00e1nak felfut\u00e1s\u00e1t vizsg\u00e1lja, hangs\u00falyozva t\u00f6rt\u00e9nelmi \u00fatj\u00e1t az angolsz\u00e1sz korszakt\u00f3l a Brit Birodalom terjeszked\u00e9s\u00e9n \u00e1t az Egyes\u00fclt \u00c1llamok nyelvi befoly\u00e1s\u00e1ig. Al\u00e1h\u00fazza, hogy a globaliz\u00e1ci\u00f3, a technol\u00f3gia, az akad\u00e9mia \u00e9s a kult\u00fara hogyan lend\u00edtett\u00e9k el\u0151re az angolt a lingua franca st\u00e1tuszba, a nyelvi imperializmus kritik\u00e1i ellen\u00e9re. A cikk kiemeli az olyan eszk\u00f6z\u00f6ket, mint a Vasco Translator, amelyek jav\u00edtj\u00e1k a glob\u00e1lis kommunik\u00e1ci\u00f3t \u00e9s meg\u00e9rt\u00e9st, \u00e9s az angol nyelv mai \u00f6sszekapcsolt vil\u00e1gban bet\u00f6lt\u00f6tt sokoldal\u00fa szerep\u00e9t t\u00fckr\u00f6zi.<\/p>\n","protected":false},"excerpt":{"rendered":"<p>A mai \u00f6sszekapcsolt \u00e9s gyorsan fejl\u0151d\u0151 vil\u00e1gban a \u201ek\u00f6z\u00f6s nyelv\u201d fogalma relev\u00e1nsabb, mint valaha. A legt\u00f6bben egyet\u00e9rt\u00fcnk abban, hogy az angol a vil\u00e1gnyelv az \u00fczleti \u00e9letben, a m\u00e9di\u00e1ban \u00e9s a diplom\u00e1ci\u00e1ban. De hogyan v\u00e1lt egy kis eur\u00f3pai szigetr\u0151l sz\u00e1rmaz\u00f3 nyelv a nemzetk\u00f6zi kommunik\u00e1ci\u00f3 nyelv\u00e9v\u00e9? Vil\u00e1gnyelv angolul? Mi\u00e9rt az angol a vil\u00e1gnyelv? Milyen t\u00f6rt\u00e9nelmi, geopolitikai \u00e9s [&hellip;]<\/p>\n","protected":false},"author":9,"featured_media":1828,"comment_status":"closed","ping_status":"closed","sticky":false,"template":"","format":"standard","meta":{"_et_pb_use_builder":"","_et_pb_old_content":"","_et_gb_content_width":"","_FSMCFIC_featured_image_caption":"","_FSMCFIC_featured_image_nocaption":"","_FSMCFIC_featured_image_hide":"","footnotes":""},"categories":[22],"tags":[29],"class_list":["post-1765","post","type-post","status-publish","format-standard","has-post-thumbnail","hentry","category-nyelvek","tag-r-faber"],"_links":{"self":[{"href":"https:\/\/vasco-electronics.hu\/cikkek\/wp-json\/wp\/v2\/posts\/1765","targetHints":{"allow":["GET"]}}],"collection":[{"href":"https:\/\/vasco-electronics.hu\/cikkek\/wp-json\/wp\/v2\/posts"}],"about":[{"href":"https:\/\/vasco-electronics.hu\/cikkek\/wp-json\/wp\/v2\/types\/post"}],"author":[{"embeddable":true,"href":"https:\/\/vasco-electronics.hu\/cikkek\/wp-json\/wp\/v2\/users\/9"}],"replies":[{"embeddable":true,"href":"https:\/\/vasco-electronics.hu\/cikkek\/wp-json\/wp\/v2\/comments?post=1765"}],"version-history":[{"count":2,"href":"https:\/\/vasco-electronics.hu\/cikkek\/wp-json\/wp\/v2\/posts\/1765\/revisions"}],"predecessor-version":[{"id":2268,"href":"https:\/\/vasco-electronics.hu\/cikkek\/wp-json\/wp\/v2\/posts\/1765\/revisions\/2268"}],"wp:featuredmedia":[{"embeddable":true,"href":"https:\/\/vasco-electronics.hu\/cikkek\/wp-json\/wp\/v2\/media\/1828"}],"wp:attachment":[{"href":"https:\/\/vasco-electronics.hu\/cikkek\/wp-json\/wp\/v2\/media?parent=1765"}],"wp:term":[{"taxonomy":"category","embeddable":true,"href":"https:\/\/vasco-electronics.hu\/cikkek\/wp-json\/wp\/v2\/categories?post=1765"},{"taxonomy":"post_tag","embeddable":true,"href":"https:\/\/vasco-electronics.hu\/cikkek\/wp-json\/wp\/v2\/tags?post=1765"}],"curies":[{"name":"wp","href":"https:\/\/api.w.org\/{rel}","templated":true}]}}