{"id":1812,"date":"2024-03-07T11:14:17","date_gmt":"2024-03-07T10:14:17","guid":{"rendered":"https:\/\/vasco-electronics.hu\/cikkek\/?p=1812"},"modified":"2025-01-08T16:18:27","modified_gmt":"2025-01-08T15:18:27","slug":"legjobb-helyeket-meglatogatni","status":"publish","type":"post","link":"https:\/\/vasco-electronics.hu\/cikkek\/utazas\/legjobb-helyeket-meglatogatni\/","title":{"rendered":"A vil\u00e1g legjobb \u00fatic\u00e9ljai h\u00f3napr\u00f3l h\u00f3napra"},"content":{"rendered":"<p data-pm-slice=\"1 3 []\">Valaha is el\u0151fordult \u00d6nnel, hogy izgatottan pakolt a nagy <a href=\"https:\/\/vasco-electronics.hu\/cikkek\/utazas\/\">utaz\u00e1s<\/a> el\u0151tt, majd r\u00e1j\u00f6tt: \u00e1lmai \u00fatic\u00e9lj\u00e1n \u00e9ppen monszun vagy hurrik\u00e1n tombol? Vagy m\u00e9g rosszabb, turist\u00e1kkal teli utc\u00e1kon kellett s\u00e9t\u00e1lni, ahol m\u00e9g a v\u00e1rt l\u00e1tv\u00e1nyoss\u00e1got sem lehetett k\u00e9nyelmesen felfedezni?<\/p><div id=\"ez-toc-container\" class=\"ez-toc-v2_0_82_2 counter-hierarchy ez-toc-counter ez-toc-grey ez-toc-container-direction\">\n<p class=\"ez-toc-title\" style=\"cursor:inherit\">Tartalomjegyz\u00e9k:<\/p>\n<label for=\"ez-toc-cssicon-toggle-item-69f4d073a0766\" class=\"ez-toc-cssicon-toggle-label\"><span class=\"ez-toc-cssicon\"><span class=\"eztoc-hide\" style=\"display:none;\">Toggle<\/span><span class=\"ez-toc-icon-toggle-span\"><svg style=\"fill: #999;color:#999\" xmlns=\"http:\/\/www.w3.org\/2000\/svg\" class=\"list-377408\" width=\"20px\" height=\"20px\" viewBox=\"0 0 24 24\" fill=\"none\"><path d=\"M6 6H4v2h2V6zm14 0H8v2h12V6zM4 11h2v2H4v-2zm16 0H8v2h12v-2zM4 16h2v2H4v-2zm16 0H8v2h12v-2z\" fill=\"currentColor\"><\/path><\/svg><svg style=\"fill: #999;color:#999\" class=\"arrow-unsorted-368013\" xmlns=\"http:\/\/www.w3.org\/2000\/svg\" width=\"10px\" height=\"10px\" viewBox=\"0 0 24 24\" version=\"1.2\" baseProfile=\"tiny\"><path d=\"M18.2 9.3l-6.2-6.3-6.2 6.3c-.2.2-.3.4-.3.7s.1.5.3.7c.2.2.4.3.7.3h11c.3 0 .5-.1.7-.3.2-.2.3-.5.3-.7s-.1-.5-.3-.7zM5.8 14.7l6.2 6.3 6.2-6.3c.2-.2.3-.5.3-.7s-.1-.5-.3-.7c-.2-.2-.4-.3-.7-.3h-11c-.3 0-.5.1-.7.3-.2.2-.3.5-.3.7s.1.5.3.7z\"\/><\/svg><\/span><\/span><\/label><input type=\"checkbox\" style='display:none' id=\"ez-toc-cssicon-toggle-item-69f4d073a0766\"  aria-label=\"Toggle\" \/><nav><ul class='ez-toc-list ez-toc-list-level-1 ' ><ul class='ez-toc-list-level-3' ><li class='ez-toc-heading-level-3'><a class=\"ez-toc-link ez-toc-heading-1\" href=\"https:\/\/vasco-electronics.hu\/cikkek\/utazas\/legjobb-helyeket-meglatogatni\/#FAQ\" >FAQ:<\/a><\/li><\/ul><\/li><li class='ez-toc-page-1 ez-toc-heading-level-2'><a class=\"ez-toc-link ez-toc-heading-2\" href=\"https:\/\/vasco-electronics.hu\/cikkek\/utazas\/legjobb-helyeket-meglatogatni\/#Januar_India_es_Egyesult_Arab_Emirsegek\" >Janu\u00e1r: India \u00e9s Egyes\u00fclt Arab Em\u00edrs\u00e9gek<\/a><ul class='ez-toc-list-level-3' ><li class='ez-toc-heading-level-3'><a class=\"ez-toc-link ez-toc-heading-3\" href=\"https:\/\/vasco-electronics.hu\/cikkek\/utazas\/legjobb-helyeket-meglatogatni\/#India_Unnepi_kezdes_az_evhez\" >India: \u00dcnnepi kezd\u00e9s az \u00e9vhez<\/a><\/li><li class='ez-toc-page-1 ez-toc-heading-level-3'><a class=\"ez-toc-link ez-toc-heading-4\" href=\"https:\/\/vasco-electronics.hu\/cikkek\/utazas\/legjobb-helyeket-meglatogatni\/#Dubai_Egy_vasarloi_paradicsom_a_sivatagban\" >Dubai: Egy v\u00e1s\u00e1rl\u00f3i paradicsom a sivatagban<\/a><\/li><li class='ez-toc-page-1 ez-toc-heading-level-3'><a class=\"ez-toc-link ez-toc-heading-5\" href=\"https:\/\/vasco-electronics.hu\/cikkek\/utazas\/legjobb-helyeket-meglatogatni\/#Hova_utazzunk_januarban_Europaban\" >Hova utazzunk janu\u00e1rban Eur\u00f3p\u00e1ban?<\/a><\/li><\/ul><\/li><li class='ez-toc-page-1 ez-toc-heading-level-2'><a class=\"ez-toc-link ez-toc-heading-6\" href=\"https:\/\/vasco-electronics.hu\/cikkek\/utazas\/legjobb-helyeket-meglatogatni\/#Februar_Japan_teli_csodajanak_atolelese\" >Febru\u00e1r: Jap\u00e1n t\u00e9li csod\u00e1j\u00e1nak \u00e1t\u00f6lel\u00e9se<\/a><\/li><li class='ez-toc-page-1 ez-toc-heading-level-2'><a class=\"ez-toc-link ez-toc-heading-7\" href=\"https:\/\/vasco-electronics.hu\/cikkek\/utazas\/legjobb-helyeket-meglatogatni\/#A_legjobb_uticelok_februarban_Japanban\" >A legjobb \u00fatic\u00e9lok febru\u00e1rban Jap\u00e1nban:<\/a><\/li><li class='ez-toc-page-1 ez-toc-heading-level-2'><a class=\"ez-toc-link ez-toc-heading-8\" href=\"https:\/\/vasco-electronics.hu\/cikkek\/utazas\/legjobb-helyeket-meglatogatni\/#Marcius_Tavaszi_hangulat_Spanyolorszagban\" >M\u00e1rcius: Tavaszi hangulat Spanyolorsz\u00e1gban<\/a><ul class='ez-toc-list-level-3' ><li class='ez-toc-heading-level-3'><a class=\"ez-toc-link ez-toc-heading-9\" href=\"https:\/\/vasco-electronics.hu\/cikkek\/utazas\/legjobb-helyeket-meglatogatni\/#A_legjobb_utazasi_helyek_marciusban_Spanyolorszagban\" >A legjobb utaz\u00e1si helyek m\u00e1rciusban Spanyolorsz\u00e1gban:<\/a><\/li><\/ul><\/li><li class='ez-toc-page-1 ez-toc-heading-level-2'><a class=\"ez-toc-link ez-toc-heading-10\" href=\"https:\/\/vasco-electronics.hu\/cikkek\/utazas\/legjobb-helyeket-meglatogatni\/#Aprilis_A_tulipanok_viragzasa_Hollandia_szines_vasznan\" >\u00c1prilis: A tulip\u00e1nok vir\u00e1gz\u00e1sa Hollandia sz\u00ednes v\u00e1szn\u00e1n<\/a><ul class='ez-toc-list-level-3' ><li class='ez-toc-heading-level-3'><a class=\"ez-toc-link ez-toc-heading-11\" href=\"https:\/\/vasco-electronics.hu\/cikkek\/utazas\/legjobb-helyeket-meglatogatni\/#A_legjobb_uticelok_aprilisban\" >A legjobb \u00fatic\u00e9lok \u00e1prilisban:<\/a><\/li><\/ul><\/li><li class='ez-toc-page-1 ez-toc-heading-level-2'><a class=\"ez-toc-link ez-toc-heading-12\" href=\"https:\/\/vasco-electronics.hu\/cikkek\/utazas\/legjobb-helyeket-meglatogatni\/#Majus_Olaszorszag_nyar_elotti_idoszaka\" >M\u00e1jus: Olaszorsz\u00e1g ny\u00e1r el\u0151tti id\u0151szaka<\/a><ul class='ez-toc-list-level-3' ><li class='ez-toc-heading-level-3'><a class=\"ez-toc-link ez-toc-heading-13\" href=\"https:\/\/vasco-electronics.hu\/cikkek\/utazas\/legjobb-helyeket-meglatogatni\/#A_legjobb_uticelok_majusban\" >A legjobb \u00fatic\u00e9lok m\u00e1jusban:<\/a><\/li><\/ul><\/li><li class='ez-toc-page-1 ez-toc-heading-level-2'><a class=\"ez-toc-link ez-toc-heading-14\" href=\"https:\/\/vasco-electronics.hu\/cikkek\/utazas\/legjobb-helyeket-meglatogatni\/#Junius_Az_ejfeli_nap_es_Izland_termeszeti_csodaja\" >J\u00fanius: Az \u00e9jf\u00e9li nap \u00e9s Izland term\u00e9szeti csod\u00e1ja<\/a><ul class='ez-toc-list-level-3' ><li class='ez-toc-heading-level-3'><a class=\"ez-toc-link ez-toc-heading-15\" href=\"https:\/\/vasco-electronics.hu\/cikkek\/utazas\/legjobb-helyeket-meglatogatni\/#A_legjobb_utazasi_helyek_juniusban_Izlandon\" >A legjobb utaz\u00e1si helyek j\u00faniusban Izlandon:<\/a><\/li><\/ul><\/li><li class='ez-toc-page-1 ez-toc-heading-level-2'><a class=\"ez-toc-link ez-toc-heading-16\" href=\"https:\/\/vasco-electronics.hu\/cikkek\/utazas\/legjobb-helyeket-meglatogatni\/#Julius_Vadon_elo_allatok_latvanyossaga_Kenyaban\" >J\u00falius: Vadon \u00e9l\u0151 \u00e1llatok l\u00e1tv\u00e1nyoss\u00e1ga Keny\u00e1ban<\/a><ul class='ez-toc-list-level-3' ><li class='ez-toc-heading-level-3'><a class=\"ez-toc-link ez-toc-heading-17\" href=\"https:\/\/vasco-electronics.hu\/cikkek\/utazas\/legjobb-helyeket-meglatogatni\/#A_legjobb_utazasi_helyek_es_a_legjobb_uticelok_Kenyaban\" >A legjobb utaz\u00e1si helyek \u00e9s a legjobb \u00fatic\u00e9lok Keny\u00e1ban:<\/a><\/li><\/ul><\/li><li class='ez-toc-page-1 ez-toc-heading-level-2'><a class=\"ez-toc-link ez-toc-heading-18\" href=\"https:\/\/vasco-electronics.hu\/cikkek\/utazas\/legjobb-helyeket-meglatogatni\/#Augusztus_Idoutazas_Peruban\" >Augusztus: Id\u0151utaz\u00e1s Peruban<\/a><ul class='ez-toc-list-level-3' ><li class='ez-toc-heading-level-3'><a class=\"ez-toc-link ez-toc-heading-19\" href=\"https:\/\/vasco-electronics.hu\/cikkek\/utazas\/legjobb-helyeket-meglatogatni\/#A_legjobb_utazasi_helyek_es_a_legjobb_uticelok_augusztusban\" >A legjobb utaz\u00e1si helyek \u00e9s a legjobb \u00fatic\u00e9lok augusztusban:<\/a><\/li><\/ul><\/li><li class='ez-toc-page-1 ez-toc-heading-level-2'><a class=\"ez-toc-link ez-toc-heading-20\" href=\"https:\/\/vasco-electronics.hu\/cikkek\/utazas\/legjobb-helyeket-meglatogatni\/#Szeptember_Gorogorszagi_szeptemberi_kikapcsolodas\" >Szeptember: G\u00f6r\u00f6gorsz\u00e1gi szeptemberi kikapcsol\u00f3d\u00e1s<\/a><ul class='ez-toc-list-level-3' ><li class='ez-toc-heading-level-3'><a class=\"ez-toc-link ez-toc-heading-21\" href=\"https:\/\/vasco-electronics.hu\/cikkek\/utazas\/legjobb-helyeket-meglatogatni\/#A_legjobb_utazasi_helyek_es_a_legjobb_uticelok_szeptemberben\" >A legjobb utaz\u00e1si helyek \u00e9s a legjobb \u00fatic\u00e9lok szeptemberben:<\/a><\/li><\/ul><\/li><li class='ez-toc-page-1 ez-toc-heading-level-2'><a class=\"ez-toc-link ez-toc-heading-22\" href=\"https:\/\/vasco-electronics.hu\/cikkek\/utazas\/legjobb-helyeket-meglatogatni\/#Oktober_Thaifold_kulturalis_mozaikja\" >Okt\u00f3ber: Thaif\u00f6ld kultur\u00e1lis mozaikja<\/a><ul class='ez-toc-list-level-3' ><li class='ez-toc-heading-level-3'><a class=\"ez-toc-link ez-toc-heading-23\" href=\"https:\/\/vasco-electronics.hu\/cikkek\/utazas\/legjobb-helyeket-meglatogatni\/#A_legjobb_utazasi_helyek_es_a_legjobb_uticelok_oktoberben_Thaifoldon\" >A legjobb utaz\u00e1si helyek \u00e9s a legjobb \u00fatic\u00e9lok okt\u00f3berben Thaif\u00f6ld\u00f6n:<\/a><\/li><\/ul><\/li><li class='ez-toc-page-1 ez-toc-heading-level-2'><a class=\"ez-toc-link ez-toc-heading-24\" href=\"https:\/\/vasco-electronics.hu\/cikkek\/utazas\/legjobb-helyeket-meglatogatni\/#A_legjobb_orszagok_novemberben_Kuba\" >A legjobb orsz\u00e1gok novemberben: Kuba<\/a><ul class='ez-toc-list-level-3' ><li class='ez-toc-heading-level-3'><a class=\"ez-toc-link ez-toc-heading-25\" href=\"https:\/\/vasco-electronics.hu\/cikkek\/utazas\/legjobb-helyeket-meglatogatni\/#A_legjobb_helyek_novemberben_Kubaban\" >A legjobb helyek novemberben Kub\u00e1ban:<\/a><\/li><\/ul><\/li><li class='ez-toc-page-1 ez-toc-heading-level-2'><a class=\"ez-toc-link ez-toc-heading-26\" href=\"https:\/\/vasco-electronics.hu\/cikkek\/utazas\/legjobb-helyeket-meglatogatni\/#December_Egyiptom_kincsei\" >December: Egyiptom kincsei<\/a><ul class='ez-toc-list-level-3' ><li class='ez-toc-heading-level-3'><a class=\"ez-toc-link ez-toc-heading-27\" href=\"https:\/\/vasco-electronics.hu\/cikkek\/utazas\/legjobb-helyeket-meglatogatni\/#A_legjobb_uticelok_decemberben_Egyiptomba_utazni\" >A legjobb \u00fatic\u00e9lok decemberben Egyiptomba utazni:<\/a><\/li><li class='ez-toc-page-1 ez-toc-heading-level-3'><a class=\"ez-toc-link ez-toc-heading-28\" href=\"https:\/\/vasco-electronics.hu\/cikkek\/utazas\/legjobb-helyeket-meglatogatni\/#Osszefoglalas\" >\u00d6sszefoglal\u00e1s<\/a><\/li><\/ul><\/li><\/ul><\/nav><\/div>\n\n<p>Volt m\u00e1r ilyen \u00e9lm\u00e9nye az elm\u00falt \u00e9vekben? Nos, ne agg\u00f3djon, ha \u00d6n az <a href=\"https:\/\/vasco-electronics.hu\/cikkek\/utazas\/\">utaz\u00e1s<\/a> szerelmese! <strong>Ez az \u00fatmutat\u00f3 arra szolg\u00e1l, <\/strong>hogy elker\u00fcldje ezeket az utaz\u00e1si bakikat. Ismerje meg, <strong>mikor hova \u00e9rdemes utazni a vil\u00e1gban,<\/strong> hogy a t\u00f6k\u00e9letes id\u0151pontban legyen a helysz\u00ednen.<\/p>\n<p>Hova utazzunk janu\u00e1rban Eur\u00f3p\u00e1ban vagy Eur\u00f3p\u00e1n k\u00edv\u00fcl? Ez a cikk egy \u00e9vnyi utaz\u00e1st aj\u00e1nl a vil\u00e1g legjobb helyeire, h\u00f3napr\u00f3l h\u00f3napra bemutatva, hogy mikor \u00e9s hova \u00e9rdemes utazni a t\u00f6k\u00e9letes \u00e9lm\u00e9ny\u00e9rt. India vibr\u00e1l\u00f3 fesztiv\u00e1ljait\u00f3l kezdve, Jap\u00e1n h\u00f3f\u00f6dte hegyein kereszt\u00fcl, eg\u00e9szen az egyiptomi \u0151si piramisokig: <strong>ez az \u00fatmutat\u00f3 seg\u00edt elker\u00fclni az utaz\u00e1si bakikat \u00e9s kihaszn\u00e1lni minden h\u00f3napban rejl\u0151 lehet\u0151s\u00e9get.<\/strong><\/p>\n<p>Most l\u00e1ssuk<strong> a legjobb \u00fatic\u00e9lokat h\u00f3napr\u00f3l h\u00f3napra!<\/strong><\/p>\n<div class=\"faq-section\">\n<h3><span class=\"ez-toc-section\" id=\"FAQ\"><\/span>FAQ:<span class=\"ez-toc-section-end\"><\/span><\/h3>\n<h4 class=\"question1\">Melyik a legjobb hely janu\u00e1rban?<\/h4>\n<div class=\"answer1\"><a href=\"https:\/\/vasco-electronics.hu\/cikkek\/utazas\/januari-unnepek-indiaban\/\">Janu\u00e1r legjobb helyei India<\/a> \u00e9s az Egyes\u00fclt Arab Em\u00edrs\u00e9gek, k\u00fcl\u00f6n\u00f6sen Dubai. India \u00e9s Dubai is seg\u00edthet elmenek\u00fclni a t\u00e9li s\u00f6t\u00e9ts\u00e9g el\u0151l, mivel mindk\u00e9t hely gy\u00f6ny\u00f6r\u0171 id\u0151j\u00e1r\u00e1st \u00e9s kellemes h\u0151m\u00e9rs\u00e9kletet k\u00edn\u00e1l.<\/div>\n<h4 class=\"question2\">Melyik a legjobb hely, amit \u00e9rdemes megl\u00e1togatni febru\u00e1rban?<\/h4>\n<div class=\"answer2\">Febru\u00e1rban a legjobb kir\u00e1ndul\u00f3hely Jap\u00e1n, amely felejthetetlen t\u00e9li \u00e9lm\u00e9nyeket k\u00edn\u00e1l. L\u00e1togassa meg a Sapporo Snow Fesztiv\u00e1lt, a Hakub\u00e1t, amely a sportok szerelmeseinek paradicsoma, \u00e9s a Jigokudani Monkey Parkot, ahol h\u00edres h\u00f3majmok tal\u00e1lhat\u00f3k.<\/div>\n<h4 class=\"question3\">Mi a legjobb hely m\u00e1rciusban?<\/h4>\n<div class=\"answer3\">M\u00e1rciusban a legjobb hely Spanyolorsz\u00e1g, amely \u00e9l\u00e9nk sz\u00edneiben k\u00f6sz\u00f6nti a tavaszt. L\u00e1togasson el p\u00e9ld\u00e1ul Barcelon\u00e1ba, Andal\u00fazi\u00e1ba \u00e9s Valenci\u00e1ba a Las Fellas\u00e9rt, hogy megtapasztalhassa ennek a k\u00fcl\u00f6nleges, Szent J\u00f3zsefre eml\u00e9kez\u0151 fesztiv\u00e1lnak az \u00fcnnep\u00e9t.<\/div>\n<h4 class=\"question4\">Melyik a legjobb hely \u00e1prilisban?<\/h4>\n<div class=\"answer4\">\u00c1prilisban a legjobb hely, ahol \u00e9rdemes megl\u00e1togatni Hollandi\u00e1t, ahol a sz\u00ednek l\u00e1za \u00e1rad, a vid\u00e9ki ter\u00fcleteken tulip\u00e1nok \u00e9s m\u00e1s tavaszi vir\u00e1gok ny\u00edlnak. Megl\u00e1togathatja a Keukenhof Gardens-t, a vil\u00e1g legnagyobb vir\u00e1goskertj\u00e9t, \u00e9s t\u00far\u00e1zhat is Amszterdamon kereszt\u00fcl.<\/div>\n<h4 class=\"question5\">Melyik a legjobb hely m\u00e1jusban?<\/h4>\n<div class=\"answer5\">M\u00e1jusban a legjobb hely Olaszorsz\u00e1g. Ezalatt az orsz\u00e1g ler\u00e1zza mag\u00e1r\u00f3l a t\u00e9l utols\u00f3 hideg\u00e9t, \u00e9s mag\u00e1hoz \u00f6leli a k\u00f6zeled\u0151 ny\u00e1r meleg\u00e9t \u00e9s vitalit\u00e1s\u00e1t.<\/div>\n<h4 class=\"question6\">Melyik a legjobb hely j\u00faniusban?<\/h4>\n<div class=\"answer6\"><a href=\"https:\/\/vasco-electronics.hu\/cikkek\/utazas\/juniusi-nyaralas-miert-erdemes-izlandra-utazni\/\">J\u00faniusban a legjobb hely Izland<\/a>. J\u00fanius a szinte v\u00e9gtelen napf\u00e9ny ideje, ami egy elh\u00faz\u00f3d\u00f3 jelens\u00e9get hoz l\u00e9tre, az \u00fagynevezett Midnight Sun.<\/div>\n<h4 class=\"question7\">Melyik a legjobb hely j\u00faliusban?<\/h4>\n<div class=\"answer7\">J\u00faliusban a legjobb hely Kenya. Ezen a fest\u0151i helyen \u00e9lvezheti a vil\u00e1g tal\u00e1n legjobb nemzeti parkjait. L\u00e1togasson el a Maasai Mara, Amboseli \u00e9s Lake Nakuru Nemzeti Parkba, \u00e9s gy\u00f6ny\u00f6rk\u00f6dj\u00f6n a gy\u00f6ny\u00f6r\u0171 kil\u00e1t\u00e1sban \u00e9s a vadon \u00e9l\u0151 \u00e1llatokban.<\/div>\n<h4 class=\"question8\">Melyik a legjobb hely augusztusban?<\/h4>\n<div class=\"answer8\">Augusztusban a legjobb hely Peru. Ez a h\u00f3nap t\u00f6k\u00e9letes felt\u00e9teleket k\u00edn\u00e1l az Inka \u00f6sv\u00e9nyen val\u00f3 t\u00far\u00e1z\u00e1shoz, valamint Machu Picchu \u0151si v\u00e1ros\u00e1nak felfedez\u00e9s\u00e9hez, mivel a sz\u00e1raz \u00e9vszak tiszta eget \u00e9s a legjobb kil\u00e1t\u00e1st biztos\u00edt.<\/div>\n<h4 class=\"question9\">Melyik a legjobb hely szeptemberben?<\/h4>\n<div class=\"answer9\">A legjobb hely szeptemberben G\u00f6r\u00f6gorsz\u00e1g. Ez a h\u00f3nap kevesebb t\u00f6meget k\u00edn\u00e1l, valamint a meleg h\u0151m\u00e9rs\u00e9klet t\u00f6k\u00e9letes kever\u00e9k\u00e9t a k\u00f6zeled\u0151 szezonon k\u00edv\u00fcli hangulattal.<\/div>\n<h4 class=\"question10\">Melyik a legjobb hely okt\u00f3berben?<\/h4>\n<div class=\"answer10\">Okt\u00f3berben a legjobb hely Thaif\u00f6ld. Ahogy az es\u0151s \u00e9vszak a v\u00e9g\u00e9hez k\u00f6zeledik, a h\u0151m\u00e9rs\u00e9klet \u00e1ltal\u00e1ban h\u0171v\u00f6sebb. Okt\u00f3berben sz\u00e1mos kultur\u00e1lis \u00fcnneps\u00e9g is megkezd\u0151dik, \u00e9s az utaz\u00f3k m\u00e9lyen belemer\u00fclhetnek Thaif\u00f6ld sz\u00edv\u00e9be \u00e9s lelk\u00e9be.<\/div>\n<h4 class=\"question11\">Mi a legjobb hely, amelyet novemberben \u00e9rdemes megl\u00e1togatni?<\/h4>\n<div class=\"answer11\">A legjobb hely az utaz\u00e1sra novemberben Ausztr\u00e1lia. Itt a tavasz kezdete, \u00edgy a h\u0151m\u00e9rs\u00e9klet meleg, a t\u00e1j pedig tele van term\u00e9szeti sz\u00e9ps\u00e9gekkel.<\/div>\n<h4 class=\"question12\">Melyik a legjobb hely, amit \u00e9rdemes megl\u00e1togatni decemberben?<\/h4>\n<div class=\"answer12\">Decemberben a legjobb c\u00e9lpont Egyiptom. Ebben a h\u00f3napban a h\u0151m\u00e9rs\u00e9klet sokkal h\u0171v\u00f6sebb, \u00edgy Egyiptom \u0151si csod\u00e1inak megl\u00e1togat\u00e1sa sokkal kellemesebb.<\/div>\n<\/div>\n<p><img decoding=\"async\" class=\"alignnone size-full wp-image-1814\" src=\"https:\/\/vasco-electronics.hu\/cikkek\/wp-content\/uploads\/2024\/03\/best2.jpg\" alt=\"Egy n\u0151 \u00e1ll a Taj Mahal el\u0151tt.\" width=\"1200\" height=\"750\" srcset=\"https:\/\/vasco-electronics.hu\/cikkek\/wp-content\/uploads\/2024\/03\/best2.jpg 1200w, https:\/\/vasco-electronics.hu\/cikkek\/wp-content\/uploads\/2024\/03\/best2-980x613.jpg 980w, https:\/\/vasco-electronics.hu\/cikkek\/wp-content\/uploads\/2024\/03\/best2-480x300.jpg 480w\" sizes=\"(min-width: 0px) and (max-width: 480px) 480px, (min-width: 481px) and (max-width: 980px) 980px, (min-width: 981px) 1200px, 100vw\" \/><\/p>\n<h2 data-pm-slice=\"1 1 []\"><span class=\"ez-toc-section\" id=\"Januar_India_es_Egyesult_Arab_Emirsegek\"><\/span><a href=\"https:\/\/vasco-electronics.hu\/cikkek\/utazas\/januari-unnepek-indiaban\/\">Janu\u00e1r: India<\/a> \u00e9s Egyes\u00fclt Arab Em\u00edrs\u00e9gek<span class=\"ez-toc-section-end\"><\/span><\/h2>\n<h3><span class=\"ez-toc-section\" id=\"India_Unnepi_kezdes_az_evhez\"><\/span>India: \u00dcnnepi kezd\u00e9s az \u00e9vhez<span class=\"ez-toc-section-end\"><\/span><\/h3>\n<p>Hova utazzunk janu\u00e1rban? Mi\u00e9rt janu\u00e1r a legjobb id\u0151pont India megl\u00e1togat\u00e1s\u00e1ra t\u00e9len? K\u00e9pzelje el, hogy a t\u00e9li depresszi\u00f3t h\u00e1trahagyva elindul egy vibr\u00e1l\u00f3, sz\u00ednes fesztiv\u00e1lra a Rajasthan sivatagban, hogy \u00e9lvezze a kellemes naps\u00fct\u00e9st az Indiai-\u00f3ce\u00e1n melletti strandokon.<\/p>\n<p>India nem v\u00e9letlen\u00fcl sz\u00e1m\u00edt a vil\u00e1g egyik legjobb \u00fatic\u00e9lj\u00e1nak. A hideg t\u00e9li h\u00f3napok ut\u00e1n olyan, mint egy reggeli k\u00e1v\u00e9 \u2013 egyszer\u0171en t\u00f6k\u00e9letes!<\/p>\n<p>Hova utazzunk janu\u00e1rban? Nem csak janu\u00e1rban hova \u00e9rdemes ide utazni; de t\u00e9ny, hogy ilyenkor egy kaleidoszk\u00f3pnyi \u00e9lm\u00e9nyt k\u00edn\u00e1l az orsz\u00e1g. A leny\u0171g\u00f6z\u0151 K\u00f6zt\u00e1rsas\u00e1gi Nap par\u00e1d\u00e9t\u00f3l Delhi-ben a Kerala nyugodt backwatereiig, India csod\u00e1latos kezd\u00e9st \u00edg\u00e9r az \u00e9vnek.<\/p>\n<h3><span class=\"ez-toc-section\" id=\"Dubai_Egy_vasarloi_paradicsom_a_sivatagban\"><\/span>Dubai: Egy v\u00e1s\u00e1rl\u00f3i paradicsom a sivatagban<span class=\"ez-toc-section-end\"><\/span><\/h3>\n<p>Mikor a legide\u00e1lisabb? Dubai k\u00e9ts\u00e9gtelen\u00fcl a vil\u00e1g egyik legjobb \u00fatic\u00e9lja, k\u00fcl\u00f6n\u00f6sen janu\u00e1rban. Ez az szezon cs\u00facsa, a perzsel\u0151 h\u0151s\u00e9g n\u00e9lk\u00fcl. Kellemes meleg v\u00e1rhat\u00f3 t\u00e9len. Ez a Dubai Shopping Festival ideje, ahol v\u00e1s\u00e1rolhat, am\u00edg csak b\u00edr.<\/p>\n<p>A v\u00e1ros csod\u00e1latos a futurisztikus \u00e9p\u00edt\u00e9szettel, luxus v\u00e1s\u00e1rl\u00e1si \u00e9lm\u00e9nyekkel \u00e9s kultur\u00e1lis k\u00f6zpontokkal. A hagyom\u00e1nyos \u00e9s a modern kever\u00e9ke teszi Dubait a vil\u00e1g egyik legjobb \u00fatic\u00e9lj\u00e1v\u00e1 janu\u00e1rban, a t\u00e9li h\u00f3napokban. Utaz\u00e1s \u00e9s shopping indul\u00e1s!<\/p>\n<h3><span class=\"ez-toc-section\" id=\"Hova_utazzunk_januarban_Europaban\"><\/span>Hova utazzunk janu\u00e1rban Eur\u00f3p\u00e1ban?<span class=\"ez-toc-section-end\"><\/span><\/h3>\n<p>A legjobb utaz\u00e1si helyek Eur\u00f3p\u00e1ban? A Kan\u00e1ri szigetek vagy Madeira csod\u00e1latos v\u00e1laszt\u00e1s lehet, ha Eur\u00f3p\u00e1ban szeretne utazni. Csod\u00e1s tavaszias a kl\u00edm\u00e1ja eg\u00e9sz \u00e9vben mindk\u00e9t eml\u00edtett helysz\u00ednnek. \u00c9lvezni fogja t\u00e9len is.<\/p>\n<h2><span class=\"ez-toc-section\" id=\"Februar_Japan_teli_csodajanak_atolelese\"><\/span>Febru\u00e1r: Jap\u00e1n t\u00e9li csod\u00e1j\u00e1nak \u00e1t\u00f6lel\u00e9se<span class=\"ez-toc-section-end\"><\/span><\/h2>\n<p>Hova utazzunk febru\u00e1rban? Jap\u00e1n sz\u00e9les k\u00f6rben elismert, mint a vil\u00e1g egyik legjobb \u00fatic\u00e9lja t\u00e9len. Ak\u00e1r a h\u00f3val bor\u00edtott t\u00e1jak b\u00e9k\u00e9s sz\u00e9ps\u00e9g\u00e9\u00e9rt rajong, ak\u00e1r a hagyom\u00e1nyos onszenek meleg\u00e9\u00e9rt, febru\u00e1rban Jap\u00e1n felejthetetlen t\u00e9li utaz\u00e1st k\u00edn\u00e1l.<\/p>\n<p>Hova \u00e9rdemes utazni febru\u00e1rban? Jap\u00e1n decembert\u0151l \u00e1prilisig, j\u00faniust\u00f3l szeptemberig is csod\u00e1s v\u00e1laszt\u00e1s lehet. A h\u0151m\u00e9rs\u00e9klet hasonl\u00f3 az itthoni id\u0151j\u00e1r\u00e1shoz. Ha a Mald\u00edv szigetek, Sri Lanka \u00e9s a Dominikai k\u00f6zt\u00e1rsas\u00e1g m\u00e1r kipip\u00e1lva a bakancslist\u00e1n, indulhat a Jap\u00e1n <a href=\"https:\/\/vasco-electronics.hu\/cikkek\/utazas\/\">utaz\u00e1s<\/a>!<\/p>\n<p><img decoding=\"async\" class=\"alignnone size-full wp-image-1815\" src=\"https:\/\/vasco-electronics.hu\/cikkek\/wp-content\/uploads\/2024\/03\/best3.png\" alt=\"Fuji-hegy Jap\u00e1nban.\" width=\"1200\" height=\"750\" srcset=\"https:\/\/vasco-electronics.hu\/cikkek\/wp-content\/uploads\/2024\/03\/best3.png 1200w, https:\/\/vasco-electronics.hu\/cikkek\/wp-content\/uploads\/2024\/03\/best3-980x613.png 980w, https:\/\/vasco-electronics.hu\/cikkek\/wp-content\/uploads\/2024\/03\/best3-480x300.png 480w\" sizes=\"(min-width: 0px) and (max-width: 480px) 480px, (min-width: 481px) and (max-width: 980px) 980px, (min-width: 981px) 1200px, 100vw\" \/><\/p>\n<h2 data-pm-slice=\"1 3 []\"><span class=\"ez-toc-section\" id=\"A_legjobb_uticelok_februarban_Japanban\"><\/span>A legjobb \u00fatic\u00e9lok febru\u00e1rban Jap\u00e1nban:<span class=\"ez-toc-section-end\"><\/span><\/h2>\n<ul>\n<li><strong>Sapporo H\u00f3fesztiv\u00e1l:<\/strong> Az egyik legismertebb t\u00e9li fesztiv\u00e1l a vil\u00e1gon, amely a v\u00e1rost j\u00e9g- \u00e9s h\u00f3szobrok csod\u00e1latos vil\u00e1g\u00e1v\u00e1 alak\u00edtja \u00e1t. Tan\u00faja lehetsz a kreativit\u00e1snak \u00e9s m\u0171v\u00e9szetnek, amely ezt a var\u00e1zslatos esem\u00e9nyt meghat\u00e1rozza.<\/li>\n<li><strong>Hakuba: <\/strong>Egy t\u00e9li sportok szerelmeseinek paradicsoma, Hakuba Jap\u00e1n egyik vezet\u0151 s\u00edk\u00f6zpontja, vil\u00e1gsz\u00ednvonal\u00fa lejt\u0151kkel \u00e9s porh\u00f3val.<\/li>\n<li><strong>Jigokudani Majom Park: <\/strong>N\u00e9zd meg a h\u00edres h\u00f3majmokat, ahogy term\u00e9szetes forr\u00f3 forr\u00e1sokban \u00e1ztatj\u00e1k magukat, ami Jap\u00e1n egyedi vadon \u00e9l\u0151 \u00e1llataival val\u00f3 k\u00f6lcs\u00f6nhat\u00e1s ikonikus k\u00e9p\u00e9t ny\u00fajtja.<\/li>\n<\/ul>\n<h4>Tov\u00e1bbi tippek:<\/h4>\n<ul>\n<li>Mer\u00fclj\u00f6n el a jap\u00e1n hagyom\u00e1nyban, \u00e9s pr\u00f3b\u00e1ljon ki egy <strong>onszen term\u00e1lf\u00fcrd\u0151t<\/strong>, k\u00fcl\u00f6n\u00f6sen a hideg h\u00f3napokban. Az onszenek az orsz\u00e1gszerte megtal\u00e1lhat\u00f3k, nyugtat\u00f3 mened\u00e9ket k\u00edn\u00e1lva.<\/li>\n<li>Jap\u00e1n nem v\u00e9letlen\u00fcl sz\u00e1m\u00edt a v<strong>il\u00e1g egyik \u00fatic\u00e9lja a konyh\u00e1ja<\/strong> miatt. K\u00f3stolja meg a finoms\u00e1gokat, mint a forr\u00f3 ramen, nabe (jap\u00e1n fond\u00fc), matcha tea \u00e9s a szezon\u00e1lis tenger gy\u00fcm\u00f6lcsei, amelyek bel\u00fclr\u0151l meleg\u00edtenek fel.<\/li>\n<\/ul>\n<p><img decoding=\"async\" class=\"alignnone size-full wp-image-1816\" src=\"https:\/\/vasco-electronics.hu\/cikkek\/wp-content\/uploads\/2024\/03\/best4.png\" alt=\"Sagrada Familia, Barcelona, Spanyolorsz\u00e1g.\" width=\"1200\" height=\"750\" srcset=\"https:\/\/vasco-electronics.hu\/cikkek\/wp-content\/uploads\/2024\/03\/best4.png 1200w, https:\/\/vasco-electronics.hu\/cikkek\/wp-content\/uploads\/2024\/03\/best4-980x613.png 980w, https:\/\/vasco-electronics.hu\/cikkek\/wp-content\/uploads\/2024\/03\/best4-480x300.png 480w\" sizes=\"(min-width: 0px) and (max-width: 480px) 480px, (min-width: 481px) and (max-width: 980px) 980px, (min-width: 981px) 1200px, 100vw\" \/><\/p>\n<h2 data-pm-slice=\"1 3 []\"><span class=\"ez-toc-section\" id=\"Marcius_Tavaszi_hangulat_Spanyolorszagban\"><\/span>M\u00e1rcius: Tavaszi hangulat Spanyolorsz\u00e1gban<span class=\"ez-toc-section-end\"><\/span><\/h2>\n<p>Hova utazzunk m\u00e1rciusban? A Mikor hova utazzunk list\u00e1nkb\u00f3l nem hagyhatjuk ki Spanyolorsz\u00e1got m\u00e1rciusban!<\/p>\n<p>Hova \u00e9rdemes utazni m\u00e1rciusban? M\u00e1rcius Spanyolorsz\u00e1gban a tavasz \u00e9rkez\u00e9s\u00e9nek vibr\u00e1l\u00f3 \u00fcnnepl\u00e9se, fesztiv\u00e1lokkal, vir\u00e1gba borul\u00f3 t\u00e1jakkal \u00e9s az orsz\u00e1g pezsg\u0151 kult\u00far\u00e1j\u00e1nak \u00e9bred\u00e9s\u00e9vel.<\/p>\n<h3><span class=\"ez-toc-section\" id=\"A_legjobb_utazasi_helyek_marciusban_Spanyolorszagban\"><\/span>A legjobb utaz\u00e1si helyek m\u00e1rciusban Spanyolorsz\u00e1gban:<span class=\"ez-toc-section-end\"><\/span><\/h3>\n<ul>\n<li><strong>Valencia a Las Fallas\u00e9rt:<\/strong> \u00c9ld \u00e1t a Las Fallas l\u00e1tv\u00e1nyoss\u00e1g\u00e1t, ahol a v\u00e1ros t\u0171zij\u00e1t\u00e9kokkal, felvonul\u00e1sokkal \u00e9s ninotok (nagy b\u00e1bfigur\u00e1k) \u00e9get\u00e9s\u00e9vel telik meg egy egyedi kultur\u00e1lis \u00fcnnepen.<\/li>\n<li><strong>Andal\u00fazia: <\/strong>L\u00e1togass el a d\u00e9lre, hogy tan\u00faja lehess a vir\u00e1gz\u00f3 narancsligeteknek, felfedezd a leny\u0171g\u00f6z\u0151 m\u00f3r \u00e9p\u00edt\u00e9szetet Sevill\u00e1ban, Granad\u00e1ban \u00e9s C\u00f3rdob\u00e1ban, \u00e9s \u00e9lvezd a tavasz els\u0151 jeleit.<\/li>\n<li><strong>Barcelona:<\/strong> Fedezd fel Antoni Gaud\u00ed \u00e9p\u00edt\u00e9szeti csod\u00e1it, t\u00f6bbek k\u00f6z\u00f6tt a Sagrada Famili\u00e1t \u00e9s a Park G\u00fcellt, kellemesebb id\u0151j\u00e1r\u00e1ssal \u00e9s kevesebb t\u00f6meggel.<\/li>\n<\/ul>\n<h4>Tov\u00e1bbi tippek:<\/h4>\n<ul>\n<li>Vegy\u00e9l r\u00e9szt a hagyom\u00e1nyos tavaszi fesztiv\u00e1lokon, amelyek betekint\u00e9st ny\u00fajtanak Spanyolorsz\u00e1g gazdag kultur\u00e1lis sz\u00f6vet\u00e9be.<\/li>\n<li>K\u00f3stold meg az \u00e9vszakos \u00e9teleket, mint a cal\u00e7ots (grillezett tavaszi hagym\u00e1k) Katal\u00f3ni\u00e1ban, \u00e9s \u00e9lvezd az orsz\u00e1g szerte kezd\u0151d\u0151 szabadt\u00e9ri \u00e9tkez\u00e9si szezont.<\/li>\n<li><strong>Kan\u00e1ri szigetek<\/strong>: ilyenkor is ide\u00e1lis egy Tenerif\u00e9 <a href=\"https:\/\/vasco-electronics.hu\/cikkek\/utazas\/\">utaz\u00e1s<\/a>, az \u00f6r\u00f6k tavasz sziget\u00e9n, igaz itt eg\u00e9sz \u00e9vben hasonl\u00f3 a h\u0151m\u00e9rs\u00e9klet. Febru\u00e1r m\u00e1rcius? Ak\u00e1r m\u00e9g kora tavasszal is a legjobb utaz\u00e1s lehet.<\/li>\n<\/ul>\n<p><img decoding=\"async\" class=\"alignnone size-full wp-image-1817\" src=\"https:\/\/vasco-electronics.hu\/cikkek\/wp-content\/uploads\/2024\/03\/best5.png\" alt=\"Tulip\u00e1nok \u00e9s sz\u00e9lmalmok Hollandi\u00e1ban. \" width=\"1200\" height=\"750\" srcset=\"https:\/\/vasco-electronics.hu\/cikkek\/wp-content\/uploads\/2024\/03\/best5.png 1200w, https:\/\/vasco-electronics.hu\/cikkek\/wp-content\/uploads\/2024\/03\/best5-980x613.png 980w, https:\/\/vasco-electronics.hu\/cikkek\/wp-content\/uploads\/2024\/03\/best5-480x300.png 480w\" sizes=\"(min-width: 0px) and (max-width: 480px) 480px, (min-width: 481px) and (max-width: 980px) 980px, (min-width: 981px) 1200px, 100vw\" \/><\/p>\n<h2 data-pm-slice=\"1 3 []\"><span class=\"ez-toc-section\" id=\"Aprilis_A_tulipanok_viragzasa_Hollandia_szines_vasznan\"><\/span>\u00c1prilis: A tulip\u00e1nok vir\u00e1gz\u00e1sa Hollandia sz\u00ednes v\u00e1szn\u00e1n<span class=\"ez-toc-section-end\"><\/span><\/h2>\n<p>Hova utazzunk \u00e1prilisban? \u00c1prilis Hollandi\u00e1ban a sz\u00ednek l\u00e1zad\u00e1s\u00e1t jelenti, ahol a tulip\u00e1nok \u00e9s m\u00e1s tavaszi vir\u00e1gok az eg\u00e9sz vid\u00e9ket bebor\u00edtj\u00e1k.<\/p>\n<p>Ez a kicsi, m\u00e9gis vibr\u00e1l\u00f3 orsz\u00e1g \u00e9letre kel az \u00faj kezdet \u00edg\u00e9ret\u00e9vel, \u00edgy ez az ide\u00e1lis id\u0151szak mind a term\u00e9szet sz\u00e9ps\u00e9g\u00e9nek, mind a pezsg\u0151 v\u00e1rosok felfedez\u00e9s\u00e9re. J\u00faniust\u00f3l szeptemberig t\u00f6bb a turista, de tavasszal m\u00e9g elker\u00fclhetj\u00fck a t\u00f6meget.<\/p>\n<h3><span class=\"ez-toc-section\" id=\"A_legjobb_uticelok_aprilisban\"><\/span>A legjobb \u00fatic\u00e9lok \u00e1prilisban:<span class=\"ez-toc-section-end\"><\/span><\/h3>\n<ul>\n<li><strong>Keukenhof Kertek<\/strong>: Gyakran emlegetik Eur\u00f3pa kertjek\u00e9nt, a Keukenhof az egyik legnagyobb vir\u00e1gkert a vil\u00e1gon, ahol milli\u00f3k tulip\u00e1n mutatja meg leny\u0171g\u00f6z\u0151 sz\u00edneit.<\/li>\n<li><strong>Amszterdam:<\/strong> V\u00e9gezz egy csatorna t\u00far\u00e1t, hogy a v\u00e1rost ikonikus v\u00edzi \u00fatjair\u00f3l l\u00e1thasd, l\u00e1togass el az Anne Frank H\u00e1zhoz, \u00e9s \u00e9lvezd Amszterdam \u00e9l\u00e9nk atmoszf\u00e9r\u00e1j\u00e1t, ahogy a tavasz bek\u00f6sz\u00f6nt.<\/li>\n<li><strong>A Vir\u00e1g S\u00e1v (Bollenstreek<\/strong>): Ez a r\u00e9gi\u00f3 Haarlem \u00e9s Leiden k\u00f6z\u00f6tt tal\u00e1lhat\u00f3, a tulip\u00e1n orsz\u00e1g sz\u00edve. B\u00e9relj egy biciklit, \u00e9s tekergess \u00e1t a sz\u00ednekkel teli mez\u0151k\u00f6n.<\/li>\n<\/ul>\n<h4>Tov\u00e1bbi tippek:<\/h4>\n<ul>\n<li>Vegy\u00e9l r\u00e9szt<strong> a Kir\u00e1ly Napja (Koningsdag) \u00fcnnepl\u00e9s\u00e9ben<\/strong> \u00e1prilis 27-\u00e9n, amikor az eg\u00e9sz orsz\u00e1g narancss\u00e1rg\u00e1ba \u00f6lt\u00f6zik, \u00e9s az utc\u00e1k partikkal, bolhapiacokkal \u00e9s \u00f6r\u00f6mteli \u00fcnnepl\u00e9sekkel telnek meg.<\/li>\n<li>K\u00f3stoljon meg a hagyom\u00e1nyos holland heringet vagy egy<strong> stroopwafel \u00e9dess\u00e9get<\/strong> egy utcai \u00e1rust\u00f3l.<\/li>\n<\/ul>\n<p><img decoding=\"async\" class=\"alignnone size-full wp-image-1818\" src=\"https:\/\/vasco-electronics.hu\/cikkek\/wp-content\/uploads\/2024\/03\/best6.png\" alt=\"Olasz utack\u00e9p naplement\u00e9ben.\" width=\"1200\" height=\"750\" srcset=\"https:\/\/vasco-electronics.hu\/cikkek\/wp-content\/uploads\/2024\/03\/best6.png 1200w, https:\/\/vasco-electronics.hu\/cikkek\/wp-content\/uploads\/2024\/03\/best6-980x613.png 980w, https:\/\/vasco-electronics.hu\/cikkek\/wp-content\/uploads\/2024\/03\/best6-480x300.png 480w\" sizes=\"(min-width: 0px) and (max-width: 480px) 480px, (min-width: 481px) and (max-width: 980px) 980px, (min-width: 981px) 1200px, 100vw\" \/><\/p>\n<h2 data-pm-slice=\"1 3 []\"><span class=\"ez-toc-section\" id=\"Majus_Olaszorszag_nyar_elotti_idoszaka\"><\/span>M\u00e1jus: Olaszorsz\u00e1g ny\u00e1r el\u0151tti id\u0151szaka<span class=\"ez-toc-section-end\"><\/span><\/h2>\n<p>Hova utazzunk m\u00e1jusban? M\u00e1jus var\u00e1zslatos id\u0151szak Olaszorsz\u00e1gban, amikor az orsz\u00e1g ler\u00e1zza a t\u00e9l utols\u00f3 hideg\u00e9t, \u00e9s \u00fcdv\u00f6zli a k\u00f6zeled\u0151 ny\u00e1r meleg\u00e9t \u00e9s \u00e9leterej\u00e9t.<\/p>\n<p>A kellemes id\u0151, szuper h\u0151m\u00e9rs\u00e9klet v\u00e1rhat\u00f3 m\u00e1jus v\u00e9g\u00e9t\u0151l, a vir\u00e1gz\u00f3 t\u00e1jak \u00e9s a kultur\u00e1lis esem\u00e9nyek gazdag napt\u00e1ra teszi vonz\u00f3v\u00e1 Olaszorsz\u00e1got m\u00e1jusban.<\/p>\n<h3><span class=\"ez-toc-section\" id=\"A_legjobb_uticelok_majusban\"><\/span>A legjobb \u00fatic\u00e9lok m\u00e1jusban:<span class=\"ez-toc-section-end\"><\/span><\/h3>\n<ul>\n<li><strong>Firenze:<\/strong> Fedezze fel a renesz\u00e1nsz b\u00f6lcs\u0151j\u00e9t, l\u00e1togasson el az Uffizi Gal\u00e9ri\u00e1ba \u00e9s Michelangelo D\u00e1vidj\u00e1hoz. \u00c9lvezze a Toszk\u00e1n vid\u00e9k teljes vir\u00e1gz\u00e1s\u00e1t egy napos kir\u00e1ndul\u00e1son a Chianti r\u00e9gi\u00f3ba.<\/li>\n<li><strong>R\u00f3ma:<\/strong> S\u00e9t\u00e1ljon a t\u00f6rt\u00e9nelem k\u00f6zt a Colosseumn\u00e1l, a R\u00f3mai F\u00f3rumn\u00e1l \u00e9s a Vatik\u00e1n V\u00e1rosn\u00e1l, \u00e9s \u00e9lvezze a m\u0171v\u00e9szeti gal\u00e9ri\u00e1kat. M\u00e1jus kellemes id\u0151j\u00e1r\u00e1sa t\u00f6k\u00e9letes a R\u00f3ma szabadt\u00e9ri romjainak felfedez\u00e9s\u00e9re \u00e9s a sz\u00e1mos piazza \u00e9lvezet\u00e9re.<\/li>\n<li><strong>Cinque Terre: <\/strong>\u00c9lvezze a fest\u0151i t\u00fara\u00fatvonalakat, amelyek \u00f6sszek\u00f6tik Cinque Terre \u00f6t fest\u0151i faluj\u00e1t a Lig\u00far tengerparton, ahol a mediterr\u00e1n tavasz l\u00e9legzetel\u00e1ll\u00edt\u00f3 kil\u00e1t\u00e1st ny\u00fajt. Ezek Eur\u00f3pa egyik legismertebb term\u00e9szeti \u00f6sv\u00e9nyei k\u00f6z\u00e9 tartoznak!<\/li>\n<\/ul>\n<h4>Tov\u00e1bbi tippek:<\/h4>\n<ul>\n<li>Mer\u00fclj\u00f6n el Olaszorsz\u00e1g pezsg\u0151 \u00e9lelmiszerkult\u00far\u00e1j\u00e1ban, <strong>l\u00e1togass el helyi piacokra<\/strong>, mint a Campo de\u2019 Fiori R\u00f3m\u00e1ban vagy a Rialto Velenc\u00e9ben, hogy friss, szezon\u00e1lis term\u00e9keket k\u00f3stolj.<\/li>\n<li>Vegyen r\u00e9szt egy hagyom\u00e1nyos<strong> tavaszi vir\u00e1gfesztiv\u00e1lon<\/strong>, mint az Infiorata, ahol az utc\u00e1kat vir\u00e1gokkal d\u00edsz\u00edtik, amelyeket Olaszorsz\u00e1g k\u00fcl\u00f6nb\u00f6z\u0151 v\u00e1rosaiban \u00fcnnepelnek.<\/li>\n<\/ul>\n<p><img decoding=\"async\" class=\"alignnone size-full wp-image-1819\" src=\"https:\/\/vasco-electronics.hu\/cikkek\/wp-content\/uploads\/2024\/03\/best7.png\" alt=\"Fjord, North Iceland. \" width=\"1200\" height=\"750\" srcset=\"https:\/\/vasco-electronics.hu\/cikkek\/wp-content\/uploads\/2024\/03\/best7.png 1200w, https:\/\/vasco-electronics.hu\/cikkek\/wp-content\/uploads\/2024\/03\/best7-980x613.png 980w, https:\/\/vasco-electronics.hu\/cikkek\/wp-content\/uploads\/2024\/03\/best7-480x300.png 480w\" sizes=\"(min-width: 0px) and (max-width: 480px) 480px, (min-width: 481px) and (max-width: 980px) 980px, (min-width: 981px) 1200px, 100vw\" \/><\/p>\n<h2 data-pm-slice=\"1 3 []\"><span class=\"ez-toc-section\" id=\"Junius_Az_ejfeli_nap_es_Izland_termeszeti_csodaja\"><\/span>J\u00fanius: Az \u00e9jf\u00e9li nap \u00e9s Izland term\u00e9szeti csod\u00e1ja<span class=\"ez-toc-section-end\"><\/span><\/h2>\n<p>Hova utazzunk j\u00faniusban? List\u00e1nk a legjobb utaz\u00e1si helyek h\u00f3napr\u00f3l h\u00f3napra, nem lenne teljes Izland n\u00e9lk\u00fcl. \u00c9s ahogy m\u00e1jus v\u00e9g\u00e9t\u0151l, j\u00faniusban bek\u00f6sz\u00f6nt, az \u00e1lland\u00f3 nappali f\u00e9ny id\u0151szaka. Ilyenkor a nap alig s\u00fcllyed a horizont al\u00e1, l\u00e9trehozva egy hossz\u00fa alkonyatot, amit \u00c9jf\u00e9li Napnak h\u00edvnak. Eg\u00e9sz \u00e9vben j\u00fanius h\u00f3ban a legjobban l\u00e1that\u00f3 a jelens\u00e9g.<\/p>\n<p>A hosszabb nappalok, t\u00f6bb felfedez\u00e9st tesznek lehet\u0151v\u00e9, \u00edgy Izland a vil\u00e1g egyik legjobb \u00fatic\u00e9lja a kalandorok \u00e9s term\u00e9szetbar\u00e1tok sz\u00e1m\u00e1ra. Nagy meleg ny\u00e1ron se v\u00e1rhat\u00f3 szerencs\u00e9re. Decembert\u0151l \u00e1prilisig kem\u00e9ny m\u00ednuszokra sz\u00e1m\u00edtson, igaz a sarki-f\u00e9ny is ilyenkor l\u00e1that\u00f3.<\/p>\n<p>Fontos megjegyezni, hogy j\u00fanius nem a legjobb id\u0151szak az \u00e9szaki f\u00e9ny megtekint\u00e9s\u00e9re! A t\u00e9li h\u00f3napokban van r\u00e1 nagyobb es\u00e9ly. Febru\u00e1r m\u00e1rcius a legjobb id\u0151szak, ha a sarki-f\u00e9nyt vad\u00e1ssza.<\/p>\n<h3><span class=\"ez-toc-section\" id=\"A_legjobb_utazasi_helyek_juniusban_Izlandon\"><\/span>A <a href=\"https:\/\/vasco-electronics.hu\/cikkek\/utazas\/juniusi-nyaralas-miert-erdemes-izlandra-utazni\/\">legjobb utaz\u00e1si helyek j\u00faniusban Izlandon<\/a>:<span class=\"ez-toc-section-end\"><\/span><\/h3>\n<ul>\n<li><strong>Aranyk\u00f6r: <\/strong>Egy n\u00e9pszer\u0171 \u00fatvonal, amely mag\u00e1ban foglalja a \u00deingvellir Nemzeti Parkot, a Geysir geotermikus ter\u00fcletet \u00e9s a leny\u0171g\u00f6z\u0151 Gullfoss-v\u00edzes\u00e9st. Az elny\u00fajtott nappali \u00f3r\u00e1k lehet\u0151v\u00e9 teszik ezeknek a term\u00e9szeti csod\u00e1knak a k\u00e9nyelmes felfedez\u00e9s\u00e9t.<\/li>\n<li><strong>Reykjav\u00edk: <\/strong>Tapasztalja meg Izland f\u0151v\u00e1ros\u00e1nak pezsg\u0151 kult\u00far\u00e1j\u00e1t az \u00c9jf\u00e9li Nap alatt. \u00c9lvezze a szabadt\u00e9rik\u00e1v\u00e9z\u00f3kat, zenei fesztiv\u00e1lokat \u00e9s m\u0171v\u00e9szeti ki\u00e1ll\u00edt\u00e1sokat, amelyek kihaszn\u00e1lj\u00e1k a v\u00e9get nem \u00e9r\u0151 napokat.<\/li>\n<\/ul>\n<p><strong>J\u00f6kuls\u00e1rl\u00f3n gleccsert\u00f3<\/strong>: Utazzon el a d\u00e9lkeleti r\u00e9szre, hogy tan\u00faja lehess az \u00fasz\u00f3 j\u00e9ghegyek et\u00e9re\u00e1lis sz\u00e9ps\u00e9g\u00e9nek a gleccsert\u00f3ban, egy felejthetetlen l\u00e1tv\u00e1ny alatt az \u00e9jszakai napf\u00e9nyben.<\/p>\n<h4>Tov\u00e1bbi tippek:<\/h4>\n<ul>\n<li>Vegyen r\u00e9szt a<strong> Titkos Napfordul\u00f3 Fesztiv\u00e1lon, egy szabadt\u00e9ri zenei fesztiv\u00e1lon Reykjav\u00edkban<\/strong>, amely az \u00c9jf\u00e9li Napot \u00fcnnepli vil\u00e1gsz\u00ednvonal\u00fa zenei fell\u00e9p\u0151kkel \u00e9s egyedi mell\u00e9krendezv\u00e9nyekkel, mint p\u00e9ld\u00e1ul koncertek gleccserekben \u00e9s l\u00e1vat\u00f6lcs\u00e9rekben.<\/li>\n<li>K\u00f3stolja meg a hagyom\u00e1nyos izlandi konyh\u00e1t, mint a <strong>frissen fogott tengeri \u00e9teleket<\/strong>, a b\u00e1r\u00e1ny\u00e9teleket \u00e9s a skyr-t, egyfajta izlandi joghurtot, hogy teljes m\u00e9rt\u00e9kben elmer\u00fclj a helyi kult\u00far\u00e1ban.<\/li>\n<\/ul>\n<p><img decoding=\"async\" class=\"alignnone size-full wp-image-1820\" src=\"https:\/\/vasco-electronics.hu\/cikkek\/wp-content\/uploads\/2024\/03\/best8.png\" alt=\"Zsir\u00e1fok Afrik\u00e1ban a szavann\u00e1n.\" width=\"1200\" height=\"750\" srcset=\"https:\/\/vasco-electronics.hu\/cikkek\/wp-content\/uploads\/2024\/03\/best8.png 1200w, https:\/\/vasco-electronics.hu\/cikkek\/wp-content\/uploads\/2024\/03\/best8-980x613.png 980w, https:\/\/vasco-electronics.hu\/cikkek\/wp-content\/uploads\/2024\/03\/best8-480x300.png 480w\" sizes=\"(min-width: 0px) and (max-width: 480px) 480px, (min-width: 481px) and (max-width: 980px) 980px, (min-width: 981px) 1200px, 100vw\" \/><\/p>\n<h2 data-pm-slice=\"1 3 []\"><span class=\"ez-toc-section\" id=\"Julius_Vadon_elo_allatok_latvanyossaga_Kenyaban\"><\/span>J\u00falius: Vadon \u00e9l\u0151 \u00e1llatok l\u00e1tv\u00e1nyoss\u00e1ga Keny\u00e1ban<span class=\"ez-toc-section-end\"><\/span><\/h2>\n<p>Hova utazzunk j\u00faliusban? J\u00falius a Nagy V\u00e1ndorl\u00e1s kezdet\u00e9t jelzi Keny\u00e1ban, egy leny\u0171g\u00f6z\u0151 term\u00e9szeti jelens\u00e9get, amikor milli\u00f3ksz\u00e1m v\u00e1ndorolnak a gn\u00fak, zebr\u00e1k \u00e9s gazell\u00e1k a Serengeti-Mara \u00f6kosziszt\u00e9m\u00e1ban, friss legel\u0151ket keresve. Ny\u00e1ron is kellemes az id\u0151. Kalandra fel!<\/p>\n<p>Ez az id\u0151szak kiv\u00e1l\u00f3 lehet\u0151s\u00e9get k\u00edn\u00e1l a vadon \u00e9l\u0151 \u00e1llatok szerelmeseinek \u00e9s fot\u00f3soknak, hogy \u00e9lvezz\u00e9k a vil\u00e1g legjobb Nemzeti Parkjait.<\/p>\n<h3><span class=\"ez-toc-section\" id=\"A_legjobb_utazasi_helyek_es_a_legjobb_uticelok_Kenyaban\"><\/span>A legjobb utaz\u00e1si helyek \u00e9s a legjobb \u00fatic\u00e9lok Keny\u00e1ban:<span class=\"ez-toc-section-end\"><\/span><\/h3>\n<ul>\n<li><strong>Maasai Mara Nemzeti Rezerv\u00e1tum: <\/strong>A Nagy V\u00e1ndorl\u00e1s k\u00f6z\u00e9ppontja, a Maasai Mara p\u00e1ratlan vadon \u00e9l\u0151 \u00e1llat megfigyel\u00e9si lehet\u0151s\u00e9geket k\u00edn\u00e1l, bele\u00e9rtve a dr\u00e1mai foly\u00f3\u00e1tkel\u00e9seket, amelyek ezzel az esem\u00e9nnyel j\u00e1rnak.<\/li>\n<li><strong>Amboseli Nemzeti Park:<\/strong> H\u00edres nagy elef\u00e1ntcsord\u00e1ir\u00f3l \u00e9s a Kilimandzs\u00e1r\u00f3 leny\u0171g\u00f6z\u0151 l\u00e1tv\u00e1ny\u00e1r\u00f3l, az Amboseli egy m\u00e1sik, de egyform\u00e1n jutalmaz\u00f3 vadon \u00e9l\u0151 \u00e1llat \u00e9lm\u00e9nyt ny\u00fajt.<\/li>\n<li><strong>Lake Nakuru Nemzeti Park<\/strong>: Ismert flaming\u00f3popul\u00e1ci\u00f3ir\u00f3l \u00e9s gazdag biodiverzit\u00e1s\u00e1r\u00f3l, a Lake Nakuru kiv\u00e1l\u00f3 kieg\u00e9sz\u00edt\u00e9se egy vadon \u00e9l\u0151 \u00e1llatokat figyel\u0151 szafari \u00fatvonalnak.<br \/>\n<h4>Tov\u00e1bbi tippek:<\/h4>\n<\/li>\n<li>Ismerkedjen meg kapcsolatba a Maasai emberekkel, akik az egyedi szok\u00e1saikr\u00f3l \u00e9s \u00f6lt\u00f6zk\u00f6d\u00e9s\u00fckr\u0151l ismertek. <strong>Sok szafari t\u00fara kultur\u00e1lis l\u00e1togat\u00e1sokat k\u00edn\u00e1l<\/strong> Maasai falvakban, betekint\u00e9st ny\u00fajtva hagyom\u00e1nyos \u00e9letm\u00f3djukba.<\/li>\n<li>K\u00f3stolja meg a<strong> helyi kenyai \u00e9teleket,<\/strong> mint a nyama choma (grillezett h\u00fas), ugali (kukoricalisztb\u0151l k\u00e9sz\u00fclt k\u00e1sa) \u00e9s a sukuma wiki (spen\u00f3t), amelyek a kenyai \u00e9trend alapjait k\u00e9pezik.<\/li>\n<\/ul>\n<p><img decoding=\"async\" class=\"alignnone size-full wp-image-1821\" src=\"https:\/\/vasco-electronics.hu\/cikkek\/wp-content\/uploads\/2024\/03\/best9.png\" alt=\"Misztikus l\u00e1tk\u00e9p, Machu Picchu, Peru.\" width=\"1200\" height=\"750\" srcset=\"https:\/\/vasco-electronics.hu\/cikkek\/wp-content\/uploads\/2024\/03\/best9.png 1200w, https:\/\/vasco-electronics.hu\/cikkek\/wp-content\/uploads\/2024\/03\/best9-980x613.png 980w, https:\/\/vasco-electronics.hu\/cikkek\/wp-content\/uploads\/2024\/03\/best9-480x300.png 480w\" sizes=\"(min-width: 0px) and (max-width: 480px) 480px, (min-width: 481px) and (max-width: 980px) 980px, (min-width: 981px) 1200px, 100vw\" \/><\/p>\n<h2><span class=\"ez-toc-section\" id=\"Augusztus_Idoutazas_Peruban\"><\/span>Augusztus: Id\u0151utaz\u00e1s Peruban<span class=\"ez-toc-section-end\"><\/span><\/h2>\n<p>Hova utazzunk augusztusban? Augusztus Peruban a t\u00f6k\u00e9letes id\u0151szak az Inka \u00d6sv\u00e9ny bej\u00e1r\u00e1s\u00e1ra, amely az utaz\u00f3kat az \u0151si Machu Picchu v\u00e1ros\u00e1hoz vezeti.<\/p>\n<p>Hova \u00e9rdemes utazni augusztusban? Ebben az id\u0151szakban a sz\u00e1raz \u00e9vszak tiszta \u00e9gboltot \u00e9s a legjobb l\u00e1t\u00e1si viszonyokat k\u00edn\u00e1lja, \u00edgy ez az ide\u00e1lis id\u0151szak Peru leny\u0171g\u00f6z\u0151 t\u00e1jainak \u00e9s r\u00e9g\u00e9szeti kincseinek felfedez\u00e9s\u00e9re.<\/p>\n<h3><span class=\"ez-toc-section\" id=\"A_legjobb_utazasi_helyek_es_a_legjobb_uticelok_augusztusban\"><\/span>A legjobb utaz\u00e1si helyek \u00e9s a legjobb \u00fatic\u00e9lok augusztusban:<span class=\"ez-toc-section-end\"><\/span><\/h3>\n<ul data-pm-slice=\"3 3 []\">\n<li><strong>Machu Picchu<\/strong>: Az ikonikus inka v\u00e1ros, amely az Andok hegyei k\u00f6z\u00f6tt magasodik. T\u00far\u00e1zzon az Inka \u00d6sv\u00e9nyen a felh\u0151erd\u0151k\u00f6n \u00e9s \u0151si romok mellett, \u00e9s csod\u00e1lja meg a vil\u00e1g csod\u00e1j\u00e1t napfelkeltekor.<\/li>\n<li><strong>Cusco<\/strong>: Az Inka Birodalom egykori f\u0151v\u00e1rosa, most a Machu Picchu fel\u00e9 vezet\u0151 utaz\u00f3k k\u00f6zpontja. Inka \u00e9s gyarmati \u00e9p\u00edt\u00e9szete, \u00e9l\u00e9nk piacai \u00e9s gazdag kultur\u00e1lis \u00f6r\u00f6ks\u00e9ge miatt k\u00f6telez\u0151 zar\u00e1ndokhely.<\/li>\n<li><strong>Titicaca-t\u00f3<\/strong>: A vil\u00e1g legmagasabban fekv\u0151 haj\u00f3zhat\u00f3 tava, amely az egyedi Uros \u00fasz\u00f3 szigetek otthona. Fedezze fel a hagyom\u00e1nyos k\u00f6z\u00f6ss\u00e9geket \u00e9s l\u00e9legzetel\u00e1ll\u00edt\u00f3 t\u00e1jakat.<\/li>\n<\/ul>\n<h4>Tov\u00e1bbi kultur\u00e1lis tippek:<\/h4>\n<ul>\n<li>Vegyen r\u00e9szt a Pachamama cerem\u00f3ni\u00e1n,<strong> egy \u0151si andoki hagyom\u00e1nyban<\/strong>, amelyben a helyiek k\u00f6sz\u00f6netet mondanak az Anyaf\u00f6ldnek. Ez a ritu\u00e1l\u00e9 k\u00fcl\u00f6n\u00f6sen jelent\u0151s\u00e9gteljes augusztusban, amelyet a Pachamama h\u00f3napj\u00e1nak tekintenek.<\/li>\n<li>K\u00f3stolja meg<strong> Peru gasztron\u00f3miai finoms\u00e1gait, <\/strong>mint a ceviche, a lomo saltado \u00e9s a cuy (tengerimalac), egy hagyom\u00e1nyos andoki \u00e9tel.<\/li>\n<\/ul>\n<p><img decoding=\"async\" class=\"alignnone size-full wp-image-1822\" src=\"https:\/\/vasco-electronics.hu\/cikkek\/wp-content\/uploads\/2024\/03\/best10.png\" alt=\"Antipaxos sziget Korfu mellett G\u00f6r\u00f6gorsz\u00e1gban. \" width=\"1200\" height=\"750\" srcset=\"https:\/\/vasco-electronics.hu\/cikkek\/wp-content\/uploads\/2024\/03\/best10.png 1200w, https:\/\/vasco-electronics.hu\/cikkek\/wp-content\/uploads\/2024\/03\/best10-980x613.png 980w, https:\/\/vasco-electronics.hu\/cikkek\/wp-content\/uploads\/2024\/03\/best10-480x300.png 480w\" sizes=\"(min-width: 0px) and (max-width: 480px) 480px, (min-width: 481px) and (max-width: 980px) 980px, (min-width: 981px) 1200px, 100vw\" \/><\/p>\n<h2 data-pm-slice=\"1 3 []\"><span class=\"ez-toc-section\" id=\"Szeptember_Gorogorszagi_szeptemberi_kikapcsolodas\"><\/span>Szeptember: G\u00f6r\u00f6gorsz\u00e1gi szeptemberi kikapcsol\u00f3d\u00e1s<span class=\"ez-toc-section-end\"><\/span><\/h2>\n<p>Hova utazzunk szeptemberben? Szeptember G\u00f6r\u00f6gorsz\u00e1gban a ny\u00e1r melegs\u00e9g\u00e9nek \u00e9s az elk\u00f6vetkez\u0151 ut\u00f3szezon nyugalomnak t\u00f6k\u00e9letes egyens\u00faly\u00e1t k\u00edn\u00e1lja.<\/p>\n<p>Az orsz\u00e1g szigetei \u00e9s a sz\u00e1razf\u00f6ld egyar\u00e1nt kellemes h\u0151m\u00e9rs\u00e9kletben \u00e9s a korai \u0151sz arany \u00e1rnyalataiban f\u00fcrdenek, \u00edgy ez az id\u0151szak ide\u00e1lis a felfedez\u00e9sre \u00e9s a pihen\u00e9sre.<\/p>\n<h3><span class=\"ez-toc-section\" id=\"A_legjobb_utazasi_helyek_es_a_legjobb_uticelok_szeptemberben\"><\/span>A legjobb utaz\u00e1si helyek \u00e9s a legjobb \u00fatic\u00e9lok szeptemberben:<span class=\"ez-toc-section-end\"><\/span><\/h3>\n<ul>\n<li><strong>Santorini<\/strong>: Ismert leny\u0171g\u00f6z\u0151 naplement\u00e9ir\u0151l \u00e9s h\u00edres nevezetess\u00e9geir\u0151l: feh\u00e9rre meszelt \u00e9p\u00fcletek \u00e9s vulkanikus strandok. A sziget sz\u00e9ps\u00e9ge szeptemberben ugyanolyan l\u00e9legzetel\u00e1ll\u00edt\u00f3, felfedez\u00e9sre v\u00e1r \u0151sszel is.<\/li>\n<li><strong>Kr\u00e9ta<\/strong>: G\u00f6r\u00f6gorsz\u00e1g legnagyobb szigete gy\u00f6ny\u00f6r\u0171 strandokkal, \u0151si r\u00e9g\u00e9szeti helysz\u00ednekkel \u00e9s hegyvid\u00e9ki t\u00e1jakkal b\u00fcszk\u00e9lkedhet. L\u00e1togasson el a Kn\u00f3sszoszi palot\u00e1hoz \u00e9s t\u00far\u00e1zzon a Szam\u00e1ria-szurdokban.<\/li>\n<li><strong>Rodosz<\/strong>: Gazdag t\u00f6rt\u00e9nelm\u00e9vel Rodosz egy id\u0151utaz\u00e1st k\u00edn\u00e1l a j\u00f3l meg\u0151rz\u00f6tt k\u00f6z\u00e9pkori v\u00e1ros\u00e1val, \u0151si romjaival \u00e9s a Lindoszi Akropolisz leny\u0171g\u00f6z\u0151 kil\u00e1t\u00e1s\u00e1val.<\/li>\n<\/ul>\n<h4>Tov\u00e1bbi kultur\u00e1lis tippek:<\/h4>\n<ul>\n<li>\u00c9lvezze a sz\u00fcreti \u00fcnnepeket \u00e9s a borfesztiv\u00e1lokat, amelyek a r\u00e9gi\u00f3ban zajlanak, \u00fcnneplik G\u00f6r\u00f6gorsz\u00e1g<strong> gazdag bor\u00e1szati hagyom\u00e1nyait<\/strong>.<\/li>\n<li>K\u00f3stolja meg<strong> szezon\u00e1lis g\u00f6r\u00f6g \u00e9teleket<\/strong>, mint a friss f\u00fcge, sz\u0151l\u0151 \u00e9s a nap fog\u00e1sa, t\u00f6k\u00e9letesen p\u00e1ros\u00edtva helyi borokkal vagy ouz\u00f3val.<\/li>\n<\/ul>\n<p><img decoding=\"async\" class=\"alignnone size-full wp-image-1823\" src=\"https:\/\/vasco-electronics.hu\/cikkek\/wp-content\/uploads\/2024\/03\/best11.png\" alt=\"Doi Inthanon, Chiang Mai, Thaif\u00f6ld.\" width=\"1200\" height=\"750\" srcset=\"https:\/\/vasco-electronics.hu\/cikkek\/wp-content\/uploads\/2024\/03\/best11.png 1200w, https:\/\/vasco-electronics.hu\/cikkek\/wp-content\/uploads\/2024\/03\/best11-980x613.png 980w, https:\/\/vasco-electronics.hu\/cikkek\/wp-content\/uploads\/2024\/03\/best11-480x300.png 480w\" sizes=\"(min-width: 0px) and (max-width: 480px) 480px, (min-width: 481px) and (max-width: 980px) 980px, (min-width: 981px) 1200px, 100vw\" \/><\/p>\n<h2 data-pm-slice=\"1 3 []\"><span class=\"ez-toc-section\" id=\"Oktober_Thaifold_kulturalis_mozaikja\"><\/span>Okt\u00f3ber: Thaif\u00f6ld kultur\u00e1lis mozaikja<span class=\"ez-toc-section-end\"><\/span><\/h2>\n<p>Hova utazzunk okt\u00f3berben? Okt\u00f3berben hol van j\u00f3 id\u0151?<a href=\"https:\/\/vasco-electronics.hu\/cikkek\/utazas\/thaifold-utazas-oktoberben\/\"> Okt\u00f3ber a Thaif\u00f6ld\u00f6n<\/a> uralkod\u00f3 es\u0151szezon v\u00e9g\u00e9t jelzi, h\u0171v\u00f6sebb h\u0151m\u00e9rs\u00e9kletet \u00e9s a cs\u00facsszezon kezdet\u00e9t hozva mag\u00e1val.<\/p>\n<p>Hova utazzunk okt\u00f3berben? Okt\u00f3berben hova \u00e9rdemes utazni? Thaif\u00f6ld a v\u00e1lasz! Ez az id\u0151szak kultur\u00e1lis \u00fcnnepl\u00e9sek, term\u00e9szeti sz\u00e9ps\u00e9g \u00e9s gasztron\u00f3miai \u00e9lvezetek ideje, amely m\u00e9lyrehat\u00f3 betekint\u00e9st ny\u00fajt a thai kult\u00fara sz\u00edv\u00e9be \u00e9s lelk\u00e9be.<\/p>\n<h3><span class=\"ez-toc-section\" id=\"A_legjobb_utazasi_helyek_es_a_legjobb_uticelok_oktoberben_Thaifoldon\"><\/span>A legjobb utaz\u00e1si helyek \u00e9s a legjobb \u00fatic\u00e9lok <a href=\"https:\/\/vasco-electronics.hu\/cikkek\/utazas\/thaifold-utazas-oktoberben\/\">okt\u00f3berben Thaif\u00f6ld\u00f6n<\/a>:<span class=\"ez-toc-section-end\"><\/span><\/h3>\n<ul>\n<li><strong>Bangkok<\/strong>: A f\u0151v\u00e1ros egy ny\u00fczsg\u0151 metropolisz, a modernit\u00e1s \u00e9s a hagyom\u00e1nyok tal\u00e1lkoz\u00e1sa. L\u00e1togass el a Nagy Palot\u00e1hoz, a Wat Pho-hoz, \u00e9s tapasztald meg a vibr\u00e1l\u00f3 utcai \u00e9telek vil\u00e1g\u00e1t.<\/li>\n<li><strong>Chiang Mai<\/strong>: Ismert gy\u00f6ny\u00f6r\u0171 templomair\u00f3l, buja vid\u00e9k\u00e9r\u0151l \u00e9s a Yi Peng L\u00e1mp\u00e1s Fesztiv\u00e1lr\u00f3l, amely hivatalosan novemberben van, de az el\u0151k\u00e9sz\u00fcletek \u00e9s kisebb \u00fcnnepl\u00e9sek m\u00e1r okt\u00f3berben elkezd\u0151dnek.<\/li>\n<li><strong>Phuket<\/strong>: A Veget\u00e1ri\u00e1nus Fesztiv\u00e1l Phuketben egyed\u00fcl\u00e1ll\u00f3 kultur\u00e1lis esem\u00e9ny, amely utcai felvonul\u00e1sokkal, cerem\u00f3ni\u00e1kkal \u00e9s veget\u00e1ri\u00e1nus lakom\u00e1kkal v\u00e1rja, gy\u00f6kerei a sziget k\u00ednai \u00f6r\u00f6ks\u00e9g\u00e9ben tal\u00e1lhat\u00f3k.<\/li>\n<\/ul>\n<h4>Tov\u00e1bbi tippek:<\/h4>\n<ul>\n<li>Vegyen r\u00e9szt a <strong>Phuketi Veget\u00e1ri\u00e1nus Fesztiv\u00e1lon<\/strong>, tapasztalja meg annak spiritu\u00e1lis cerem\u00f3ni\u00e1it, amelyek magukban foglalj\u00e1k a r\u00e9sztvev\u0151k \u00e1ltal v\u00e9gzett ritu\u00e1l\u00e9kat \u00e9s odaad\u00e1st.<\/li>\n<li>Mer\u00fclj\u00f6n el<strong> Thaif\u00f6ld h\u00edres streetfood \u00e9teleinek vil\u00e1g\u00e1ban<\/strong>, ahol okt\u00f3ber h\u0171v\u00f6sebb est\u00e9i t\u00f6k\u00e9letesek a szabadt\u00e9ri \u00e9tkez\u00e9shez. Pr\u00f3b\u00e1ljon ki az olyan \u00e9teleket, mint a pad thai, a som tam (papaya sal\u00e1ta) \u00e9s a <strong>mang\u00f3 sticky rice<\/strong>.<\/li>\n<\/ul>\n<p><img decoding=\"async\" class=\"alignnone size-full wp-image-1824\" src=\"https:\/\/vasco-electronics.hu\/cikkek\/wp-content\/uploads\/2024\/03\/best12.png\" alt=\"Havanna, Kuba sz\u00ednes aut\u00f3ival.\" width=\"1200\" height=\"750\" srcset=\"https:\/\/vasco-electronics.hu\/cikkek\/wp-content\/uploads\/2024\/03\/best12.png 1200w, https:\/\/vasco-electronics.hu\/cikkek\/wp-content\/uploads\/2024\/03\/best12-980x613.png 980w, https:\/\/vasco-electronics.hu\/cikkek\/wp-content\/uploads\/2024\/03\/best12-480x300.png 480w\" sizes=\"(min-width: 0px) and (max-width: 480px) 480px, (min-width: 481px) and (max-width: 980px) 980px, (min-width: 981px) 1200px, 100vw\" \/><\/p>\n<h2 data-pm-slice=\"1 1 []\"><span class=\"ez-toc-section\" id=\"A_legjobb_orszagok_novemberben_Kuba\"><\/span>A legjobb orsz\u00e1gok novemberben: Kuba<span class=\"ez-toc-section-end\"><\/span><\/h2>\n<p>Hova utazzunk novemberben? Hol nincs es\u0151s \u00e9vszak? Hol kellemes az id\u0151?<\/p>\n<p><a href=\"https:\/\/vasco-electronics.hu\/cikkek\/utazas\/kuba-novemberben\/\">November Kub\u00e1ban<\/a> egy ablak a sziget lelk\u00e9be, ahol \u00e9ghajlat\u00e1nak meleg\u00e9hez csak az emberek melege p\u00e1rosul.<\/p>\n<p>Ez a h\u00f3nap \u00e9l\u00e9nk kultur\u00e1lis falisz\u0151nyeget k\u00edn\u00e1l a zenei fesztiv\u00e1lokt\u00f3l a sz\u00e1raz \u00e9vszak kezdet\u00e9ig, \u00edgy ide\u00e1lis id\u0151szak a felfedez\u00e9sre \u00e9s a kapcsolatokra.<\/p>\n<h3><span class=\"ez-toc-section\" id=\"A_legjobb_helyek_novemberben_Kubaban\"><\/span>A legjobb helyek <a href=\"https:\/\/vasco-electronics.hu\/cikkek\/utazas\/kuba-novemberben\/\">novemberben Kub\u00e1ban<\/a>:<span class=\"ez-toc-section-end\"><\/span><\/h3>\n<ul>\n<li><strong>Havanna<\/strong>: A kubai kult\u00fara sz\u00edve, a novemberi Havanna a Havanna Jazz Fesztiv\u00e1lt, ahol a v\u00e1ros gazdag zenei \u00f6r\u00f6ks\u00e9ge teljes k\u00f6r\u0171en megtekinthet\u0151. S\u00e9t\u00e1ljon \u00e1t Havann\u00e1ba (Habana Vieja), amely az UNESCO Vil\u00e1g\u00f6r\u00f6ks\u00e9g r\u00e9sze, \u00e9s n\u00e9zze meg gyarmati \u00e9p\u00edt\u00e9szet\u00e9t \u00e9s veter\u00e1n aut\u00f3it.<\/li>\n<li><strong>Trinidad<\/strong>: T\u00f6k\u00e9letesen meg\u0151rz\u00f6tt spanyol gyarmati telep\u00fcl\u00e9s, ahol az id\u0151 meg\u00e1llni l\u00e1tszik. Fedezze fel macskak\u00f6ves utc\u00e1it, l\u00e1togasson el a Museo Rom\u00e1ntico-ba, vagy \u00e9lvezze az \u00e9l\u0151zen\u00e9t a Casa de la Music\u00e1ban.<\/li>\n<li><strong>Vi\u00f1ales<\/strong>&#8211;<strong>v\u00f6lgy<\/strong>: A leny\u0171g\u00f6z\u0151 karszt t\u00e1j\u00e1r\u00f3l \u00e9s doh\u00e1nyfarmjair\u00f3l ismert Vi\u00f1ales bepillant\u00e1st ny\u00fajt a vid\u00e9ki kubai \u00e9letbe. Tegyen egy lovagl\u00e1st vagy egy barlangt\u00far\u00e1t, hogy teljes m\u00e9rt\u00e9kben \u00e9rt\u00e9kelje a ter\u00fclet term\u00e9szeti sz\u00e9ps\u00e9g\u00e9t.<\/li>\n<\/ul>\n<h4>Tov\u00e1bbi tippek:<\/h4>\n<p>Tapasztalja meg a kubai zene \u00e9s t\u00e1nc \u00f6r\u00f6m\u00e9t, amely a mindennapi \u00e9let szerves r\u00e9sze. A salsa itt nem csak t\u00e1nc; ez egy \u00e9letforma,<strong> ez\u00e9rt vegyen fontol\u00f3ra egy t\u00e1ncleck\u00e9t,<\/strong> vagy egyszer\u0171en csak \u00e9lvezze a ritmusokat egy helyi helysz\u00ednen.<\/p>\n<p>Hova utazzunk novemberben? K\u00f3stolja meg a hagyom\u00e1nyos kubai konyh\u00e1t, melyben spanyol, afrikai \u00e9s karibi \u00edzek keverednek. Pr\u00f3b\u00e1lja ki az olyan \u00e9teleket, mint a ropa vieja (apr\u00edtott marhah\u00fas), a congr\u00ed (rizs \u00e9s feketebab), valamint a mojito vagy a Cuba Libre, hogy megpir\u00edts\u00e1k utaz\u00e1sait.<\/p>\n<p><img decoding=\"async\" class=\"alignnone size-full wp-image-1825\" src=\"https:\/\/vasco-electronics.hu\/cikkek\/wp-content\/uploads\/2024\/03\/best13.png\" alt=\"G\u00edzai piramisok\" width=\"1200\" height=\"750\" srcset=\"https:\/\/vasco-electronics.hu\/cikkek\/wp-content\/uploads\/2024\/03\/best13.png 1200w, https:\/\/vasco-electronics.hu\/cikkek\/wp-content\/uploads\/2024\/03\/best13-980x613.png 980w, https:\/\/vasco-electronics.hu\/cikkek\/wp-content\/uploads\/2024\/03\/best13-480x300.png 480w\" sizes=\"(min-width: 0px) and (max-width: 480px) 480px, (min-width: 481px) and (max-width: 980px) 980px, (min-width: 981px) 1200px, 100vw\" \/><\/p>\n<h2 data-pm-slice=\"1 3 []\"><span class=\"ez-toc-section\" id=\"December_Egyiptom_kincsei\"><\/span><a href=\"https:\/\/vasco-electronics.hu\/cikkek\/utazas\/egyipt-nyaralas-decemberben\/\">December: Egyiptom<\/a> kincsei<span class=\"ez-toc-section-end\"><\/span><\/h2>\n<p>Hova utazzunk decemberben? December ide\u00e1lis h\u00f3nap azok sz\u00e1m\u00e1ra, akik Egyiptom \u0151si csod\u00e1it szeretn\u00e9k felfedezni a ny\u00e1ri h\u0151s\u00e9g n\u00e9lk\u00fcl. A h\u0171v\u00f6sebb id\u0151j\u00e1r\u00e1s t\u00f6k\u00e9letes id\u0151t\u00f6lt\u00e9st biztos\u00edt az orsz\u00e1g monument\u00e1lis t\u00f6rt\u00e9nelm\u00e9nek \u00e9s vibr\u00e1l\u00f3 jelenkori kult\u00far\u00e1j\u00e1nak megismer\u00e9s\u00e9hez. Es\u0151s \u00e9vszak ilyenkor nem v\u00e1rhat\u00f3. Hova utazzunk decemberben: Decembert\u0151l \u00e1prilisig csod\u00e1s kellemes az id\u0151, ak\u00e1rcsak a Kan\u00e1ri szigetek valamelyik v\u00e1ros\u00e1ban.<\/p>\n<h3><span class=\"ez-toc-section\" id=\"A_legjobb_uticelok_decemberben_Egyiptomba_utazni\"><\/span>A legjobb <a href=\"https:\/\/vasco-electronics.hu\/cikkek\/utazas\/egyipt-nyaralas-decemberben\/\">\u00fatic\u00e9lok decemberben Egyiptomba utazni<\/a>:<span class=\"ez-toc-section-end\"><\/span><\/h3>\n<ul>\n<li><strong>G\u00edzai piramisok<\/strong>: Az \u00f3kori vil\u00e1g h\u00e9t csod\u00e1j\u00e1nak egyetlen fennmarad\u00f3ja, a piramisok \u00e9s a Szfinx k\u00fcl\u00f6n\u00f6sen hozz\u00e1f\u00e9rhet\u0151ek decemberi kellemes kl\u00edm\u00e1ban.<\/li>\n<li><strong>Luxor \u00e9s a Kir\u00e1lyok V\u00f6lgye<\/strong>: Egyiptom legfontosabb r\u00e9g\u00e9szeti kincsei k\u00f6z\u00e9 tartozik, t\u00f6bbek k\u00f6z\u00f6tt Tutanhamon s\u00edrja \u00e9s a Karnak, valamint Luxor templomai.<\/li>\n<li><strong>Aszu\u00e1n<\/strong>: A N\u00edlus-korz\u00f3 kiindul\u00f3pontja, ahol a foly\u00f3 menti templomokat \u00e9s t\u00e1jakat csod\u00e1lhatjuk meg. L\u00e1togasson el a Philae templomhoz \u00e9s haj\u00f3zzon egy hagyom\u00e1nyos feluk\u00e1n.<\/li>\n<\/ul>\n<h4>Tov\u00e1bbi tippek:<\/h4>\n<ul>\n<li><strong>Feluka vitorl\u00e1z\u00e1s a N\u00edluson<\/strong>: Nyugodt \u00e9s fest\u0151i m\u00f3don k\u00edn\u00e1l betekint\u00e9st Egyiptom t\u00e1j\u00e1ba \u00e9s a foly\u00f3 t\u00f6rt\u00e9nelmi jelent\u0151s\u00e9g\u00e9be.<\/li>\n<li><strong>Egyiptomi konyha<\/strong>: Az orsz\u00e1g gasztron\u00f3mi\u00e1ja a K\u00f6zel-Keleti \u00e9s a mediterr\u00e1n \u00edzek kever\u00e9k\u00e9t t\u00fckr\u00f6zi. Pr\u00f3b\u00e1lja ki a kosharit (lencse \u00e9s t\u00e9szta \u00e9tel), a ful medamest (f\u0151tt bab) \u00e9s a baklav\u00e1t.<\/li>\n<\/ul>\n<p>\u00c9s ha szeretne<strong> ak\u00e1r 108 nyelvet meg\u00e9rteni<\/strong>, haszn\u00e1lja ki a Vasco azonnali ford\u00edt\u00f3 eszk\u00f6z\u00e9t. Sz\u00e1mos egyedi funkci\u00f3t k\u00edn\u00e1l, mint a k\u00e9psz\u00f6veg-ford\u00edt\u00f3, besz\u00e9dford\u00edt\u00f3 \u00e9s t\u00f6bbnyelv\u0171 cseveg\u00e9sford\u00edt\u00f3.<\/p>\n<p>Az Eur\u00f3p\u00e1n k\u00edv\u00fcl besz\u00e9lt nyelvek t\u00f6bbs\u00e9g\u00e9t is t\u00e1mogatja a <strong>Vasco Translator V4<\/strong> \u00e9s a <strong>Vasco Translator M3<\/strong> <strong>ford\u00edt\u00f3g\u00e9p<\/strong><strong>.<\/strong> <strong>Vigye mag\u00e1val a <\/strong><strong>Vasco Translator<\/strong> <strong>besz\u00e9l\u0151 ford\u00edt\u00f3<\/strong><strong> eszk\u00f6zt utaz\u00e1saira,<\/strong> amivel legy\u0151zheti a kommunik\u00e1ci\u00f3s neh\u00e9zs\u00e9geket. T\u00f6bbletk\u00f6lts\u00e9g n\u00e9lk\u00fcl haszn\u00e1lhatja k\u00fclf\u00f6ld\u00f6n!<\/p>\n<p><strong>Ford\u00edtson k\u00e9peket a <\/strong><strong>fot\u00f3 ford\u00edt\u00f3<\/strong><strong><span data-color=\"var(--purple-10)\">,<\/span> sz\u00f6veget a <\/strong><strong>sz\u00f6vegford\u00edt\u00f3<\/strong><strong> \u00e9s sz\u00f3beli kommunik\u00e1ci\u00f3t a <\/strong><strong>besz\u00e9dford\u00edt\u00f3<\/strong><strong> funkci\u00f3kkal<\/strong> k\u00f6nnyed\u00e9n. Az azonnali ford\u00edt\u00f3 minden helyzetben t\u00e1mogatja \u00d6nt.<\/p>\n<p><strong>Nincs t\u00f6bb\u00e9 nyelvi akad\u00e1ly a <\/strong><strong>Vasco Translator<\/strong> <strong>nyelvford\u00edt\u00f3<\/strong><strong> j\u00f3volt\u00e1b\u00f3l!<\/strong><\/p>\n<p><img decoding=\"async\" class=\"alignnone size-full wp-image-1826\" src=\"https:\/\/vasco-electronics.hu\/cikkek\/wp-content\/uploads\/2024\/03\/best14.png\" alt=\"N\u0151 s\u00e9t\u00e1l fel a l\u00e9pcs\u0151n a rep\u00fcl\u0151h\u00f6z.\" width=\"1200\" height=\"750\" srcset=\"https:\/\/vasco-electronics.hu\/cikkek\/wp-content\/uploads\/2024\/03\/best14.png 1200w, https:\/\/vasco-electronics.hu\/cikkek\/wp-content\/uploads\/2024\/03\/best14-980x613.png 980w, https:\/\/vasco-electronics.hu\/cikkek\/wp-content\/uploads\/2024\/03\/best14-480x300.png 480w\" sizes=\"(min-width: 0px) and (max-width: 480px) 480px, (min-width: 481px) and (max-width: 980px) 980px, (min-width: 981px) 1200px, 100vw\" \/><\/p>\n<h3 data-pm-slice=\"1 1 []\"><span class=\"ez-toc-section\" id=\"Osszefoglalas\"><\/span>\u00d6sszefoglal\u00e1s<span class=\"ez-toc-section-end\"><\/span><\/h3>\n<p>Bemutattuk a vil\u00e1g legjobb \u00fatic\u00e9ljait h\u00f3napr\u00f3l h\u00f3napra, amely <strong>\u00e1tfog\u00f3 \u00fatmutat\u00f3t ny\u00fajt az utaz\u00f3knak arr\u00f3l, hogy mikor \u00e9s hova \u00e9rdemes utazniuk<\/strong> a t\u00f6k\u00e9letes id\u0151pontban. Az \u00e9v minden h\u00f3napj\u00e1ra k\u00edn\u00e1lunk izgalmas c\u00e9lpontokat, az indiai vibr\u00e1l\u00f3 fesztiv\u00e1lokt\u00f3l, a Dubai f\u00e9ny\u0171z\u0151 v\u00e1s\u00e1rl\u00e1si szezonj\u00e1n \u00e1t, Jap\u00e1n h\u00f3f\u00f6dte t\u00e1jaiig, eg\u00e9szen Egyiptom \u0151si csod\u00e1iig decemberben. <strong>Ez az \u00fatmutat\u00f3<\/strong> a t\u00f6k\u00e9letes t\u00e1rs az utaz\u00e1si bakik elker\u00fcl\u00e9s\u00e9hez, <strong>\u00edg\u00e9retes egy sz\u00ednes \u00e9s v\u00e1ltozatos k\u00f6rutaz\u00e1st k\u00edn\u00e1l a vil\u00e1g k\u00f6r\u00fcl.<\/strong><\/p>\n<table border=\"1\" cellspacing=\"0\" cellpadding=\"5\">\n<thead>\n<tr>\n<th>H\u00f3nap<\/th>\n<th>\u00datic\u00e9l<\/th>\n<th>\u00c9rdekess\u00e9g<\/th>\n<th>\u00c1tlagh\u0151m\u00e9rs\u00e9klet<\/th>\n<\/tr>\n<\/thead>\n<tbody>\n<tr>\n<td>janu\u00e1r<\/td>\n<td>Troms\u00f8, Norv\u00e9gia<\/td>\n<td>Northern Lights<\/td>\n<td>-4\u00b0C (25\u00b0F)<\/td>\n<\/tr>\n<tr>\n<td>febru\u00e1r<\/td>\n<td>Rio de Janeiro, Braz\u00edlia<\/td>\n<td>Karnev\u00e1l<\/td>\n<td>27\u00b0C (81\u00b0F)<\/td>\n<\/tr>\n<tr>\n<td>m\u00e1rcius<\/td>\n<td>Toki\u00f3, Jap\u00e1n<\/td>\n<td>Cseresznyevir\u00e1gz\u00e1s<\/td>\n<td>13\u00b0C (55\u00b0F)<\/td>\n<\/tr>\n<tr>\n<td>\u00e1prilis<\/td>\n<td>Amszterdam, Hollandia<\/td>\n<td>Tulip\u00e1n szezon<\/td>\n<td>11\u00b0C (52\u00b0F)<\/td>\n<\/tr>\n<tr>\n<td>m\u00e1jus<\/td>\n<td>G\u00f6r\u00f6g szigetek<\/td>\n<td>El\u0151szezon<\/td>\n<td>24\u00b0C (75\u00b0F)<\/td>\n<\/tr>\n<tr>\n<td>j\u00fanius<\/td>\n<td>Machu Picchu, Peru<\/td>\n<td>Sz\u00e1raz \u00e9vszak<\/td>\n<td>12\u00b0C (54\u00b0F)<\/td>\n<\/tr>\n<tr>\n<td>j\u00falius<\/td>\n<td>Serengeti, Tanz\u00e1nia<\/td>\n<td>Nagy Migr\u00e1ci\u00f3<\/td>\n<td>27\u00b0C (81\u00b0F)<\/td>\n<\/tr>\n<tr>\n<td>augusztus<\/td>\n<td>Edinburgh, Sk\u00f3cia<\/td>\n<td>Fringe Fesztiv\u00e1l<\/td>\n<td>19\u00b0C (66\u00b0F)<\/td>\n<\/tr>\n<tr>\n<td>szeptember<\/td>\n<td>M\u00fcnchen, N\u00e9metorsz\u00e1g<\/td>\n<td>S\u00f6rfesztiv\u00e1l<\/td>\n<td>15\u00b0C (59\u00b0F)<\/td>\n<\/tr>\n<tr>\n<td>okt\u00f3ber<\/td>\n<td>New England, USA<\/td>\n<td>\u0150szi lombozat<\/td>\n<td>13\u00b0C (55\u00b0F)<\/td>\n<\/tr>\n<tr>\n<td>november<\/td>\n<td>Mexik\u00f3 DF,\u00a0Mexik\u00f3<\/td>\n<td>Kultur\u00e1lis Fesztiv\u00e1l<\/td>\n<td>23\u00b0C (73\u00b0F)<\/td>\n<\/tr>\n<tr>\n<td>december<\/td>\n<td>Lappf\u00f6ld, Finnorsz\u00e1g<\/td>\n<td>Mikul\u00e1sfalu<\/td>\n<td>-6\u00b0C (21\u00b0F)<\/td>\n<\/tr>\n<\/tbody>\n<\/table>\n<div class=\"answer3\"><\/div>\n","protected":false},"excerpt":{"rendered":"<p>Valaha is el\u0151fordult \u00d6nnel, hogy izgatottan pakolt a nagy utaz\u00e1s el\u0151tt, majd r\u00e1j\u00f6tt: \u00e1lmai \u00fatic\u00e9lj\u00e1n \u00e9ppen monszun vagy hurrik\u00e1n tombol? Vagy m\u00e9g rosszabb, turist\u00e1kkal teli utc\u00e1kon kellett s\u00e9t\u00e1lni, ahol m\u00e9g a v\u00e1rt l\u00e1tv\u00e1nyoss\u00e1got sem lehetett k\u00e9nyelmesen felfedezni? Volt m\u00e1r ilyen \u00e9lm\u00e9nye az elm\u00falt \u00e9vekben? Nos, ne agg\u00f3djon, ha \u00d6n az utaz\u00e1s szerelmese! Ez az \u00fatmutat\u00f3 [&hellip;]<\/p>\n","protected":false},"author":9,"featured_media":1813,"comment_status":"closed","ping_status":"closed","sticky":false,"template":"","format":"standard","meta":{"_et_pb_use_builder":"","_et_pb_old_content":"","_et_gb_content_width":"","_FSMCFIC_featured_image_caption":"","_FSMCFIC_featured_image_nocaption":"","_FSMCFIC_featured_image_hide":"","footnotes":""},"categories":[9],"tags":[29],"class_list":["post-1812","post","type-post","status-publish","format-standard","has-post-thumbnail","hentry","category-utazas","tag-r-faber"],"_links":{"self":[{"href":"https:\/\/vasco-electronics.hu\/cikkek\/wp-json\/wp\/v2\/posts\/1812","targetHints":{"allow":["GET"]}}],"collection":[{"href":"https:\/\/vasco-electronics.hu\/cikkek\/wp-json\/wp\/v2\/posts"}],"about":[{"href":"https:\/\/vasco-electronics.hu\/cikkek\/wp-json\/wp\/v2\/types\/post"}],"author":[{"embeddable":true,"href":"https:\/\/vasco-electronics.hu\/cikkek\/wp-json\/wp\/v2\/users\/9"}],"replies":[{"embeddable":true,"href":"https:\/\/vasco-electronics.hu\/cikkek\/wp-json\/wp\/v2\/comments?post=1812"}],"version-history":[{"count":5,"href":"https:\/\/vasco-electronics.hu\/cikkek\/wp-json\/wp\/v2\/posts\/1812\/revisions"}],"predecessor-version":[{"id":2313,"href":"https:\/\/vasco-electronics.hu\/cikkek\/wp-json\/wp\/v2\/posts\/1812\/revisions\/2313"}],"wp:featuredmedia":[{"embeddable":true,"href":"https:\/\/vasco-electronics.hu\/cikkek\/wp-json\/wp\/v2\/media\/1813"}],"wp:attachment":[{"href":"https:\/\/vasco-electronics.hu\/cikkek\/wp-json\/wp\/v2\/media?parent=1812"}],"wp:term":[{"taxonomy":"category","embeddable":true,"href":"https:\/\/vasco-electronics.hu\/cikkek\/wp-json\/wp\/v2\/categories?post=1812"},{"taxonomy":"post_tag","embeddable":true,"href":"https:\/\/vasco-electronics.hu\/cikkek\/wp-json\/wp\/v2\/tags?post=1812"}],"curies":[{"name":"wp","href":"https:\/\/api.w.org\/{rel}","templated":true}]}}