{"id":2325,"date":"2024-12-20T13:34:37","date_gmt":"2024-12-20T12:34:37","guid":{"rendered":"https:\/\/vasco-electronics.hu\/cikkek\/?p=2325"},"modified":"2025-07-02T08:56:01","modified_gmt":"2025-07-02T06:56:01","slug":"german-nyelvek-utmutatoja","status":"publish","type":"post","link":"https:\/\/vasco-electronics.hu\/cikkek\/nyelvek\/german-nyelvek-utmutatoja\/","title":{"rendered":"A germ\u00e1n nyelvek \u00fatmutat\u00f3ja"},"content":{"rendered":"<h2><span class=\"ez-toc-section\" id=\"Tortenete_valtozatai_es_hatasok\"><\/span>T\u00f6rt\u00e9nete, v\u00e1ltozatai \u00e9s hat\u00e1sok<span class=\"ez-toc-section-end\"><\/span><\/h2>\n<p>A germ\u00e1n nyelvek egy soksz\u00edn\u0171 \u00e9s \u00f6sszetett nyelvcsal\u00e1d, amely jelent\u0151s szerepet j\u00e1tszott Eur\u00f3pa \u00e9s azon t\u00fal a nyelvi t\u00e1j kialak\u00edt\u00e1s\u00e1ban.<\/p><div id=\"ez-toc-container\" class=\"ez-toc-v2_0_82_2 counter-hierarchy ez-toc-counter ez-toc-grey ez-toc-container-direction\">\n<p class=\"ez-toc-title\" style=\"cursor:inherit\">Tartalomjegyz\u00e9k:<\/p>\n<label for=\"ez-toc-cssicon-toggle-item-69f5cd393eeef\" class=\"ez-toc-cssicon-toggle-label\"><span class=\"ez-toc-cssicon\"><span class=\"eztoc-hide\" style=\"display:none;\">Toggle<\/span><span class=\"ez-toc-icon-toggle-span\"><svg style=\"fill: #999;color:#999\" xmlns=\"http:\/\/www.w3.org\/2000\/svg\" class=\"list-377408\" width=\"20px\" height=\"20px\" viewBox=\"0 0 24 24\" fill=\"none\"><path d=\"M6 6H4v2h2V6zm14 0H8v2h12V6zM4 11h2v2H4v-2zm16 0H8v2h12v-2zM4 16h2v2H4v-2zm16 0H8v2h12v-2z\" fill=\"currentColor\"><\/path><\/svg><svg style=\"fill: #999;color:#999\" class=\"arrow-unsorted-368013\" xmlns=\"http:\/\/www.w3.org\/2000\/svg\" width=\"10px\" height=\"10px\" viewBox=\"0 0 24 24\" version=\"1.2\" baseProfile=\"tiny\"><path d=\"M18.2 9.3l-6.2-6.3-6.2 6.3c-.2.2-.3.4-.3.7s.1.5.3.7c.2.2.4.3.7.3h11c.3 0 .5-.1.7-.3.2-.2.3-.5.3-.7s-.1-.5-.3-.7zM5.8 14.7l6.2 6.3 6.2-6.3c.2-.2.3-.5.3-.7s-.1-.5-.3-.7c-.2-.2-.4-.3-.7-.3h-11c-.3 0-.5.1-.7.3-.2.2-.3.5-.3.7s.1.5.3.7z\"\/><\/svg><\/span><\/span><\/label><input type=\"checkbox\" style='display:none' id=\"ez-toc-cssicon-toggle-item-69f5cd393eeef\"  aria-label=\"Toggle\" \/><nav><ul class='ez-toc-list ez-toc-list-level-1 ' ><li class='ez-toc-page-1 ez-toc-heading-level-2'><a class=\"ez-toc-link ez-toc-heading-1\" href=\"https:\/\/vasco-electronics.hu\/cikkek\/nyelvek\/german-nyelvek-utmutatoja\/#Tortenete_valtozatai_es_hatasok\" >T\u00f6rt\u00e9nete, v\u00e1ltozatai \u00e9s hat\u00e1sok<\/a><ul class='ez-toc-list-level-3' ><li class='ez-toc-heading-level-3'><a class=\"ez-toc-link ez-toc-heading-2\" href=\"https:\/\/vasco-electronics.hu\/cikkek\/nyelvek\/german-nyelvek-utmutatoja\/#FAQ\" >FAQ:<\/a><\/li><\/ul><\/li><li class='ez-toc-page-1 ez-toc-heading-level-2'><a class=\"ez-toc-link ez-toc-heading-3\" href=\"https:\/\/vasco-electronics.hu\/cikkek\/nyelvek\/german-nyelvek-utmutatoja\/#A_german_nyelvek_eredete_es_tortenete\" >A germ\u00e1n nyelvek eredete \u00e9s t\u00f6rt\u00e9nete<\/a><\/li><li class='ez-toc-page-1 ez-toc-heading-level-2'><a class=\"ez-toc-link ez-toc-heading-4\" href=\"https:\/\/vasco-electronics.hu\/cikkek\/nyelvek\/german-nyelvek-utmutatoja\/#Mik_a_german_nyelvek_jellemzoi\" >Mik a germ\u00e1n nyelvek jellemz\u0151i?<\/a><\/li><li class='ez-toc-page-1 ez-toc-heading-level-2'><a class=\"ez-toc-link ez-toc-heading-5\" href=\"https:\/\/vasco-electronics.hu\/cikkek\/nyelvek\/german-nyelvek-utmutatoja\/#A_german_nyelvcsaladba_tartozo_nyelvek\" >A germ\u00e1n nyelvcsal\u00e1dba tartoz\u00f3 nyelvek<\/a><ul class='ez-toc-list-level-3' ><li class='ez-toc-heading-level-3'><a class=\"ez-toc-link ez-toc-heading-6\" href=\"https:\/\/vasco-electronics.hu\/cikkek\/nyelvek\/german-nyelvek-utmutatoja\/#Nyugat-german_nyelvek\" >Nyugat-germ\u00e1n nyelvek<\/a><\/li><li class='ez-toc-page-1 ez-toc-heading-level-3'><a class=\"ez-toc-link ez-toc-heading-7\" href=\"https:\/\/vasco-electronics.hu\/cikkek\/nyelvek\/german-nyelvek-utmutatoja\/#Eszak-german_nyelvek\" >\u00c9szak-germ\u00e1n nyelvek<\/a><\/li><li class='ez-toc-page-1 ez-toc-heading-level-3'><a class=\"ez-toc-link ez-toc-heading-8\" href=\"https:\/\/vasco-electronics.hu\/cikkek\/nyelvek\/german-nyelvek-utmutatoja\/#Kelet-german_nyelvek\" >Kelet-germ\u00e1n nyelvek<\/a><\/li><\/ul><\/li><li class='ez-toc-page-1 ez-toc-heading-level-2'><a class=\"ez-toc-link ez-toc-heading-9\" href=\"https:\/\/vasco-electronics.hu\/cikkek\/nyelvek\/german-nyelvek-utmutatoja\/#Miert_erdemes_german_nyelvet_tanulni\" >Mi\u00e9rt \u00e9rdemes germ\u00e1n nyelvet tanulni?<\/a><\/li><li class='ez-toc-page-1 ez-toc-heading-level-2'><a class=\"ez-toc-link ez-toc-heading-10\" href=\"https:\/\/vasco-electronics.hu\/cikkek\/nyelvek\/german-nyelvek-utmutatoja\/#German_nyelvek_napjainkban\" >Germ\u00e1n nyelvek napjainkban<\/a><ul class='ez-toc-list-level-3' ><li class='ez-toc-heading-level-3'><a class=\"ez-toc-link ez-toc-heading-11\" href=\"https:\/\/vasco-electronics.hu\/cikkek\/nyelvek\/german-nyelvek-utmutatoja\/#Kapcsolat_mas_nyelvcsoportokkal\" >Kapcsolat m\u00e1s nyelvcsoportokkal<\/a><\/li><li class='ez-toc-page-1 ez-toc-heading-level-3'><a class=\"ez-toc-link ez-toc-heading-12\" href=\"https:\/\/vasco-electronics.hu\/cikkek\/nyelvek\/german-nyelvek-utmutatoja\/#Osszegzes_%E2%80%93_A_german_nyelvjaras\" >\u00d6sszegz\u00e9s &#8211; A germ\u00e1n nyelvj\u00e1r\u00e1s<\/a><\/li><li class='ez-toc-page-1 ez-toc-heading-level-3'><a class=\"ez-toc-link ez-toc-heading-13\" href=\"https:\/\/vasco-electronics.hu\/cikkek\/nyelvek\/german-nyelvek-utmutatoja\/#Vasco_Translator_forditogep\" >Vasco Translator ford\u00edt\u00f3g\u00e9p<\/a><\/li><\/ul><\/li><\/ul><\/nav><\/div>\n\n<p>Az \u0151si protogerm\u00e1n nyelvt\u0151l a modern angol, <a href=\"https:\/\/vasco-electronics.hu\/cikkek\/nyelvek\/idealis-nemet-forditot\/\">n\u00e9met<\/a> \u00e9s holland nyelvekig a germ\u00e1n nyelvek gazdag t\u00f6rt\u00e9nelemmel \u00e9s kultur\u00e1lis jelent\u0151s\u00e9ggel b\u00edrnak, amelyek a mai napig hat\u00e1ssal vannak a vil\u00e1gra.<\/p>\n<p>Ebben az alapvet\u0151 \u00fatmutat\u00f3ban megvizsg\u00e1ljuk, mik is a germ\u00e1n nyelvek, honnan sz\u00e1rmaznak, \u00e9s milyen jellemz\u0151ik vannak. Emellett arra is kit\u00e9r\u00fcnk, mi\u00e9rt \u00e9rdemes valamelyik\u00fcket megtanulni.<\/p>\n<div class=\"faq-section\">\n<h3><span class=\"ez-toc-section\" id=\"FAQ\"><\/span>FAQ:<span class=\"ez-toc-section-end\"><\/span><\/h3>\n<h4 class=\"question1\">Mit tekint\u00fcnk germ\u00e1n nyelvnek?<\/h4>\n<div class=\"answer1\">Ez minden olyan nyelv, amelyet az indoeur\u00f3pai csoport germ\u00e1n \u00e1g\u00e1nak tekintenek. Ez\u00e9rt protogerm\u00e1n eredet\u0171nek kell lennie, \u00e9s e nyelvcsal\u00e1dra jellemz\u0151 tulajdons\u00e1gokkal kell rendelkeznie. Hogy csak n\u00e9h\u00e1nyat eml\u00edts\u00fcnk: struktur\u00e1lt mondatrend, inflexi\u00f3s sz\u00e1rmaz\u00e9kok \u00e9s germ\u00e1n sz\u00f3kincs.<\/div>\n<h4 class=\"question2\">Van k\u00fcl\u00f6nbs\u00e9g n\u00e9met \u00e9s germ\u00e1n k\u00f6z\u00f6tt?<\/h4>\n<div class=\"answer2\">Nem igaz\u00e1n. A <a href=\"https:\/\/vasco-electronics.hu\/cikkek\/nyelvek\/idealis-nemet-forditot\/\">n\u00e9met<\/a> a germ\u00e1n nyelvek egyike.<\/div>\n<h4 class=\"question3\">Milyen sz\u00e1rmaz\u00e1s\u00faak a germ\u00e1n nyelvek?<\/h4>\n<div class=\"answer3\">A germ\u00e1n nyelvek a proton\u00e9met nyelvb\u0151l sz\u00e1rmaznak, amely a vaskorban alakult ki a mai Skandin\u00e1via \u00e9s Nyugat-Eur\u00f3pa ter\u00fcletein.<\/div>\n<h4 class=\"question4\">Melyik a legr\u00e9gebbi germ\u00e1n nyelv?<\/h4>\n<div class=\"answer4\">A legr\u00e9gebbi feljegyzett nyelv a g\u00f3tika. 4. sz\u00e1zadban jegyezt\u00e9k fel.<\/div>\n<h4 class=\"question5\">Vajon az \u00f6sszes germ\u00e1n nyelv a n\u00e9met nyelvb\u0151l sz\u00e1rmazik?<\/h4>\n<div class=\"answer5\">Nem. A <a href=\"https:\/\/vasco-electronics.hu\/cikkek\/nyelvek\/idealis-nemet-forditot\/\">n\u00e9met<\/a> az egyik olyan nyelv, amely a protogerm\u00e1nb\u00f3l sz\u00e1rmazik. De ez ink\u00e1bb \u201eunokatestv\u00e9re\u201d a legt\u00f6bb germ\u00e1n nyelvnek.<\/div>\n<\/div>\n<p><img decoding=\"async\" src=\"https:\/\/vasco-electronics.hu\/cikkek\/wp-content\/uploads\/2025\/01\/97c55434-4a6d-4fae-a0d0-8a768f2fb2aa.jpeg\" alt=\"B\u00e9k\u00e9s vid\u00e9ki jelenet, ahol a falusiak egy n\u00e1dtet\u0151s h\u00e1z k\u00f6r\u00fcl tev\u00e9kenykednek, szersz\u00e1mokkal k\u00f6r\u00fclv\u00e9ve. A k\u00e9p kiemeli a hagyom\u00e1nyos k\u00e9zm\u0171vess\u00e9get \u00e9s a k\u00f6z\u00f6ss\u00e9gi \u00e9letet.\" \/><\/p>\n<h2><span class=\"ez-toc-section\" id=\"A_german_nyelvek_eredete_es_tortenete\"><\/span>A germ\u00e1n nyelvek eredete \u00e9s t\u00f6rt\u00e9nete<span class=\"ez-toc-section-end\"><\/span><\/h2>\n<p>R\u00f6viden \u00f6sszefoglalva:<\/p>\n<ul>\n<li>Germ\u00e1n nyelvek csal\u00e1dja: A germ\u00e1n nyelvek az<strong> indoeur\u00f3pai nyelvcsal\u00e1d egyik \u00e1ga, <\/strong>\u0151snyelv\u00fck a protogerm\u00e1n.<\/li>\n<li>Ez az \u0151si nyelv a <strong>vaskorban Skandin\u00e1vi\u00e1ban, \u00c9szak-N\u00e9metorsz\u00e1gban,<\/strong> valamint az <strong>\u00c9szaki- \u00e9s Balti-tenger partvid\u00e9k\u00e9n <\/strong>volt haszn\u00e1latos, \u00e9s id\u0151vel a ma ismert soksz\u00edn\u0171 nyelvcsal\u00e1dd\u00e1 fejl\u0151d\u00f6tt.<\/li>\n<li>A germ\u00e1n nyelvcsal\u00e1d az indoeur\u00f3pai <a href=\"https:\/\/vasco-electronics.hu\/cikkek\/nyelvek\/\">nyelvek <\/a>nagy csal\u00e1dj\u00e1nak r\u00e9sze, amely Indi\u00e1t\u00f3l Eur\u00f3p\u00e1ig terjed\u0151 nyelveket foglal mag\u00e1ban.<\/li>\n<li>K\u00f6r\u00fclbel\u00fcl <strong>515 milli\u00f3 ember besz\u00e9li anyanyelvk\u00e9nt,<\/strong> tov\u00e1bbi k\u00e9t milli\u00e1rd pedig m\u00e1sodik nyelvk\u00e9nt, \u00edgy a germ\u00e1n nyelvek a <strong>vil\u00e1g legelterjedtebb nyelvei k\u00f6z\u00e9 tartoznak<\/strong>.<\/li>\n<\/ul>\n<p>A <strong>protogerm\u00e1n nyelvet, <\/strong>amely az \u00f6sszes <strong>modern germ\u00e1n nyelv \u0151se, a Kr. e. 2. \u00e9vezred <\/strong>k\u00f6r\u00fcl besz\u00e9lt\u00e9k. Az \u00e9szak-eur\u00f3pai germ\u00e1n t\u00f6rzsek haszn\u00e1lt\u00e1k, amelyek a mai D\u00e1nia, D\u00e9l-Sv\u00e9dorsz\u00e1g \u00e9s \u00c9szak-N\u00e9metorsz\u00e1g ter\u00fclet\u00e9n \u00e9ltek.<\/p>\n<p>Ahogy ezek a t\u00f6rzsek v\u00e1ndoroltak \u00e9s terjeszkedtek Eur\u00f3p\u00e1ban, nyelv\u00fck fejl\u0151d\u00f6tt \u00e9s soksz\u00edn\u0171v\u00e9 v\u00e1lt, l\u00e9trehozva a ma ismert germ\u00e1n nyelvcsal\u00e1d k\u00fcl\u00f6nb\u00f6z\u0151 \u00e1gait.<\/p>\n<p>Az egyik legkor\u00e1bbi \u00edrott bizony\u00edt\u00e9ka egy germ\u00e1n nyelvnek a <strong>g\u00f3t Biblia, <\/strong>amelyet a 4. sz\u00e1zadban g\u00f6r\u00f6gb\u0151l ford\u00edtott le Ulfilas g\u00f3t p\u00fcsp\u00f6k. Ez a ford\u00edt\u00e1s \u00e9rt\u00e9kes betekint\u00e9st ny\u00fajt a nyelvek korai fejl\u0151d\u00e9s\u00e9be \u00e9s azok kapcsolat\u00e1ba m\u00e1s indoeur\u00f3pai nyelvekkel.<\/p>\n<p>Germ\u00e1n nyelvek t\u00edpusai: Id\u0151vel tov\u00e1bb fejl\u0151dtek \u00e9s terjedtek. A nyugat-germ\u00e1n \u00e1g nyelvei k\u00f6z\u00f6tt tal\u00e1lhat\u00f3 az \u00f3angol, az \u00f3feln\u00e9met \u00e9s az \u00f3holland, <a href=\"https:\/\/vasco-electronics.hu\/cikkek\/nyelvek\/idealis-nemet-forditot\/\">m\u00edg az \u00e9szak-germ\u00e1n<\/a> \u00e1g a \u00f3norv\u00e9gg\u00e9 fejl\u0151d\u00f6tt, amely a modern skandin\u00e1v nyelvek \u0151se. A kelet-germ\u00e1n \u00e1g, amelybe p\u00e9ld\u00e1ul a g\u00f3t \u00e9s a vand\u00e1l nyelv tartozott, v\u00e9g\u00fcl kihalt.<\/p>\n<p><img decoding=\"async\" src=\"https:\/\/vasco-electronics.hu\/cikkek\/wp-content\/uploads\/2025\/01\/d71f096b-dc9d-4d02-8aba-351f2b75a68f.jpeg\" alt=\"Egy tud\u00f3s \u00edr egy gyerty\u00e1val megvil\u00e1g\u00edtott, f\u00e9lhom\u00e1lyos szob\u00e1ban, tele k\u00f6nyvekkel \u00e9s k\u00e9ziratokkal. A k\u00f6rnyezet a f\u00f3kusz \u00e9s a t\u00f6rt\u00e9nelmi tanulm\u00e1nyoz\u00e1s l\u00e9gk\u00f6r\u00e9t k\u00f6zvet\u00edti.\" \/><\/p>\n<h2><span class=\"ez-toc-section\" id=\"Mik_a_german_nyelvek_jellemzoi\"><\/span>Mik a germ\u00e1n nyelvek jellemz\u0151i?<span class=\"ez-toc-section-end\"><\/span><\/h2>\n<p>Germ\u00e1n nyelv rejtv\u00e9ny r\u00f6viden:<\/p>\n<ul>\n<li><strong>\u00d6sszetett nyelvtanukr\u00f3l \u00e9s ragoz\u00e1si v\u00e9gz\u0151d\u00e9seikr\u0151l,<\/strong> valamint <strong>jellegzetes hangz\u00e1sukr\u00f3l \u00e9s kiejt\u00e9s\u00fckr\u0151l ismertek.<\/strong><\/li>\n<li>Ezekben a nyelvekben <strong>nagy hangs\u00falyt kap a sz\u00f3rend \u00e9s a mondatszerkezet,<\/strong> k\u00fcl\u00f6n\u00f6s tekintettel a m\u00e1ssalhangz\u00f3-torl\u00f3d\u00e1sokra \u00e9s a kett\u0151shangz\u00f3kra. K\u00fcl\u00f6nleges bet\u0171s szerkezet jellemzi.<\/li>\n<li>Gazdag sz\u00f3kincs\u00fck, <strong>sok k\u00f6lcs\u00f6nsz\u00f3t <\/strong>vettek \u00e1t m\u00e1s nyelvekb\u0151l, p\u00e9ld\u00e1ul latinb\u00f3l \u00e9s g\u00f6r\u00f6gb\u0151l.<\/li>\n<li>H\u00e1ny germ\u00e1n nyelv l\u00e9tezik? K\u00f6r\u00fclbel\u00fcl<strong> 58 germ\u00e1n nyelv l\u00e9tezik<\/strong>, k\u00f6zt\u00fck \u00e9l\u0151 \u00e9s kihalt nyelvek is. A pontos sz\u00e1m azonban v\u00e1ltozhat att\u00f3l f\u00fcgg\u0151en, hogy mik\u00e9nt oszt\u00e1lyozzuk a nyelvj\u00e1r\u00e1sokat \u00e9s az alnyelveket.<\/li>\n<\/ul>\n<p>A germ\u00e1n nyelvj\u00e1r\u00e1s: Az egyik legkiemelked\u0151bb saj\u00e1toss\u00e1ga els\u0151 sorban a <strong>ragoz\u00e1si v\u00e9gz\u0151d\u00e9sek <\/strong>haszn\u00e1lata, amelyek a nyelvtani kateg\u00f3ri\u00e1kat, p\u00e9ld\u00e1ul az esetet, sz\u00e1mot \u00e9s nemet jel\u00f6lik. Ez azt jelenti, hogy egy sz\u00f3 alakja megv\u00e1ltozik a mondatban bet\u00f6lt\u00f6tt szerepe szerint. P\u00e9ld\u00e1ul a n\u00e9metben a \u201eder\u201d (a) sz\u00f3 \u201eden\u201d-re v\u00e1ltozik, ha <strong>t\u00e1rgyesetben haszn\u00e1lj\u00e1k.<\/strong><\/p>\n<p>Egy m\u00e1sik <strong>jellegzetes von\u00e1s a germ\u00e1n nyelvek hangrendszere,<\/strong> amely sz\u00e1mos m\u00e1ssalhangz\u00f3-torl\u00f3d\u00e1st \u00e9s kett\u0151shangz\u00f3t tartalmaz, amelyek m\u00e1s nyelvek besz\u00e9l\u0151inek nehezen kiejthet\u0151ek lehetnek. P\u00e9ld\u00e1ul a n\u00e9met \u201ePfizer\u201d sz\u00f3ban tal\u00e1lhat\u00f3 \u201epfz\u201d m\u00e1ssalhangz\u00f3-torl\u00f3d\u00e1s sok m\u00e1s nyelvben nem fordul el\u0151.<\/p>\n<p>A sz\u00f3kincset tekintve a t\u00f6rt\u00e9nelm\u00fck sor\u00e1n <strong>nagy m\u00e9rt\u00e9kben v\u00e1ltoztak<\/strong> m\u00e1s nyelvek hat\u00e1s\u00e1ra. P\u00e9ld\u00e1ul az angol szavak k\u00f6z\u00fcl sok latin \u00e9s g\u00f6r\u00f6g eredet\u0171, m\u00edg a <a href=\"https:\/\/vasco-electronics.hu\/cikkek\/nyelvek\/idealis-nemet-forditot\/\">n\u00e9met<\/a> a <strong>francia <\/strong>\u00e9s m\u00e1s <strong>szomsz\u00e9dos nyelvekb\u0151l is \u00e1tvett szavakat.<\/strong> Ugyanakkor gazdag \u0151shonos sz\u00f3kincset is maguk\u00e9nak tudhatnak, sok olyan sz\u00f3val, amelyek a protogerm\u00e1nb\u00f3l sz\u00e1rmaznak, \u00e9s nincsenek megfelel\u0151ik m\u00e1s nyelvcsal\u00e1dokban.<\/p>\n<p><img decoding=\"async\" src=\"https:\/\/vasco-electronics.hu\/cikkek\/wp-content\/uploads\/2025\/01\/5c0bee66-d43f-449e-aba7-848f179b1e53.jpeg\" alt=\"K\u00f6zeli k\u00e9p h\u00e1rom \u0151si harcosr\u00f3l harci sisakokban \u00e9s p\u00e1nc\u00e9lban, r\u00e9szletesen kidolgozott megjelen\u00e9s\u0171. A k\u00e9p kiemeli az er\u0151t \u00e9s a vezet\u0151i k\u00e9pess\u00e9geket.\" \/><\/p>\n<h2><span class=\"ez-toc-section\" id=\"A_german_nyelvcsaladba_tartozo_nyelvek\"><\/span>A germ\u00e1n nyelvcsal\u00e1dba tartoz\u00f3 nyelvek<span class=\"ez-toc-section-end\"><\/span><\/h2>\n<p>A germ\u00e1n nyelvek h\u00e1rom f\u0151 \u00e1gra oszthat\u00f3k:<\/p>\n<ol>\n<li><strong>Nyugat-germ\u00e1n<\/strong><\/li>\n<li><strong>\u00c9szak-germ\u00e1n<\/strong><\/li>\n<li><strong>Kelet-germ\u00e1n<\/strong><\/li>\n<\/ol>\n<p>N\u00e9zz\u00fck meg, hol besz\u00e9lik \u0151ket legink\u00e1bb Eur\u00f3p\u00e1ban:<\/p>\n<h3><span class=\"ez-toc-section\" id=\"Nyugat-german_nyelvek\"><\/span>Nyugat-germ\u00e1n nyelvek<span class=\"ez-toc-section-end\"><\/span><\/h3>\n<ul>\n<li>A nyugat-germ\u00e1n nyelvek k\u00f6z\u00e9 tartozik Eur\u00f3pa legt\u00f6bb germ\u00e1n nyelve, \u00e9s ezek a vil\u00e1g legelterjedtebb nyelvei k\u00f6z\u00e9 tartoznak, p\u00e9ld\u00e1ul az <strong>angol, <a href=\"https:\/\/vasco-electronics.hu\/cikkek\/nyelvek\/idealis-nemet-forditot\/\">n\u00e9met<\/a>, holland, afrikai, \u00f3n\u00e9met, yiddish, sk\u00f3t, limburgi, fr\u00edz.<\/strong><\/li>\n<li>Ezeket a nyelveket k\u00f6r\u00fclbel\u00fcl <strong>500 milli\u00f3 ember besz\u00e9li anyanyelvk\u00e9nt<\/strong>. Az angol a legelterjedtebb nyugat-germ\u00e1n nyelv, k\u00f6r\u00fclbel\u00fcl<strong> 1,35 milli\u00e1rd <\/strong>besz\u00e9l\u0151vel vil\u00e1gszerte.<\/li>\n<\/ul>\n<h3><span class=\"ez-toc-section\" id=\"Eszak-german_nyelvek\"><\/span>\u00c9szak-germ\u00e1n nyelvek<span class=\"ez-toc-section-end\"><\/span><\/h3>\n<ul>\n<li>Az \u00e9szak-germ\u00e1n nyelvek, amelyek k\u00f6z\u00e9 tartozik a <strong>sv\u00e9d, norv\u00e9g, d\u00e1n, izlandi \u00e9s fer\u00f6eri, az \u00f3\u00e9szaki <\/strong>nyelvb\u0151l sz\u00e1rmaznak, \u00e9s szerkezet\u00fckben, szintaxisukban rokonok a nyugat-germ\u00e1n nyelvekkel.<\/li>\n<li>K\u00f6r\u00fclbel\u00fcl <strong>20 milli\u00f3 ember besz\u00e9li <\/strong>\u0151ket anyanyelvk\u00e9nt, \u00e9s egyedi hangz\u00e1sukr\u00f3l, valamint kultur\u00e1lis jelent\u0151s\u00e9g\u00fckr\u0151l ismertek.<\/li>\n<\/ul>\n<h3><span class=\"ez-toc-section\" id=\"Kelet-german_nyelvek\"><\/span>Kelet-germ\u00e1n nyelvek<span class=\"ez-toc-section-end\"><\/span><\/h3>\n<ul>\n<li>A kelet-germ\u00e1n nyelvek, p\u00e9ld\u00e1ul a <strong>g\u00f3t \u00e9s a vand\u00e1l, ma m\u00e1r kihaltak,<\/strong> de t\u00f6rt\u00e9nelmileg a germ\u00e1n t\u00f6rzsek besz\u00e9lt\u00e9k Kelet- \u00e9s K\u00f6z\u00e9p-Eur\u00f3p\u00e1ban.<\/li>\n<li>Ezek a nyelvek jelent\u0151s szerepet j\u00e1tszottak a germ\u00e1n n\u00e9pek korai t\u00f6rt\u00e9net\u00e9ben \u00e9s a<strong> R\u00f3mai Birodalommal <\/strong>val\u00f3 kapcsolattart\u00e1sban.<\/li>\n<\/ul>\n<h2><span class=\"ez-toc-section\" id=\"Miert_erdemes_german_nyelvet_tanulni\"><\/span>Mi\u00e9rt \u00e9rdemes germ\u00e1n nyelvet tanulni?<span class=\"ez-toc-section-end\"><\/span><\/h2>\n<p>Germ\u00e1n nyelvet tanulni sok szempontb\u00f3l \u00e9rt\u00e9kes \u00e9s gazdag\u00edt\u00f3 \u00e9lm\u00e9ny lehet:<\/p>\n<ul>\n<li>Sok germ\u00e1n nyelv<strong> hasonl\u00f3 sz\u00f3kincset \u00e9s mondatszerkezetet<\/strong> haszn\u00e1l, ami megk\u00f6nny\u00edti t\u00f6bb nyelv elsaj\u00e1t\u00edt\u00e1s\u00e1t a csal\u00e1don bel\u00fcl.<\/li>\n<li>A k\u00e9t legelterjedtebb germ\u00e1n nyelv, az <strong>angol \u00e9s a <a href=\"https:\/\/vasco-electronics.hu\/cikkek\/nyelvek\/idealis-nemet-forditot\/\">n\u00e9met<\/a><\/strong>, rendk\u00edv\u00fcl hasznos \u00fczleti, utaz\u00e1si \u00e9s kultur\u00e1lis csere c\u00e9lj\u00e1b\u00f3l.<\/li>\n<li>M\u00e1s germ\u00e1n nyelvek, mint p\u00e9ld\u00e1ul a <strong>holland \u00e9s a norv\u00e9g<\/strong>, szint\u00e9n \u00e9rdemesek a tanul\u00e1sra kultur\u00e1lis \u00e9s gazdas\u00e1gi jelent\u0151s\u00e9g\u00fck miatt.<img decoding=\"async\" src=\"https:\/\/vasco-electronics.hu\/cikkek\/wp-content\/uploads\/2025\/01\/ba084a7f-99c9-4ea9-b924-97a66331b248.jpeg\" alt=\"Egy n\u0151 az oszt\u00e1lyteremben, magabiztosan, keresztbe tett k\u00e9zzel \u00e1llva. M\u00f6g\u00f6tte egy t\u00e1bla \u00e9s oszt\u00e1lytermi dekor\u00e1ci\u00f3k l\u00e1that\u00f3k, amelyek oktat\u00e1si k\u00f6rnyezetre utalnak.\" \/><\/li>\n<\/ul>\n<h2><span class=\"ez-toc-section\" id=\"German_nyelvek_napjainkban\"><\/span>Germ\u00e1n nyelvek napjainkban<span class=\"ez-toc-section-end\"><\/span><\/h2>\n<p>Manaps\u00e1g a germ\u00e1n nyelveket sz\u00e9les k\u00f6rben besz\u00e9lik <strong>Eur\u00f3p\u00e1ban, \u00c9szak-Amerik\u00e1ban, \u00d3ce\u00e1ni\u00e1ban \u00e9s D\u00e9l-Afrik\u00e1ban.<\/strong> Az angol a vil\u00e1g legsz\u00e9lesebb k\u00f6rben besz\u00e9lt nyelve, k\u00f6r\u00fclbel\u00fcl 2 milli\u00e1rd besz\u00e9l\u0151vel.<\/p>\n<p>Ezek a <a href=\"https:\/\/vasco-electronics.hu\/cikkek\/nyelvek\/\">nyelvek<\/a> folyamatosan fejl\u0151dnek \u00e9s alkalmazkodnak a modern korhoz, mik\u00f6zben sz\u00e1mos sz\u00f3t \u00e9s kifejez\u00e9st vesznek \u00e1t m\u00e1s nyelvekb\u0151l.<\/p>\n<p>Germ\u00e1n nyelvek \u00e9s kult\u00far\u00e1k: A germ\u00e1n nyelvek hat\u00e1sa megmutatkozik az <strong>irodalomban, a zen\u00e9ben, valamint a tudom\u00e1nyban \u00e9s technol\u00f3gi\u00e1ban,<\/strong> \u00edgy alapvet\u0151 r\u00e9sz\u00e9t k\u00e9pezik <strong>glob\u00e1lis nyelvi \u00f6r\u00f6ks\u00e9g\u00fcnknek.<\/strong><\/p>\n<h3><span class=\"ez-toc-section\" id=\"Kapcsolat_mas_nyelvcsoportokkal\"><\/span>Kapcsolat m\u00e1s nyelvcsoportokkal<span class=\"ez-toc-section-end\"><\/span><\/h3>\n<ul>\n<li>Az indoeur\u00f3pai nyelvcsal\u00e1d r\u00e9sz\u00e9t k\u00e9pezik, \u00e9s a t\u00f6rt\u00e9nelem sor\u00e1n m\u00e1s nyelvcsoportok hat\u00e1sa alatt \u00e1lltak, mik\u00f6zben maguk is hatottak ezekre a nyelvekre.<\/li>\n<li>K\u00fcl\u00f6n\u00f6sen az angol vett \u00e1t sok sz\u00f3t a <strong>latinb\u00f3l \u00e9s a g\u00f6r\u00f6gb\u0151l<\/strong>, mik\u00f6zben jelent\u0151s nyomot hagyott a francia \u00e9s a spanyol nyelvben is.<\/li>\n<\/ul>\n<p>Sz\u00e1mos nyelvi jellemz\u0151t \u00e9s sz\u00f3kincselemet osztanak meg az indoeur\u00f3pai nyelvcsal\u00e1d m\u00e1s \u00e1gaival, p\u00e9ld\u00e1ul a<strong> rom\u00e1n \u00e9s szl\u00e1v <\/strong>nyelvekkel. Ezek a hasonl\u00f3s\u00e1gok k\u00f6z\u00f6s \u0151s\u00fckre, az <strong>\u0151si indoeur\u00f3pai nyelvre vezethet\u0151k vissza.<\/strong><\/p>\n<p>A t\u00f6rt\u00e9nelem sor\u00e1n a germ\u00e1n nyelvek szavakat \u00e9s nyelvtani szerkezeteket cser\u00e9ltek m\u00e1s nyelvcsal\u00e1dokkal. Az angol k\u00fcl\u00f6n\u00f6sen er\u0151s hat\u00e1st gyakorolt a <strong>latinra \u00e9s a g\u00f6r\u00f6gre<\/strong>, k\u00fcl\u00f6n\u00f6sen a tudom\u00e1ny, a technol\u00f3gia \u00e9s az oktat\u00e1s ter\u00fclet\u00e9n. Ugyanakkor az angol is jelent\u0151s hat\u00e1ssal volt m\u00e1s nyelvekre, k\u00fcl\u00f6n\u00f6sen a <strong>franci\u00e1ra \u00e9s a spanyolra<\/strong>, amelyek sz\u00e1mos angol sz\u00f3t \u00e9s kifejez\u00e9st \u00e1tvettek.<\/p>\n<p>Az angol vil\u00e1gnyelvi st\u00e1tusza \u00faj angol nyelvv\u00e1ltozatok kialakul\u00e1s\u00e1hoz vezetett, amelyek helyi nyelvelemeket integr\u00e1lnak, egyedi hibrid nyelveket hozva l\u00e9tre, amelyek az adott r\u00e9gi\u00f3k nyelvi soksz\u00edn\u0171s\u00e9g\u00e9t t\u00fckr\u00f6zik.<\/p>\n<h3><span class=\"ez-toc-section\" id=\"Osszegzes_%E2%80%93_A_german_nyelvjaras\"><\/span>\u00d6sszegz\u00e9s &#8211; A germ\u00e1n nyelvj\u00e1r\u00e1s<span class=\"ez-toc-section-end\"><\/span><\/h3>\n<p>Germ\u00e1n nyelvcsal\u00e1d: Tan\u00faskodnak vil\u00e1gunk gazdag nyelvi soksz\u00edn\u0171s\u00e9g\u00e9r\u0151l, olyan t\u00f6rt\u00e9nelemmel \u00e9s kultur\u00e1lis jelent\u0151s\u00e9ggel, amely a mai napig form\u00e1lja a nyelv \u00e9s a kommunik\u00e1ci\u00f3 meg\u00e9rt\u00e9s\u00e9t.<\/p>\n<p>A germ\u00e1n nyelvek t\u00edpusai: <a href=\"https:\/\/vasco-electronics.hu\/cikkek\/nyelvek\/idealis-nemet-forditot\/\">Egy germ\u00e1n nyelv, legyen az n\u00e9met<\/a>, angol, holland vagy valamely m\u00e1s v\u00e1ltozat, elsaj\u00e1t\u00edt\u00e1s\u00e1val \u00faj lehet\u0151s\u00e9geket nyithatunk meg a kultur\u00e1lis csere, a szem\u00e9lyes fejl\u0151d\u00e9s \u00e9s a nyelvi gazdagod\u00e1s ter\u00e9n.<\/p>\n<h3><span class=\"ez-toc-section\" id=\"Vasco_Translator_forditogep\"><\/span>Vasco Translator ford\u00edt\u00f3g\u00e9p<span class=\"ez-toc-section-end\"><\/span><\/h3>\n<p>A <strong>Vasco Translator<\/strong> ford\u00edt\u00f3 egy hat\u00e9kony eszk\u00f6z, amely seg\u00edt hat\u00e9konyabban kommunik\u00e1lni \u00e9s nyelveket tanulni. A <strong>besz\u00e9dford\u00edt\u00f3 \u00e9s sz\u00f6vegford\u00edt\u00f3 funkci\u00f3<\/strong> lehet\u0151v\u00e9 teszi, hogy k\u00f6nnyed\u00e9n ford\u00edtson olyan nyelvek k\u00f6z\u00f6tt, mint az angol, <a href=\"https:\/\/vasco-electronics.hu\/cikkek\/nyelvek\/idealis-nemet-forditot\/\">n\u00e9met<\/a>, holland, sv\u00e9d \u00e9s d\u00e1n. K\u00e9pek ford\u00edt\u00e1s\u00e1ra is alkalmas <strong>fot\u00f3 ford\u00edt\u00f3 m\u00f3d megk\u00f6nny\u00edti a germ\u00e1n nyelveken \u00edrt anyagok meg\u00e9rt\u00e9s\u00e9t.<\/strong><\/p>\n<p>Ez az <strong>elektronikus ford\u00edt\u00f3g\u00e9p tartalmaz egy nyelvtanul\u00f3 alkalmaz\u00e1st<\/strong> is, amely interakt\u00edv gyakorlatok \u00e9s j\u00e1t\u00e9kok seg\u00edts\u00e9g\u00e9vel seg\u00edti a sz\u00f3kincs fejleszt\u00e9s\u00e9t.<\/p>\n<p>Ak\u00e1r utaz\u00f3, di\u00e1k vagy szakember, ez az <strong>AI ford\u00edt\u00f3 alapvet\u0151 eszk\u00f6z <\/strong>a nyelvi akad\u00e1lyok lek\u00fczd\u00e9s\u00e9ben \u00e9s a k\u00fcl\u00f6nb\u00f6z\u0151 nyelvek meg\u00e9rt\u00e9s\u00e9nek el\u0151seg\u00edt\u00e9s\u00e9ben.<\/p>\n","protected":false},"excerpt":{"rendered":"<p>T\u00f6rt\u00e9nete, v\u00e1ltozatai \u00e9s hat\u00e1sok A germ\u00e1n nyelvek egy soksz\u00edn\u0171 \u00e9s \u00f6sszetett nyelvcsal\u00e1d, amely jelent\u0151s szerepet j\u00e1tszott Eur\u00f3pa \u00e9s azon t\u00fal a nyelvi t\u00e1j kialak\u00edt\u00e1s\u00e1ban. Az \u0151si protogerm\u00e1n nyelvt\u0151l a modern angol, n\u00e9met \u00e9s holland nyelvekig a germ\u00e1n nyelvek gazdag t\u00f6rt\u00e9nelemmel \u00e9s kultur\u00e1lis jelent\u0151s\u00e9ggel b\u00edrnak, amelyek a mai napig hat\u00e1ssal vannak a vil\u00e1gra. Ebben az alapvet\u0151 [&hellip;]<\/p>\n","protected":false},"author":9,"featured_media":2320,"comment_status":"closed","ping_status":"closed","sticky":false,"template":"","format":"standard","meta":{"_et_pb_use_builder":"","_et_pb_old_content":"","_et_gb_content_width":"","_FSMCFIC_featured_image_caption":"","_FSMCFIC_featured_image_nocaption":"","_FSMCFIC_featured_image_hide":"","footnotes":""},"categories":[22],"tags":[29],"class_list":["post-2325","post","type-post","status-publish","format-standard","has-post-thumbnail","hentry","category-nyelvek","tag-r-faber"],"_links":{"self":[{"href":"https:\/\/vasco-electronics.hu\/cikkek\/wp-json\/wp\/v2\/posts\/2325","targetHints":{"allow":["GET"]}}],"collection":[{"href":"https:\/\/vasco-electronics.hu\/cikkek\/wp-json\/wp\/v2\/posts"}],"about":[{"href":"https:\/\/vasco-electronics.hu\/cikkek\/wp-json\/wp\/v2\/types\/post"}],"author":[{"embeddable":true,"href":"https:\/\/vasco-electronics.hu\/cikkek\/wp-json\/wp\/v2\/users\/9"}],"replies":[{"embeddable":true,"href":"https:\/\/vasco-electronics.hu\/cikkek\/wp-json\/wp\/v2\/comments?post=2325"}],"version-history":[{"count":2,"href":"https:\/\/vasco-electronics.hu\/cikkek\/wp-json\/wp\/v2\/posts\/2325\/revisions"}],"predecessor-version":[{"id":2500,"href":"https:\/\/vasco-electronics.hu\/cikkek\/wp-json\/wp\/v2\/posts\/2325\/revisions\/2500"}],"wp:featuredmedia":[{"embeddable":true,"href":"https:\/\/vasco-electronics.hu\/cikkek\/wp-json\/wp\/v2\/media\/2320"}],"wp:attachment":[{"href":"https:\/\/vasco-electronics.hu\/cikkek\/wp-json\/wp\/v2\/media?parent=2325"}],"wp:term":[{"taxonomy":"category","embeddable":true,"href":"https:\/\/vasco-electronics.hu\/cikkek\/wp-json\/wp\/v2\/categories?post=2325"},{"taxonomy":"post_tag","embeddable":true,"href":"https:\/\/vasco-electronics.hu\/cikkek\/wp-json\/wp\/v2\/tags?post=2325"}],"curies":[{"name":"wp","href":"https:\/\/api.w.org\/{rel}","templated":true}]}}