{"id":2534,"date":"2025-07-08T15:14:45","date_gmt":"2025-07-08T13:14:45","guid":{"rendered":"https:\/\/vasco-electronics.hu\/cikkek\/?p=2534"},"modified":"2025-07-14T15:17:32","modified_gmt":"2025-07-14T13:17:32","slug":"bali-utazas-tippek","status":"publish","type":"post","link":"https:\/\/vasco-electronics.hu\/cikkek\/utazas\/bali-utazas-tippek\/","title":{"rendered":"Mikor \u00e9rdemes Balira utazni? \u00datmutat\u00f3 a t\u00f6k\u00e9letes utaz\u00e1s megtervez\u00e9s\u00e9hez"},"content":{"rendered":"<p>Val\u00f3sz\u00edn\u0171leg m\u00e1r elk\u00e9pzelte az \u00e1lmaiban: p\u00e1lmaf\u00e1k, t\u00fcrkizk\u00e9k v\u00edz, k\u00f6dbe burkol\u00f3z\u00f3 \u0151si templomok \u00e9s az a t\u00f6k\u00e9letes smoothie t\u00e1l reggelire. Igen, Bali egy ilyen hely \u2013 gy\u00f6ny\u00f6r\u0171, kaotikus, spiritu\u00e1lis \u00e9s f\u00fcgg\u0151s\u00e9get okoz\u00f3.<\/p><div id=\"ez-toc-container\" class=\"ez-toc-v2_0_82_2 counter-hierarchy ez-toc-counter ez-toc-grey ez-toc-container-direction\">\n<p class=\"ez-toc-title\" style=\"cursor:inherit\">Tartalomjegyz\u00e9k:<\/p>\n<label for=\"ez-toc-cssicon-toggle-item-69f228419ca39\" class=\"ez-toc-cssicon-toggle-label\"><span class=\"ez-toc-cssicon\"><span class=\"eztoc-hide\" style=\"display:none;\">Toggle<\/span><span class=\"ez-toc-icon-toggle-span\"><svg style=\"fill: #999;color:#999\" xmlns=\"http:\/\/www.w3.org\/2000\/svg\" class=\"list-377408\" width=\"20px\" height=\"20px\" viewBox=\"0 0 24 24\" fill=\"none\"><path d=\"M6 6H4v2h2V6zm14 0H8v2h12V6zM4 11h2v2H4v-2zm16 0H8v2h12v-2zM4 16h2v2H4v-2zm16 0H8v2h12v-2z\" fill=\"currentColor\"><\/path><\/svg><svg style=\"fill: #999;color:#999\" class=\"arrow-unsorted-368013\" xmlns=\"http:\/\/www.w3.org\/2000\/svg\" width=\"10px\" height=\"10px\" viewBox=\"0 0 24 24\" version=\"1.2\" baseProfile=\"tiny\"><path d=\"M18.2 9.3l-6.2-6.3-6.2 6.3c-.2.2-.3.4-.3.7s.1.5.3.7c.2.2.4.3.7.3h11c.3 0 .5-.1.7-.3.2-.2.3-.5.3-.7s-.1-.5-.3-.7zM5.8 14.7l6.2 6.3 6.2-6.3c.2-.2.3-.5.3-.7s-.1-.5-.3-.7c-.2-.2-.4-.3-.7-.3h-11c-.3 0-.5.1-.7.3-.2.2-.3.5-.3.7s.1.5.3.7z\"\/><\/svg><\/span><\/span><\/label><input type=\"checkbox\" style='display:none' id=\"ez-toc-cssicon-toggle-item-69f228419ca39\"  aria-label=\"Toggle\" \/><nav><ul class='ez-toc-list ez-toc-list-level-1 ' ><ul class='ez-toc-list-level-3' ><li class='ez-toc-heading-level-3'><a class=\"ez-toc-link ez-toc-heading-1\" href=\"https:\/\/vasco-electronics.hu\/cikkek\/utazas\/bali-utazas-tippek\/#Gyakran_ismetelt_kerdesek\" >Gyakran ism\u00e9telt k\u00e9rd\u00e9sek<\/a><\/li><\/ul><\/li><li class='ez-toc-page-1 ez-toc-heading-level-2'><a class=\"ez-toc-link ez-toc-heading-2\" href=\"https:\/\/vasco-electronics.hu\/cikkek\/utazas\/bali-utazas-tippek\/#Holgyeim_es_uraim_Isten_hozott_Balin%E2%80%A6\" >H\u00f6lgyeim \u00e9s uraim, Isten hozott Balin\u2026<\/a><\/li><li class='ez-toc-page-1 ez-toc-heading-level-2'><a class=\"ez-toc-link ez-toc-heading-3\" href=\"https:\/\/vasco-electronics.hu\/cikkek\/utazas\/bali-utazas-tippek\/#Bali_Idojarasi_Viszonyai_Eves_Elorejelzes\" >Bali Id\u0151j\u00e1r\u00e1si Viszonyai: \u00c9ves El\u0151rejelz\u00e9s<\/a><ul class='ez-toc-list-level-3' ><li class='ez-toc-heading-level-3'><a class=\"ez-toc-link ez-toc-heading-4\" href=\"https:\/\/vasco-electronics.hu\/cikkek\/utazas\/bali-utazas-tippek\/#Szaraz_evszak_aprilis_%E2%80%93_oktober\" >Sz\u00e1raz \u00e9vszak (\u00e1prilis \u2013 okt\u00f3ber)<\/a><\/li><li class='ez-toc-page-1 ez-toc-heading-level-3'><a class=\"ez-toc-link ez-toc-heading-5\" href=\"https:\/\/vasco-electronics.hu\/cikkek\/utazas\/bali-utazas-tippek\/#Esos_evszak_november_%E2%80%93_marcius\" >Es\u0151s \u00e9vszak (november \u2013 m\u00e1rcius)<\/a><\/li><li class='ez-toc-page-1 ez-toc-heading-level-3'><a class=\"ez-toc-link ez-toc-heading-6\" href=\"https:\/\/vasco-electronics.hu\/cikkek\/utazas\/bali-utazas-tippek\/#Koztes_szezon_aprilis_%E2%80%93_junius_es_szeptember_%E2%80%93_oktober\" >K\u00f6ztes szezon (\u00e1prilis \u2013 j\u00fanius \u00e9s szeptember \u2013 okt\u00f3ber)<\/a><\/li><\/ul><\/li><li class='ez-toc-page-1 ez-toc-heading-level-2'><a class=\"ez-toc-link ez-toc-heading-7\" href=\"https:\/\/vasco-electronics.hu\/cikkek\/utazas\/bali-utazas-tippek\/#Az_ev_legjobb_idoszaka_Balin_Havi_utmutato\" >Az \u00e9v legjobb id\u0151szaka Balin: Havi \u00fatmutat\u00f3<\/a><\/li><li class='ez-toc-page-1 ez-toc-heading-level-2'><a class=\"ez-toc-link ez-toc-heading-8\" href=\"https:\/\/vasco-electronics.hu\/cikkek\/utazas\/bali-utazas-tippek\/#Talalja_meg_a_tokeletes_idoszakot_Bali_utazasi_stilus_szerint\" >Tal\u00e1lja meg a t\u00f6k\u00e9letes id\u0151szakot: Bali utaz\u00e1si st\u00edlus szerint<\/a><ul class='ez-toc-list-level-3' ><li class='ez-toc-heading-level-3'><a class=\"ez-toc-link ez-toc-heading-9\" href=\"https:\/\/vasco-electronics.hu\/cikkek\/utazas\/bali-utazas-tippek\/#Napimadoknak\" >Napim\u00e1d\u00f3knak<\/a><\/li><li class='ez-toc-page-1 ez-toc-heading-level-3'><a class=\"ez-toc-link ez-toc-heading-10\" href=\"https:\/\/vasco-electronics.hu\/cikkek\/utazas\/bali-utazas-tippek\/#A_Kalandoroknak\" >A Kalandoroknak<\/a><\/li><li class='ez-toc-page-1 ez-toc-heading-level-3'><a class=\"ez-toc-link ez-toc-heading-11\" href=\"https:\/\/vasco-electronics.hu\/cikkek\/utazas\/bali-utazas-tippek\/#A_kultura_rajongoinak\" >A kult\u00fara rajong\u00f3inak<\/a><\/li><li class='ez-toc-page-1 ez-toc-heading-level-3'><a class=\"ez-toc-link ez-toc-heading-12\" href=\"https:\/\/vasco-electronics.hu\/cikkek\/utazas\/bali-utazas-tippek\/#Wellness_guruknak\" >Wellness guruknak<\/a><\/li><li class='ez-toc-page-1 ez-toc-heading-level-3'><a class=\"ez-toc-link ez-toc-heading-13\" href=\"https:\/\/vasco-electronics.hu\/cikkek\/utazas\/bali-utazas-tippek\/#Koltsegkimelo_utazoknak\" >K\u00f6lts\u00e9gk\u00edm\u00e9l\u0151 utaz\u00f3knak<\/a><\/li><li class='ez-toc-page-1 ez-toc-heading-level-3'><a class=\"ez-toc-link ez-toc-heading-14\" href=\"https:\/\/vasco-electronics.hu\/cikkek\/utazas\/bali-utazas-tippek\/#A_technologia-tudatos_kalandoroknak\" >A technol\u00f3gia-tudatos kalandoroknak<\/a><\/li><li class='ez-toc-page-1 ez-toc-heading-level-3'><a class=\"ez-toc-link ez-toc-heading-15\" href=\"https:\/\/vasco-electronics.hu\/cikkek\/utazas\/bali-utazas-tippek\/#Osszefoglalo_gondolatok_Mikor_erdemes_Balira_utazni\" >\u00d6sszefoglal\u00f3 gondolatok: Mikor \u00e9rdemes Balira utazni?<\/a><\/li><\/ul><\/li><\/ul><\/nav><\/div>\n\n<p>De amikor k\u00e9szen \u00e1ll lefoglalni az utaz\u00e1st, j\u00f6nnek a k\u00e9rd\u00e9sek: <strong>Mikor utazzunk Balira?<\/strong> Milyen az id\u0151j\u00e1r\u00e1s? H\u00e1ny \u00f3r\u00e1t esik vagy \u00e9pp s\u00fct a nap? H\u00e1ny fok v\u00e1rhat\u00f3? Ker\u00fcljem az es\u0151s \u00e9vszakot? Mi van, ha j\u00faliusban t\u00fal nagy a t\u00f6meg? K\u00f6nny\u0171 mindent t\u00falgondolni \u00e9s agg\u00f3dni, nehogy lemaradjon arr\u00f3l a Balir\u00f3l, amit elk\u00e9pzelt. Sok program v\u00e1rja, tervezze meg alaposan az ott t\u00f6lt\u00f6tt id\u0151t.<\/p>\n<p>De itt van, amit a legt\u00f6bb \u00fatik\u00f6nyv nem fog elmondani: nincs egyetlen legjobb id\u0151pont <strong>Bali utaz\u00e1s<\/strong> sz\u00e1m\u00e1ra. <strong>A t\u00f6k\u00e9letes id\u0151z\u00edt\u00e9s teljes m\u00e9rt\u00e9kben att\u00f3l f\u00fcgg, milyen \u00e9lm\u00e9nyt keres, mit szeretne csin\u00e1lni. <\/strong>Legyen naps\u00fct\u00e9ses id\u0151 a szabadt\u00e9ri tev\u00e9kenys\u00e9gek alatt vagy a kir\u00e1ndul\u00e1sok alkalm\u00e1val? Mivel igencsak v\u00e1ltozatos a sziget id\u0151j\u00e1r\u00e1sa \u00e9s nem mindegy mikor \u00e9rdemes utazni. December vagy augusztus az ide\u00e1lis? N\u00e9zz\u00fcnk ut\u00e1na!<\/p>\n<p>Ez az \u00fatmutat\u00f3 seg\u00edt felfedezni, hogy \u00d6n milyen t\u00edpus\u00fa Bali-utaz\u00f3 \u2013 \u00e9s pontosan megmutatja, mikor \u00e9rdemes menni, hogy a legt\u00f6bbet hozza ki \u00e1lmai utaz\u00e1s\u00e1b\u00f3l.<\/p>\n<div class=\"faq-section\">\n<h3><span class=\"ez-toc-section\" id=\"Gyakran_ismetelt_kerdesek\"><\/span>Gyakran ism\u00e9telt k\u00e9rd\u00e9sek<span class=\"ez-toc-section-end\"><\/span><\/h3>\n<h4 class=\"question1\">Melyik a legjobb h\u00f3nap egy Bali utaz\u00e1shoz?<\/h4>\n<div class=\"answer1\">Ha naps\u00fct\u00f6tte eget \u00e9s t\u00f6k\u00e9letes tengerparti id\u0151t keres, m\u00e1just\u00f3l szeptemberig a legjobb id\u0151szak egy utaz\u00e1s Balira. Ha kevesebb t\u00f6megre \u00e9s megfizethet\u0151bb \u00e1rakra v\u00e1gyik, fontolja meg a novembert\u0151l m\u00e1rciusig tart\u00f3 holtszezont.<\/div>\n<h4 class=\"question2\">Melyik a legjobb \u00e9s a legrosszabb h\u00f3nap Balin?<\/h4>\n<div class=\"answer2\"><strong>Legjobb:<\/strong> Sok utaz\u00f3 m\u00e1just tartja a legjobb h\u00f3napnak az ide\u00e1lis id\u0151j\u00e1r\u00e1s, a friss es\u0151s \u00e9vszak ut\u00e1ni buja z\u00f6ld t\u00e1jak \u00e9s a m\u00e9rs\u00e9kelt turistaforgalom miatt.<br \/>\n<strong>Legrosszabb:<\/strong> Janu\u00e1rt gyakran tartj\u00e1k a legrosszabb id\u0151szaknak a heves es\u0151z\u00e9sek, a h\u00e1borg\u00f3 tenger \u00e9s a lehets\u00e9ges tr\u00f3pusi ciklonok miatt.<\/div>\n<h4 class=\"question3\">Mikor van az es\u0151s \u00e9vszak Balin?<\/h4>\n<div class=\"answer3\">Bali es\u0151s \u00e9vszaka novembert\u0151l m\u00e1rciusig tart, a leghevesebb es\u0151z\u00e9sek jellemz\u0151en decemberben \u00e9s janu\u00e1rban fordulnak el\u0151.<\/div>\n<h4 class=\"question4\">Mikor a legolcs\u00f3bb Balira utazni?<\/h4>\n<div class=\"answer4\">A legjobb aj\u00e1nlatokat a rep\u00fcl\u0151jegyekre \u00e9s a sz\u00e1ll\u00e1sokra az es\u0151s \u00e9vszakban tal\u00e1lja, k\u00fcl\u00f6n\u00f6sen janu\u00e1r k\u00f6zepe \u00e9s m\u00e1rcius eleje k\u00f6z\u00f6tt. Ez Bali holtszezonja, \u00edgy az \u00e1rak cs\u00f6kkennek \u00e9s a t\u00f6meg ritkul.<\/div>\n<h4 class=\"question5\">Melyik a leghidegebb h\u00f3nap Balin?<\/h4>\n<div class=\"answer5\">Balin val\u00f3j\u00e1ban soha nincs hideg, de a leghidegebb h\u00f3nap jellemz\u0151en a j\u00falius, amikor az \u00e1tlagh\u0151m\u00e9rs\u00e9klet 23\u00b0C \u00e9s 28\u00b0C k\u00f6z\u00f6tt mozog. Statisztikailag j\u00faliusban a legalacsonyabb a h\u0151m\u00e9rs\u00e9klet, k\u00fcl\u00f6n\u00f6sen \u00e9jszaka \u00e9s a hegyekben. Janu\u00e1r n\u00e9ha h\u0171v\u00f6sebb lehet az es\u0151 \u00e9s a felh\u0151takar\u00f3 miatt, de a p\u00e1ratartalom miatt a h\u0151\u00e9rzet \u00e1ltal\u00e1ban magasabb.<\/div>\n<h4 class=\"question6\">Sz\u00fcks\u00e9ges v\u00edzum Balira?<\/h4>\n<div class=\"answer6\">A legt\u00f6bb utaz\u00f3 legfeljebb 30 napig v\u00edzummentesen l\u00e9phet be Balira. Ha hosszabb tart\u00f3zkod\u00e1st tervez vagy m\u00e1s okb\u00f3l l\u00e1togat el, meg kell ig\u00e9nyelnie a megfelel\u0151 v\u00edzumot. Indul\u00e1s el\u0151tt mindig ellen\u0151rizze a legfrissebb szab\u00e1lyoz\u00e1st a hivatalos forr\u00e1sokon.<\/div>\n<h4 class=\"question7\">Sz\u00fcks\u00e9gesek olt\u00e1sok Balira?<\/h4>\n<div class=\"answer7\">B\u00e1r nincsenek k\u00f6telez\u0151 olt\u00e1sok Balira, er\u0151sen aj\u00e1nlott \u00e1ttekinteni az olt\u00e1sait 8\u201310 h\u00e9ttel az <a href=\"https:\/\/vasco-electronics.hu\/cikkek\/utazas\/\">utaz\u00e1s<\/a> el\u0151tt. A rutinolt\u00e1soknak, mint a kanyar\u00f3, mumpsz, rubeola, tetanusz \u00e9s dift\u00e9ria, naprak\u00e9sznek kell lenni\u00fck. Tov\u00e1bbi olt\u00e1sok is aj\u00e1nlottak lehetnek a tev\u00e9kenys\u00e9gekt\u0151l \u00e9s az \u00fati c\u00e9ljait\u00f3l f\u00fcgg\u0151en.<\/div>\n<\/div>\n<h2><span class=\"ez-toc-section\" id=\"Holgyeim_es_uraim_Isten_hozott_Balin%E2%80%A6\"><\/span><strong>H\u00f6lgyeim \u00e9s uraim, Isten hozott Balin\u2026<\/strong><span class=\"ez-toc-section-end\"><\/span><\/h2>\n<p>Miel\u0151tt hallan\u00e1 a kapit\u00e1nyt ezeket a szavakat kimondani, sz\u00e1njunk egy percet arra, hogy meg\u00e9rts\u00fck, mi teszi Balit olyan k\u00fcl\u00f6nlegess\u00e9, \u00e9s hogyan befoly\u00e1solja a f\u00f6ldrajza az \u00e9lm\u00e9nyt.<\/p>\n<p>Indon\u00e9zi\u00e1ban tal\u00e1lhat\u00f3 Bali egy kicsi, de hihetetlen\u00fcl v\u00e1ltozatos sziget, amely minden ir\u00e1nyban m\u00e1st k\u00edn\u00e1l. Kompakt m\u00e9rete azt jelenti, hogy napfelkelt\u00e9t n\u00e9zhet a hegyekben, \u00e9s napnyugtakor m\u00e1r a tengerparton lehet. Azonban az, hogy hov\u00e1 megy, nagyban meghat\u00e1rozhatja az utaz\u00e1st.<\/p>\n<ul>\n<li><strong>A d\u00e9li part:<\/strong> Ez Bali \u00e9l\u00e9nk l\u00e9gk\u00f6r\u00e9nek sz\u00edve. Az olyan tengerparti v\u00e1rosok, mint Seminyak \u00e9s Canggu, h\u00edresek a pezsg\u0151 k\u00e1v\u00e9z\u00f3kult\u00far\u00e1jukr\u00f3l, sz\u00f6rfhelyeikr\u0151l, tengerparti klubjaikr\u00f3l \u00e9s a v\u00edzi sportok sz\u00e9les v\u00e1laszt\u00e9k\u00e1r\u00f3l. Itt tal\u00e1lja a legt\u00f6bb akci\u00f3t.<\/li>\n<\/ul>\n<p><img decoding=\"async\" src=\"https:\/\/vasco-electronics.hu\/cikkek\/wp-content\/uploads\/2025\/07\/c70bec79-60cf-4149-bd6a-43c3a0c7e206.jpeg\" alt=\"Egy p\u00e1r egy gy\u00f6ny\u00f6r\u0171 narancss\u00e1rga naplement\u00e9t n\u00e9z Bali egyik tengerpartj\u00e1n, k\u00f6r\u00fcl\u00f6tt\u00fck m\u00e1s emberek sziluettjei.\" \/><\/p>\n<ul>\n<li><strong>K\u00f6z\u00e9p-Bali:<\/strong> Ez a ter\u00fclet, k\u00fcl\u00f6n\u00f6sen Ubud k\u00f6rny\u00e9ke, a term\u00e9szetbar\u00e1tok \u00e9s a spiritu\u00e1lis \u00fatkeres\u0151k mened\u00e9ke. Itt buja dzsungeleket, teraszos rizsf\u00f6ldeket, valamint a j\u00f3g\u00e1ra, a hagyom\u00e1nyos fafarag\u00e1sra \u00e9s a lassabb \u00e9letritmusra helyezett nagy hangs\u00falyt tal\u00e1l. T\u00f6k\u00e9letes hely a pihen\u00e9sre \u00e9s az \u00f6nvizsg\u00e1latra v\u00e1gy\u00f3knak.<\/li>\n<\/ul>\n<p><img decoding=\"async\" src=\"https:\/\/vasco-electronics.hu\/cikkek\/wp-content\/uploads\/2025\/07\/ceb26a07-6c37-42e2-b7a1-b47274d6df11.jpeg\" alt=\"Leny\u0171g\u00f6z\u0151 kil\u00e1t\u00e1s ny\u00edlik a p\u00e1lmaf\u00e1kkal k\u00f6r\u00fclvett, vibr\u00e1l\u00f3 z\u00f6ld Tegallalang rizsteraszokra Balin.\" \/><\/p>\n<ul>\n<li><strong>A keleti \u00e9s \u00e9szaki r\u00e9sz:<\/strong> Ezek a r\u00e9gi\u00f3k csendesebbek \u00e9s hagyom\u00e1nyosabbak, autentikusabb \u00e9s b\u00e9k\u00e9sebb \u00e9lm\u00e9nyt k\u00edn\u00e1lnak. Ide\u00e1lisak b\u00fav\u00e1rkod\u00e1shoz \u00e9s sznorkelez\u00e9shez, emellett mened\u00e9ket is ny\u00fajtanak a forgalmasabb turisztikai ter\u00fcletekr\u0151l. T\u00f6k\u00e9letes azok sz\u00e1m\u00e1ra, akik b\u00e9k\u00e9t \u00e9s term\u00e9szeti sz\u00e9ps\u00e9get keresnek.<\/li>\n<\/ul>\n<p><img decoding=\"async\" src=\"https:\/\/vasco-electronics.hu\/cikkek\/wp-content\/uploads\/2025\/07\/3bc73387-0b54-4669-ba63-670c17d0fba9.jpeg\" alt=\"Sz\u00ednes tr\u00f3pusi halak, k\u00f6zt\u00fck egy k\u00e9k tanghal \u00e9s egy m\u00f3r b\u00e1lv\u00e1ny, \u00faszk\u00e1lnak a tiszta \u00f3ce\u00e1nv\u00edzben egy korallz\u00e1tony felett.\" \/><\/p>\n<ul>\n<li><strong>A nyugati part:<\/strong> A h\u00e9tk\u00f6znapi turist\u00e1k \u00e1ltal gyakran figyelmen k\u00edv\u00fcl hagyott Nyugati Part vadreg\u00e9nyesebb \u00e9s \u00e9rintetlenebb. \u00c9rintetlen t\u00e1jaival \u00e9s eldugott sz\u00f6rfhelyeivel ez a r\u00e9gi\u00f3 fantasztikus v\u00e1laszt\u00e1s azok sz\u00e1m\u00e1ra, akik Bali nyers sz\u00e9ps\u00e9g\u00e9t szeretn\u00e9k felfedezni.<\/li>\n<\/ul>\n<p><img decoding=\"async\" src=\"https:\/\/vasco-electronics.hu\/cikkek\/wp-content\/uploads\/2025\/07\/595083a4-189b-4b41-9272-4f9c3cea52cf.jpeg\" alt=\"Egy helyi balin\u00e9z farmer k\u00e9t \u00f6k\u00f6rrel dolgozik egy rizsf\u00f6ld\u00f6n, bemutatva a hagyom\u00e1nyos gazd\u00e1lkod\u00e1si m\u00f3dszereket.\" \/><\/p>\n<p>Ez a tengerpart, dzsungel \u00e9s kult\u00fara kever\u00e9ke \u2013 mind egy szigeten \u2013 vonzza az embereket. \u00c9s mivel Bali k\u00fcl\u00f6nb\u00f6z\u0151 r\u00e9szei az \u00e9v k\u00fcl\u00f6nb\u00f6z\u0151 id\u0151szakaiban ragyognak, egy nagy k\u00e9rd\u00e9s marad: <strong>mikor \u00e9rdemes Balira utazni?<\/strong><\/p>\n<h2><span class=\"ez-toc-section\" id=\"Bali_Idojarasi_Viszonyai_Eves_Elorejelzes\"><\/span><strong>Bali Id\u0151j\u00e1r\u00e1si Viszonyai: \u00c9ves El\u0151rejelz\u00e9s<\/strong><span class=\"ez-toc-section-end\"><\/span><\/h2>\n<p>A sziget tr\u00f3pusi \u00e9ghajlata k\u00e9t k\u00fcl\u00f6n\u00e1ll\u00f3 \u00e9vszak k\u00f6r\u00fcl forog, k\u00f6ztes id\u0151szakokkal.<\/p>\n<h3><span class=\"ez-toc-section\" id=\"Szaraz_evszak_aprilis_%E2%80%93_oktober\"><\/span>Sz\u00e1raz \u00e9vszak (\u00e1prilis \u2013 okt\u00f3ber)<span class=\"ez-toc-section-end\"><\/span><\/h3>\n<p>A legn\u00e9pszer\u0171bb id\u0151szak, \u00e9s a legjobb id\u0151pont a Bali utaz\u00e1s szempontj\u00e1b\u00f3l a j\u00f3 id\u0151j\u00e1r\u00e1s miatt, tiszta \u00e9ggel, minim\u00e1lis csapad\u00e9kkal \u00e9s t\u00f6k\u00e9letes id\u0151j\u00e1r\u00e1si viszonyokkal a szabadt\u00e9ri tev\u00e9kenys\u00e9gekhez, mint a strandol\u00e1s vagy a robog\u00f3z\u00e1s. Ez egyben a f\u0151szezon is, ami nagyobb t\u00f6meget \u00e9s magasabb \u00e1rakat jelent.<\/p>\n<h3><span class=\"ez-toc-section\" id=\"Esos_evszak_november_%E2%80%93_marcius\"><\/span>Es\u0151s \u00e9vszak (november \u2013 m\u00e1rcius)<span class=\"ez-toc-section-end\"><\/span><\/h3>\n<p>Ne hagyja, hogy a n\u00e9v elijessze. Az es\u0151z\u00e9sek gyakran r\u00f6vid, heves z\u00e1porok form\u00e1j\u00e1ban \u00e9rkeznek, nem pedig eg\u00e9sz napos es\u0151z\u00e9sek, \u00edgy b\u0151ven marad id\u0151 a felfedez\u00e9sre. Buj\u00e1n z\u00f6ldell\u0151 t\u00e1jat, kevesebb t\u00f6meget \u00e9s alacsonyabb sz\u00e1llodai \u00e1rakat, nagyobb sz\u00e1ll\u00e1s k\u00edn\u00e1latot tal\u00e1l.<\/p>\n<h3><span class=\"ez-toc-section\" id=\"Koztes_szezon_aprilis_%E2%80%93_junius_es_szeptember_%E2%80%93_oktober\"><\/span>K\u00f6ztes szezon (\u00e1prilis \u2013 j\u00fanius \u00e9s szeptember \u2013 okt\u00f3ber)<span class=\"ez-toc-section-end\"><\/span><\/h3>\n<p>Sok utaz\u00f3 sz\u00e1m\u00e1ra fontos az arany k\u00f6z\u00e9p\u00fat, amely k\u00f6zvetlen\u00fcl a f\u0151szezon el\u0151tt vagy ut\u00e1n van. Mit jelent? Megfelel\u0151 id\u0151j\u00e1r\u00e1si viszonyokat, ritk\u00e1n v\u00e1rhat\u00f3 csapad\u00e9k, alkalmi es\u0151z\u00e9sekkel, kevesebb embert jelent, mint a f\u0151szezonban, \u00e9s m\u00e9rs\u00e9kelt sz\u00e1llodai \u00e1rakat. A Bali id\u0151j\u00e1r\u00e1s okt\u00f3ber h\u00f3napban p\u00e9ld\u00e1ul m\u00e9g mindig meleg, alkalmi es\u0151kkel, ami ide\u00e1lis a wellness elvonul\u00e1sokhoz.<\/p>\n<h2><span class=\"ez-toc-section\" id=\"Az_ev_legjobb_idoszaka_Balin_Havi_utmutato\"><\/span><strong>Az \u00e9v legjobb id\u0151szaka Balin: Havi \u00fatmutat\u00f3<\/strong><span class=\"ez-toc-section-end\"><\/span><\/h2>\n<p><strong>Bali utaz\u00e1s mikor \u00e9rdemes?<\/strong> Ez a havi t\u00e1bl\u00e1zat r\u00e9szletezi a legjobb id\u0151pontokat a j\u00f3 id\u0151j\u00e1r\u00e1s szempontj\u00e1b\u00f3l. Betekint\u00e9st ny\u00fajt abba is, hogy mikor a legolcs\u00f3bb Balira utazni \u2013 t\u00f6k\u00e9letes, ha a k\u00f6zeli szigetek megl\u00e1togat\u00e1s\u00e1t vagy t\u00f6bb utaz\u00e1st tervez a r\u00e9gi\u00f3ban.<\/p>\n<table style=\"min-width: 175px;\">\n<colgroup>\n<col style=\"min-width: 25px;\" \/>\n<col style=\"min-width: 25px;\" \/>\n<col style=\"min-width: 25px;\" \/>\n<col style=\"min-width: 25px;\" \/>\n<col style=\"min-width: 25px;\" \/>\n<col style=\"min-width: 25px;\" \/>\n<col style=\"min-width: 25px;\" \/><\/colgroup>\n<tbody>\n<tr>\n<td style=\"text-align: center;\" colspan=\"1\" rowspan=\"1\"><strong>H\u00f3nap<\/strong><\/td>\n<td style=\"text-align: center;\" colspan=\"1\" rowspan=\"1\"><strong>\u00c1tl. Max. H\u0151m.<\/strong><\/td>\n<td style=\"text-align: center;\" colspan=\"1\" rowspan=\"1\"><strong>\u00c1tl. Min. H\u0151m.<\/strong><\/td>\n<td style=\"text-align: center;\" colspan=\"1\" rowspan=\"1\"><strong>Es\u0151s Napok<\/strong><\/td>\n<td style=\"text-align: center;\" colspan=\"1\" rowspan=\"1\"><strong>T\u00f6meg<\/strong><\/td>\n<td style=\"text-align: center;\" colspan=\"1\" rowspan=\"1\"><strong>\u00c1rak<\/strong><\/td>\n<td style=\"text-align: center;\" colspan=\"1\" rowspan=\"1\"><strong>Utaz\u00e1si Jegyzetek<\/strong><\/td>\n<\/tr>\n<tr>\n<td colspan=\"1\" rowspan=\"1\"><strong>Bali janu\u00e1rban<\/strong><\/td>\n<td colspan=\"1\" rowspan=\"1\">28\u00b0C<\/td>\n<td colspan=\"1\" rowspan=\"1\">23\u00b0C<\/td>\n<td colspan=\"1\" rowspan=\"1\">8 nap<\/td>\n<td colspan=\"1\" rowspan=\"1\">Alacsony<\/td>\n<td colspan=\"1\" rowspan=\"1\">Alacsonyak<\/td>\n<td colspan=\"1\" rowspan=\"1\">Legcsapad\u00e9kosabb h\u00f3nap. Tr\u00f3pusi z\u00e1porokra \u00e9s buja z\u00f6ld t\u00e1jak. Ide\u00e1lis k\u00f6lts\u00e9gk\u00edm\u00e9l\u0151 utaz\u00e1shoz.<\/td>\n<\/tr>\n<tr>\n<td colspan=\"1\" rowspan=\"1\"><strong>Bali febru\u00e1rban<\/strong><\/td>\n<td colspan=\"1\" rowspan=\"1\">28\u00b0C<\/td>\n<td colspan=\"1\" rowspan=\"1\">23\u00b0C<\/td>\n<td colspan=\"1\" rowspan=\"1\">7 nap<\/td>\n<td colspan=\"1\" rowspan=\"1\">Alacsony<\/td>\n<td colspan=\"1\" rowspan=\"1\">Alacsonyak<\/td>\n<td colspan=\"1\" rowspan=\"1\">Az es\u0151 m\u00e9g mindig gyakori, de kevesebb a turista. B\u00e9k\u00e9s \u00e9s nagyszer\u0171 wellness vagy elvonul\u00f3 tart\u00f3zkod\u00e1shoz.<\/td>\n<\/tr>\n<tr>\n<td colspan=\"1\" rowspan=\"1\"><strong>Bali m\u00e1rciusban<\/strong><\/td>\n<td colspan=\"1\" rowspan=\"1\">28\u00b0C<\/td>\n<td colspan=\"1\" rowspan=\"1\">23\u00b0C<\/td>\n<td colspan=\"1\" rowspan=\"1\">3 nap<\/td>\n<td colspan=\"1\" rowspan=\"1\">M\u00e9rs\u00e9kelt<\/td>\n<td colspan=\"1\" rowspan=\"1\">Alacsony &#8211; M\u00e9rs.<\/td>\n<td colspan=\"1\" rowspan=\"1\">Az es\u0151 enyh\u00fcl. Nagyszer\u0171 fesztiv\u00e1lokhoz, mint a Nyepi, \u00e9s a k\u00f6ztes szezon eleji utaz\u00e1sokhoz.<\/td>\n<\/tr>\n<tr>\n<td colspan=\"1\" rowspan=\"1\"><strong>Bali \u00e1prilisban<\/strong><\/td>\n<td colspan=\"1\" rowspan=\"1\">28\u00b0C<\/td>\n<td colspan=\"1\" rowspan=\"1\">23\u00b0C<\/td>\n<td colspan=\"1\" rowspan=\"1\">1 nap<\/td>\n<td colspan=\"1\" rowspan=\"1\">M\u00e9rs\u00e9kelt<\/td>\n<td colspan=\"1\" rowspan=\"1\">M\u00e9rs\u00e9keltek<\/td>\n<td colspan=\"1\" rowspan=\"1\">Kezd\u0151dik a sz\u00e1raz \u00e9vszak. Megfelel\u0151 id\u0151j\u00e1r\u00e1s \u00e9s kezelhet\u0151 t\u00f6meg. J\u00f3ga szezon.<\/td>\n<\/tr>\n<tr>\n<td colspan=\"1\" rowspan=\"1\"><strong>Bali m\u00e1jusban<\/strong><\/td>\n<td colspan=\"1\" rowspan=\"1\">28\u00b0C<\/td>\n<td colspan=\"1\" rowspan=\"1\">23\u00b0C<\/td>\n<td colspan=\"1\" rowspan=\"1\">1 nap<\/td>\n<td colspan=\"1\" rowspan=\"1\">M\u00e9rs\u00e9kelt<\/td>\n<td colspan=\"1\" rowspan=\"1\">M\u00e9rs\u00e9keltek<\/td>\n<td colspan=\"1\" rowspan=\"1\">Egyesek szerint ez a legjobb id\u0151szak Balin. Meleg, napos, kev\u00e9sb\u00e9 zs\u00fafolt, mint a f\u0151szezonban.<\/td>\n<\/tr>\n<tr>\n<td colspan=\"1\" rowspan=\"1\"><strong>Bali j\u00faniusban<\/strong><\/td>\n<td colspan=\"1\" rowspan=\"1\">27\u00b0C<\/td>\n<td colspan=\"1\" rowspan=\"1\">22\u00b0C<\/td>\n<td colspan=\"1\" rowspan=\"1\">1 nap<\/td>\n<td colspan=\"1\" rowspan=\"1\">Magas<\/td>\n<td colspan=\"1\" rowspan=\"1\">Magasak<\/td>\n<td colspan=\"1\" rowspan=\"1\">Nagyszer\u0171 id\u0151j\u00e1r\u00e1s, a f\u0151szezon kezdete. A tengerparti klubok, a sz\u00f6rf \u00e9s a nap a legjobb form\u00e1jukban vannak.<\/td>\n<\/tr>\n<tr>\n<td colspan=\"1\" rowspan=\"1\"><strong>Bali j\u00faliusban<\/strong><\/td>\n<td colspan=\"1\" rowspan=\"1\">26\u00b0C<\/td>\n<td colspan=\"1\" rowspan=\"1\">22\u00b0C<\/td>\n<td colspan=\"1\" rowspan=\"1\">1 nap<\/td>\n<td colspan=\"1\" rowspan=\"1\">Nagyon magas<\/td>\n<td colspan=\"1\" rowspan=\"1\">Magasak<\/td>\n<td colspan=\"1\" rowspan=\"1\">F\u0151szezon. Forr\u00f3 nappalok, h\u0171v\u00f6s est\u00e9k. A sz\u00e1ll\u00e1sok gyorsan elkelnek.<\/td>\n<\/tr>\n<tr>\n<td colspan=\"1\" rowspan=\"1\"><strong>Bali augusztusban<\/strong><\/td>\n<td colspan=\"1\" rowspan=\"1\">26\u00b0C<\/td>\n<td colspan=\"1\" rowspan=\"1\">22\u00b0C<\/td>\n<td colspan=\"1\" rowspan=\"1\">0 nap<\/td>\n<td colspan=\"1\" rowspan=\"1\">Nagyon magas<\/td>\n<td colspan=\"1\" rowspan=\"1\">Magasak<\/td>\n<td colspan=\"1\" rowspan=\"1\">Legzs\u00fafoltabb h\u00f3nap. T\u00f6k\u00e9letes tengerparti \u00e9s kalandos id\u0151j\u00e1r\u00e1s. S\u00e1rk\u00e1nyfesztiv\u00e1l.<\/td>\n<\/tr>\n<tr>\n<td colspan=\"1\" rowspan=\"1\"><strong>Bali szeptemberben<\/strong><\/td>\n<td colspan=\"1\" rowspan=\"1\">27\u00b0C<\/td>\n<td colspan=\"1\" rowspan=\"1\">22\u00b0C<\/td>\n<td colspan=\"1\" rowspan=\"1\">1 nap<\/td>\n<td colspan=\"1\" rowspan=\"1\">M\u00e9rs\u00e9kelt<\/td>\n<td colspan=\"1\" rowspan=\"1\">M\u00e9rs\u00e9keltek<\/td>\n<td colspan=\"1\" rowspan=\"1\">M\u00e9g mindig napos, de kev\u00e9sb\u00e9 zs\u00fafolt. Nagyszer\u0171 p\u00e1roknak vagy egyed\u00fcl utaz\u00f3knak, akik ker\u00fclik a t\u00f6meget.<\/td>\n<\/tr>\n<tr>\n<td colspan=\"1\" rowspan=\"1\"><strong>Bali okt\u00f3berben<\/strong><\/td>\n<td colspan=\"1\" rowspan=\"1\">28\u00b0C<\/td>\n<td colspan=\"1\" rowspan=\"1\">22\u00b0C<\/td>\n<td colspan=\"1\" rowspan=\"1\">1 nap<\/td>\n<td colspan=\"1\" rowspan=\"1\">Alacsony &#8211; M\u00e9rs.<\/td>\n<td colspan=\"1\" rowspan=\"1\">M\u00e9rs\u00e9keltek<\/td>\n<td colspan=\"1\" rowspan=\"1\">K\u00f6ztes szezon. A <strong>Bali id\u0151j\u00e1r\u00e1s okt\u00f3ber<\/strong> h\u00f3napban meleg, alkalmi es\u0151kkel. A wellness elvonul\u00e1soknak kedvez.<\/td>\n<\/tr>\n<tr>\n<td colspan=\"1\" rowspan=\"1\"><strong>Bali novemberben<\/strong><\/td>\n<td colspan=\"1\" rowspan=\"1\">29\u00b0C<\/td>\n<td colspan=\"1\" rowspan=\"1\">23\u00b0C<\/td>\n<td colspan=\"1\" rowspan=\"1\">4 nap<\/td>\n<td colspan=\"1\" rowspan=\"1\">Alacsony<\/td>\n<td colspan=\"1\" rowspan=\"1\">Alacsonyak<\/td>\n<td colspan=\"1\" rowspan=\"1\">Az es\u0151s \u00e9vszak kezdete. Csendes szigeti hangulat. J\u00f3 aj\u00e1nlatok \u00e9s romantikus es\u0151s t\u00e1jak.<\/td>\n<\/tr>\n<tr>\n<td colspan=\"1\" rowspan=\"1\"><strong>Bali decemberben<\/strong><\/td>\n<td colspan=\"1\" rowspan=\"1\">28\u00b0C<\/td>\n<td colspan=\"1\" rowspan=\"1\">23\u00b0C<\/td>\n<td colspan=\"1\" rowspan=\"1\">6 nap<\/td>\n<td colspan=\"1\" rowspan=\"1\">Magas<\/td>\n<td colspan=\"1\" rowspan=\"1\">M\u00e9rs. &#8211; Magasak<\/td>\n<td colspan=\"1\" rowspan=\"1\">A h\u00f3nap eleje nyugodt, a v\u00e9ge forgalmas az \u00fcnnepi kiruccan\u00e1sok miatt. Foglaljon el\u0151re!<\/td>\n<\/tr>\n<\/tbody>\n<\/table>\n<p>A legfontosabb dolog, amit \u00e9szben kell tartani? Bali &#8222;rossz&#8221; id\u0151j\u00e1r\u00e1si viszonyai m\u00e9g mindig el\u00e9g j\u00f3k. M\u00e9g az es\u0151s \u00e9vszakban is meleg h\u0151m\u00e9rs\u00e9kletre \u00e9s sok naps\u00fct\u00e9sre sz\u00e1m\u00edthat az es\u0151z\u00e9sek k\u00f6z\u00f6tt.<\/p>\n<h2><span class=\"ez-toc-section\" id=\"Talalja_meg_a_tokeletes_idoszakot_Bali_utazasi_stilus_szerint\"><\/span><strong>Tal\u00e1lja meg a t\u00f6k\u00e9letes id\u0151szakot: Bali utaz\u00e1si st\u00edlus szerint<\/strong><span class=\"ez-toc-section-end\"><\/span><\/h2>\n<p>Bali utaz\u00e1s mikor \u00e9rdemes elindulni? Most, hogy ismertett\u00fck Bali \u00e9ghajlat\u00e1t, legy\u00fcnk konkr\u00e9tabbak. Minden utaz\u00f3nak m\u00e1sok a priorit\u00e1sai, \u00e9s az, hogy <strong>mikor utazzunk Balira<\/strong>, teljes m\u00e9rt\u00e9kben att\u00f3l f\u00fcgg, mit szeretne megtapasztalni. Itt van, hogyan p\u00e1ros\u00edtsa az utaz\u00e1si st\u00edlust a megfelel\u0151 \u00e9vszakkal.<\/p>\n<h3><span class=\"ez-toc-section\" id=\"Napimadoknak\"><\/span>Napim\u00e1d\u00f3knak<span class=\"ez-toc-section-end\"><\/span><\/h3>\n<p><img decoding=\"async\" src=\"https:\/\/vasco-electronics.hu\/cikkek\/wp-content\/uploads\/2025\/07\/86dd8cf6-83dd-4359-8663-911e0f6d4f5c.jpeg\" alt=\"Turist\u00e1k pihennek napoz\u00f3\u00e1gyakon piros \u00e9s s\u00e1rga naperny\u0151k alatt egy gy\u00f6ny\u00f6r\u0171 homokos, t\u00fcrkizk\u00e9k viz\u0171 strandon.\" \/><\/p>\n<p><strong>Mikor utazzon:<\/strong> \u00c1prilis \u2013 Okt\u00f3ber<\/p>\n<p><strong>Mi\u00e9rt:<\/strong> A sz\u00e1raz \u00e9vszak, amelyet gyakran a legjobb id\u0151szaknak tartanak, eg\u00e9sz napos naps\u00fct\u00e9st, t\u00f6k\u00e9letes tengeri viszonyokat, arany\u00f3r\u00e1s naplement\u00e9ket \u00e9s teljes g\u0151zzel m\u0171k\u00f6d\u0151 tengerparti klubokat jelent.<\/p>\n<p><strong>Profi tipp: <\/strong>\u00c9rkezzen kor\u00e1n a n\u00e9pszer\u0171 strandokra, hogy biztos\u00edtsa a legjobb \u00e1rny\u00e9kos helyeket, de ne felejtse el a naptejet!<\/p>\n<h3><span class=\"ez-toc-section\" id=\"A_Kalandoroknak\"><\/span>A Kalandoroknak<span class=\"ez-toc-section-end\"><\/span><\/h3>\n<p><img decoding=\"async\" src=\"https:\/\/vasco-electronics.hu\/cikkek\/wp-content\/uploads\/2025\/07\/d20fc1bf-6c8e-4d82-8e4e-cd31f7dab1b7.jpeg\" alt=\"Egy fens\u00e9ges v\u00edzes\u00e9s, amely egy b\u00e9k\u00e9s medenc\u00e9be zuhan egy s\u0171r\u0171, z\u00f6ld tr\u00f3pusi dzsungel k\u00f6zep\u00e9n.\" \/><\/p>\n<p><strong>Mikor utazzon: <\/strong>Eg\u00e9sz \u00e9vben<\/p>\n<p><strong>Mi\u00e9rt:<\/strong> A sz\u00e1raz \u00e9vszak t\u00f6k\u00e9letes a vulk\u00e1nt\u00far\u00e1khoz \u00e9s a hegygerinc-s\u00e9t\u00e1khoz. Az es\u0151s \u00e9vszak a v\u00edzes\u00e9seket d\u00fcb\u00f6rg\u0151 \u00f3ri\u00e1sokk\u00e1 v\u00e1ltoztatja, \u00e9s a dzsungelt\u00far\u00e1kat igazi vadonbeli exped\u00edci\u00f3nak \u00e9rezteti.<\/p>\n<p><strong>Profi tipp:<\/strong> Pakoljon be t\u00faracip\u0151t \u00e9s gyorsan sz\u00e1rad\u00f3 ruh\u00e1t, mert sok rejtett v\u00edzes\u00e9s fedezhet\u0151 fel \u00e9s a kitaposott \u00f6sv\u00e9nyek cs\u00faszhatnak a magas p\u00e1r\u00e1ban.<\/p>\n<h3><span class=\"ez-toc-section\" id=\"A_kultura_rajongoinak\"><\/span>A kult\u00fara rajong\u00f3inak<span class=\"ez-toc-section-end\"><\/span><\/h3>\n<p><strong>Mikor utazzon<\/strong>: M\u00e1rcius \u2013 \u00c1prilis, J\u00fanius \u2013 J\u00falius<\/p>\n<p><strong>Mi\u00e9rt:<\/strong> Tervezze az utaz\u00e1st a nagyobb fesztiv\u00e1lok k\u00f6r\u00e9, hogy autentikus szertart\u00e1sokat \u00e9s hagyom\u00e1nyos el\u0151ad\u00e1sokat tapasztaljon meg. \u00cdme n\u00e9h\u00e1ny kulcsfontoss\u00e1g\u00fa esem\u00e9ny, amit feljegyezhet a napt\u00e1rba: Nyepi (balin\u00e9z \u00faj\u00e9v), Bali M\u0171v\u00e9szeti Fesztiv\u00e1l, Nusa Dua F\u00e9nyfesztiv\u00e1l, Bali S\u00e1rk\u00e1nyfesztiv\u00e1l.<\/p>\n<p><strong>Profi tipp:<\/strong> Tanulja meg az alapvet\u0151 etikettet, miel\u0151tt templomba l\u00e1togat, senki sem akar megzavarni egy vall\u00e1si szertart\u00e1st.<\/p>\n<h3><span class=\"ez-toc-section\" id=\"Wellness_guruknak\"><\/span>Wellness guruknak<span class=\"ez-toc-section-end\"><\/span><\/h3>\n<p><img decoding=\"async\" src=\"https:\/\/vasco-electronics.hu\/cikkek\/wp-content\/uploads\/2025\/07\/45283dbf-b3b6-4a5f-9ea0-283777fd2995.jpeg\" alt=\"Egy n\u0151 b\u00e9k\u00e9sen medit\u00e1l l\u00f3tusz\u00fcl\u00e9sben, egy balin\u00e9z erd\u0151 buja n\u00f6v\u00e9nyzet\u00e9vel k\u00f6r\u00fclv\u00e9ve.\" \/><\/p>\n<p><strong>Mikor utazzon:<\/strong> M\u00e1rcius \u2013 \u00c1prilis, vagy Okt\u00f3ber<\/p>\n<p><strong>Mi\u00e9rt:<\/strong> Ezek a csendesebb k\u00f6ztes h\u00f3napok t\u00f6k\u00e9letes egyens\u00falyt k\u00edn\u00e1lnak a j\u00f3 id\u0151j\u00e1r\u00e1s \u00e9s a nyugalom k\u00f6z\u00f6tt a j\u00f3ga elvonul\u00e1sokhoz, medit\u00e1ci\u00f3s foglalkoz\u00e1sokhoz \u00e9s gy\u00f3gy\u00edt\u00f3 kezel\u00e9sekhez, an\u00e9lk\u00fcl, hogy a f\u0151szezon t\u00f6mege megzavarn\u00e1 a zen-t.<\/p>\n<p><strong>Profi tipp:<\/strong> Foglaljon wellness elvonul\u00e1sokat el\u0151re, a legjobb programok gyorsan betelnek!<\/p>\n<h3><span class=\"ez-toc-section\" id=\"Koltsegkimelo_utazoknak\"><\/span>K\u00f6lts\u00e9gk\u00edm\u00e9l\u0151 utaz\u00f3knak<span class=\"ez-toc-section-end\"><\/span><\/h3>\n<p><img decoding=\"async\" src=\"https:\/\/vasco-electronics.hu\/cikkek\/wp-content\/uploads\/2025\/07\/a59da8ec-1241-4ad5-b119-eff81908e9b2.jpeg\" alt=\"Egy h\u00e1tizs\u00e1kos t\u00far\u00e1z\u00f3 egy kil\u00e1t\u00f3pontb\u00f3l \u00e9lvezi Bali partvid\u00e9k\u00e9nek fest\u0151i l\u00e1tv\u00e1ny\u00e1t.\" \/><\/p>\n<p><strong>Mikor utazzon<\/strong>: November \u2013 Febru\u00e1r<\/p>\n<p><strong>Mi\u00e9rt:<\/strong> Az es\u0151s \u00e9vszak a legolcs\u00f3bb id\u0151szak egy utaz\u00e1s Balira, megfizethet\u0151 rep\u00fcl\u0151jegyekkel, alacsonyabb sz\u00e1llodai \u00e1rakkal \u00e9s nagyszer\u0171 aj\u00e1nlatokkal a tev\u00e9kenys\u00e9gekre. Igen, lehet, hogy esni fog, de rengeteg hangulatos k\u00e1v\u00e9z\u00f3 \u00e9s rizsterasz \u00e1ll majd a rendelkez\u00e9sre.<\/p>\n<p><strong>Profi tipp:<\/strong> Ne felejtsen el jelentkezni olyan programokra, mint a f\u0151z\u0151tanfolyamok, a wellness-kezel\u00e9sek \u00e9s a belt\u00e9ri kultur\u00e1lis \u00e9lm\u00e9nyek.<\/p>\n<h3><span class=\"ez-toc-section\" id=\"A_technologia-tudatos_kalandoroknak\"><\/span>A technol\u00f3gia-tudatos kalandoroknak<span class=\"ez-toc-section-end\"><\/span><\/h3>\n<p><strong>Mikor utazzon:<\/strong> Eg\u00e9sz \u00e9vben<\/p>\n<p><strong>Mi\u00e9rt:<\/strong> Egy val\u00f3s idej\u0171 ford\u00edt\u00f3g\u00e9ppel \u00e9s k\u00edv\u00e1ncsi gondolkod\u00e1sm\u00f3ddal minden kit\u00e9r\u0151 \u2013 \u00e9s minden \u00e9vszak \u2013 az utaz\u00e1s r\u00e9sz\u00e9v\u00e9 v\u00e1lik. Az okos kalandor mindig k\u00e9szen \u00e1ll a kapcsolatteremt\u00e9sre, a felfedez\u00e9sre \u00e9s az alkalmazkod\u00e1sra.<\/p>\n<p><strong>Profi tipp: <\/strong>Vigyen mag\u00e1val Vasco ford\u00edt\u00f3t, hogy k\u00f6nnyed\u00e9n leford\u00edthassa a k\u00e9peket \u00e9s feliratokat, kommunik\u00e1lhasson a helyiekkel a besz\u00e9dford\u00edt\u00f3 seg\u00edts\u00e9g\u00e9vel, \u00e9s navig\u00e1lhasson Balin a gyors sz\u00f6vegford\u00edt\u00f3 seg\u00edts\u00e9g\u00e9vel a z\u00f6kken\u0151mentes besz\u00e9lget\u00e9sek \u00e9s navig\u00e1ci\u00f3 \u00e9rdek\u00e9ben.<\/p>\n<p><strong>Hordozhat\u00f3 <\/strong><a href=\"https:\/\/vasco-electronics.hu\/beszedfordito\/vasco-translator-v4\" target=\"_blank\" rel=\"noopener noreferrer\"><strong>ford\u00edt\u00f3g\u00e9p<\/strong><\/a><\/p>\n<p>Mindig hasznos online ford\u00edt\u00f3g\u00e9pet mag\u00e1val vinnie, amikor egy idegen orsz\u00e1got l\u00e1togat meg. A <a href=\"https:\/\/vasco-electronics.hu\/beszedfordito\/vasco-translator-v4\" target=\"_blank\" rel=\"noopener noreferrer\">Vasco Translator V4<\/a> <a href=\"https:\/\/vasco-electronics.hu\/beszedfordito\/vasco-translator-v4\" target=\"_blank\" rel=\"noopener noreferrer\">ford\u00edt\u00f3g\u00e9p<\/a> sz\u00e1mos hasznos funkci\u00f3val rendelkezik: besz\u00e9dford\u00edt\u00e1s, fot\u00f3 ford\u00edt\u00e1s, sz\u00f6vegford\u00edt\u00e1s \u00e9s t\u00f6bbnyelv\u0171 (Multitalk) chat ford\u00edt\u00e1s.<\/p>\n<p>R\u00e1ad\u00e1sul ez az AI ford\u00edt\u00f3 be\u00e9p\u00edtett SIM k\u00e1rty\u00e1val rendelkezik, amely ingyenes \u00e9s \u00f6r\u00f6k\u00f6s \u00e9lettartam\u00fa internet-kapcsol\u00f3d\u00e1st biztos\u00edt k\u00f6zel 200 orsz\u00e1gban.<\/p>\n<p>Ez az online <a href=\"https:\/\/vasco-electronics.hu\/beszedfordito\/vasco-translator-v4\" target=\"_blank\" rel=\"noopener noreferrer\">ford\u00edt\u00f3g\u00e9p<\/a> k\u00e9nyelmet biztos\u00edt az\u00e1ltal, hogy ne kelljen tov\u00e1bbi internet-haszn\u00e1lati d\u00edjakat (roaming) fizetnie k\u00fclf\u00f6ld\u00f6n vagy Wi-Fi hotspotot keresgetni. Egyszer\u0171en csak ford\u00edtson, amikor sz\u00fcks\u00e9g van r\u00e1<strong>.<\/strong><\/p>\n<h3><span class=\"ez-toc-section\" id=\"Osszefoglalo_gondolatok_Mikor_erdemes_Balira_utazni\"><\/span><strong>\u00d6sszefoglal\u00f3 gondolatok: Mikor \u00e9rdemes Balira utazni?<\/strong><span class=\"ez-toc-section-end\"><\/span><\/h3>\n<p>Mostanra val\u00f3sz\u00edn\u0171leg r\u00e1j\u00f6tt, hogy nincs egyetlen v\u00e1lasz a &#8222;<strong>mikor \u00e9rdemes Balira utazni<\/strong>&#8221; k\u00e9rd\u00e9sre. Az igazs\u00e1g az, hogy minden \u00e9vszaknak van valami k\u00fcl\u00f6nleges aj\u00e1nlata, ak\u00e1r naps\u00fct\u00f6tte tengerparti napokra, b\u00e9k\u00e9s dzsungel-kiruccan\u00e1sokra vagy pezsg\u0151 kultur\u00e1lis \u00e9lm\u00e9nyekre v\u00e1gyik. Teh\u00e1t, melyik a legjobb h\u00f3nap egy <strong>Bali utaz\u00e1s<\/strong> sz\u00e1m\u00e1ra? <strong>Ez v\u00e9gs\u0151 soron az utaz\u00e1si st\u00edlust\u00f3l \u00e9s egy\u00e9ni preferenci\u00e1t\u00f3l f\u00fcgg.<\/strong><\/p>\n<p>Ha a t\u00f6k\u00e9letes tengerparti id\u0151j\u00e1r\u00e1st \u00e9s a tiszta eget szeretne, a <strong>m\u00e1just\u00f3l szeptemberig tart\u00f3 sz\u00e1raz \u00e9vszak<\/strong> az ide\u00e1lis id\u0151ablak. Azok sz\u00e1m\u00e1ra, akik kevesebb t\u00f6meget \u00e9s egy k\u00f6lts\u00e9gk\u00edm\u00e9l\u0151bb <a href=\"https:\/\/vasco-electronics.hu\/cikkek\/utazas\/\">utaz\u00e1st<\/a> keresnek, Bali <strong>novembert\u0151l m\u00e1rciusig tart\u00f3 es\u0151s \u00e9vszaka <\/strong>nyugodt \u00e9lm\u00e9nyt k\u00edn\u00e1l. \u00c9s a megfelel\u0151 felk\u00e9sz\u00fcl\u00e9ssel, mint p\u00e9ld\u00e1ul egy-k\u00e9t praktikus eszk\u00f6zzel (p\u00e9ld\u00e1ul a Vasco ford\u00edt\u00f3 f\u00fclhallgat\u00f3 vagy a Vasco ford\u00edt\u00f3g\u00e9p), a Bali kaland \u00e9ppolyan var\u00e1zslatos lehet, mint amilyennek elk\u00e9pzelte.<\/p>\n","protected":false},"excerpt":{"rendered":"<p>Val\u00f3sz\u00edn\u0171leg m\u00e1r elk\u00e9pzelte az \u00e1lmaiban: p\u00e1lmaf\u00e1k, t\u00fcrkizk\u00e9k v\u00edz, k\u00f6dbe burkol\u00f3z\u00f3 \u0151si templomok \u00e9s az a t\u00f6k\u00e9letes smoothie t\u00e1l reggelire. Igen, Bali egy ilyen hely \u2013 gy\u00f6ny\u00f6r\u0171, kaotikus, spiritu\u00e1lis \u00e9s f\u00fcgg\u0151s\u00e9get okoz\u00f3. De amikor k\u00e9szen \u00e1ll lefoglalni az utaz\u00e1st, j\u00f6nnek a k\u00e9rd\u00e9sek: Mikor utazzunk Balira? Milyen az id\u0151j\u00e1r\u00e1s? H\u00e1ny \u00f3r\u00e1t esik vagy \u00e9pp s\u00fct a nap? [&hellip;]<\/p>\n","protected":false},"author":19,"featured_media":2525,"comment_status":"closed","ping_status":"closed","sticky":false,"template":"","format":"standard","meta":{"_et_pb_use_builder":"","_et_pb_old_content":"","_et_gb_content_width":"","_FSMCFIC_featured_image_caption":"","_FSMCFIC_featured_image_nocaption":"","_FSMCFIC_featured_image_hide":"","footnotes":""},"categories":[9],"tags":[33],"class_list":["post-2534","post","type-post","status-publish","format-standard","has-post-thumbnail","hentry","category-utazas","tag-s-przepiora"],"_links":{"self":[{"href":"https:\/\/vasco-electronics.hu\/cikkek\/wp-json\/wp\/v2\/posts\/2534","targetHints":{"allow":["GET"]}}],"collection":[{"href":"https:\/\/vasco-electronics.hu\/cikkek\/wp-json\/wp\/v2\/posts"}],"about":[{"href":"https:\/\/vasco-electronics.hu\/cikkek\/wp-json\/wp\/v2\/types\/post"}],"author":[{"embeddable":true,"href":"https:\/\/vasco-electronics.hu\/cikkek\/wp-json\/wp\/v2\/users\/19"}],"replies":[{"embeddable":true,"href":"https:\/\/vasco-electronics.hu\/cikkek\/wp-json\/wp\/v2\/comments?post=2534"}],"version-history":[{"count":2,"href":"https:\/\/vasco-electronics.hu\/cikkek\/wp-json\/wp\/v2\/posts\/2534\/revisions"}],"predecessor-version":[{"id":2537,"href":"https:\/\/vasco-electronics.hu\/cikkek\/wp-json\/wp\/v2\/posts\/2534\/revisions\/2537"}],"wp:featuredmedia":[{"embeddable":true,"href":"https:\/\/vasco-electronics.hu\/cikkek\/wp-json\/wp\/v2\/media\/2525"}],"wp:attachment":[{"href":"https:\/\/vasco-electronics.hu\/cikkek\/wp-json\/wp\/v2\/media?parent=2534"}],"wp:term":[{"taxonomy":"category","embeddable":true,"href":"https:\/\/vasco-electronics.hu\/cikkek\/wp-json\/wp\/v2\/categories?post=2534"},{"taxonomy":"post_tag","embeddable":true,"href":"https:\/\/vasco-electronics.hu\/cikkek\/wp-json\/wp\/v2\/tags?post=2534"}],"curies":[{"name":"wp","href":"https:\/\/api.w.org\/{rel}","templated":true}]}}