{"id":2576,"date":"2025-08-01T11:05:27","date_gmt":"2025-08-01T09:05:27","guid":{"rendered":"https:\/\/vasco-electronics.hu\/cikkek\/?p=2576"},"modified":"2025-08-21T11:05:44","modified_gmt":"2025-08-21T09:05:44","slug":"az-arab-nyelv","status":"publish","type":"post","link":"https:\/\/vasco-electronics.hu\/cikkek\/nyelvek\/az-arab-nyelv\/","title":{"rendered":"Az arab nyelv bemutat\u00e1sa: t\u00f6rt\u00e9nelem, orsz\u00e1gok \u00e9s \u00e9rdekess\u00e9gek"},"content":{"rendered":"<p>Jobbr\u00f3l balra \u00edrj\u00e1k, nincsenek benne nagybet\u0171k, \u00e9s foly\u00e9kony \u00edr\u00e1sm\u00f3dja ink\u00e1bb eml\u00e9keztet egy m\u0171alkot\u00e1sra, mint egy hagyom\u00e1nyos \u00e1b\u00e9c\u00e9re. Az arab nyelv eleg\u00e1ns, titokzatos, \u00e9s \u00e9vsz\u00e1zadok kult\u00far\u00e1j\u00e1t hordozza mag\u00e1ban. De ez a nyelv sokkal t\u00f6bb, mint puszt\u00e1n sz\u00e9p \u00edr\u00e1s. Ez az egyik <strong><a href=\"https:\/\/vasco-electronics.hu\/cikkek\/nyelvek\/melyik-a-legregebbi-nyelv\/\">legr\u00e9gebbi \u00e9s legelterjedtebb nyelv<\/a> a vil\u00e1gon<\/strong>, t\u00f6bb mint 1500 \u00e9ves m\u00falttal \u00e9s \u00f3ri\u00e1si hat\u00e1ssal a modern t\u00e1rsadalomra.<\/p><div id=\"ez-toc-container\" class=\"ez-toc-v2_0_82_2 counter-hierarchy ez-toc-counter ez-toc-grey ez-toc-container-direction\">\n<p class=\"ez-toc-title\" style=\"cursor:inherit\">Tartalomjegyz\u00e9k:<\/p>\n<label for=\"ez-toc-cssicon-toggle-item-69f3df59d2fa4\" class=\"ez-toc-cssicon-toggle-label\"><span class=\"ez-toc-cssicon\"><span class=\"eztoc-hide\" style=\"display:none;\">Toggle<\/span><span class=\"ez-toc-icon-toggle-span\"><svg style=\"fill: #999;color:#999\" xmlns=\"http:\/\/www.w3.org\/2000\/svg\" class=\"list-377408\" width=\"20px\" height=\"20px\" viewBox=\"0 0 24 24\" fill=\"none\"><path d=\"M6 6H4v2h2V6zm14 0H8v2h12V6zM4 11h2v2H4v-2zm16 0H8v2h12v-2zM4 16h2v2H4v-2zm16 0H8v2h12v-2z\" fill=\"currentColor\"><\/path><\/svg><svg style=\"fill: #999;color:#999\" class=\"arrow-unsorted-368013\" xmlns=\"http:\/\/www.w3.org\/2000\/svg\" width=\"10px\" height=\"10px\" viewBox=\"0 0 24 24\" version=\"1.2\" baseProfile=\"tiny\"><path d=\"M18.2 9.3l-6.2-6.3-6.2 6.3c-.2.2-.3.4-.3.7s.1.5.3.7c.2.2.4.3.7.3h11c.3 0 .5-.1.7-.3.2-.2.3-.5.3-.7s-.1-.5-.3-.7zM5.8 14.7l6.2 6.3 6.2-6.3c.2-.2.3-.5.3-.7s-.1-.5-.3-.7c-.2-.2-.4-.3-.7-.3h-11c-.3 0-.5.1-.7.3-.2.2-.3.5-.3.7s.1.5.3.7z\"\/><\/svg><\/span><\/span><\/label><input type=\"checkbox\" style='display:none' id=\"ez-toc-cssicon-toggle-item-69f3df59d2fa4\"  aria-label=\"Toggle\" \/><nav><ul class='ez-toc-list ez-toc-list-level-1 ' ><li class='ez-toc-page-1 ez-toc-heading-level-2'><a class=\"ez-toc-link ez-toc-heading-1\" href=\"https:\/\/vasco-electronics.hu\/cikkek\/nyelvek\/az-arab-nyelv\/#Egy_nyelv_amely_tullep_az_idon_es_hatarokon\" >Egy nyelv, amely t\u00fall\u00e9p az id\u0151n \u00e9s hat\u00e1rokon<\/a><ul class='ez-toc-list-level-3' ><li class='ez-toc-heading-level-3'><a class=\"ez-toc-link ez-toc-heading-2\" href=\"https:\/\/vasco-electronics.hu\/cikkek\/nyelvek\/az-arab-nyelv\/#Gyakori_kerdesek\" >Gyakori k\u00e9rd\u00e9sek<\/a><\/li><\/ul><\/li><li class='ez-toc-page-1 ez-toc-heading-level-2'><a class=\"ez-toc-link ez-toc-heading-3\" href=\"https:\/\/vasco-electronics.hu\/cikkek\/nyelvek\/az-arab-nyelv\/#Mely_orszagokban_beszelik_az_arab_nyelvet_Hany_arabul_beszelo_orszag_van\" >Mely orsz\u00e1gokban besz\u00e9lik az arab nyelvet? H\u00e1ny arabul besz\u00e9l\u0151 orsz\u00e1g van?<\/a><ul class='ez-toc-list-level-3' ><li class='ez-toc-heading-level-3'><a class=\"ez-toc-link ez-toc-heading-4\" href=\"https:\/\/vasco-electronics.hu\/cikkek\/nyelvek\/az-arab-nyelv\/#Regionkenti_bontas\" >R\u00e9gi\u00f3nk\u00e9nti bont\u00e1s:<\/a><\/li><\/ul><\/li><li class='ez-toc-page-1 ez-toc-heading-level-2'><a class=\"ez-toc-link ez-toc-heading-5\" href=\"https:\/\/vasco-electronics.hu\/cikkek\/nyelvek\/az-arab-nyelv\/#Arab_nyelvjarasok_es_a_modern_sztenderd_arab_egy_nyelv_sok_hang\" >Arab nyelvj\u00e1r\u00e1sok \u00e9s a modern sztenderd arab: egy nyelv, sok hang<\/a><ul class='ez-toc-list-level-3' ><li class='ez-toc-heading-level-3'><a class=\"ez-toc-link ez-toc-heading-6\" href=\"https:\/\/vasco-electronics.hu\/cikkek\/nyelvek\/az-arab-nyelv\/#Mennyire_kulonboznek_az_arab_dialektusok\" >Mennyire k\u00fcl\u00f6nb\u00f6znek az arab dialektusok?<\/a><\/li><li class='ez-toc-page-1 ez-toc-heading-level-3'><a class=\"ez-toc-link ez-toc-heading-7\" href=\"https:\/\/vasco-electronics.hu\/cikkek\/nyelvek\/az-arab-nyelv\/#Az_egyiptomi_arab_a_legszelesebb_korben_ertheto_dialektus\" >Az egyiptomi arab a legsz\u00e9lesebb k\u00f6rben \u00e9rthet\u0151 dialektus<\/a><\/li><li class='ez-toc-page-1 ez-toc-heading-level-3'><a class=\"ez-toc-link ez-toc-heading-8\" href=\"https:\/\/vasco-electronics.hu\/cikkek\/nyelvek\/az-arab-nyelv\/#Az_arab_beszelok_gyakran_%E2%80%9Eketnyelvuek%E2%80%9D_a_sajat_nyelvukon_belul\" >Az arab besz\u00e9l\u0151k gyakran \u201ek\u00e9tnyelv\u0171ek\u201d a saj\u00e1t nyelv\u00fck\u00f6n bel\u00fcl<\/a><\/li><\/ul><\/li><li class='ez-toc-page-1 ez-toc-heading-level-2'><a class=\"ez-toc-link ez-toc-heading-9\" href=\"https:\/\/vasco-electronics.hu\/cikkek\/nyelvek\/az-arab-nyelv\/#Az_arab_iras_szepseg_minden_vonasban\" >Az arab \u00edr\u00e1s: sz\u00e9ps\u00e9g minden von\u00e1sban<\/a><ul class='ez-toc-list-level-3' ><li class='ez-toc-heading-level-3'><a class=\"ez-toc-link ez-toc-heading-10\" href=\"https:\/\/vasco-electronics.hu\/cikkek\/nyelvek\/az-arab-nyelv\/#A_betuk_alakja_valtozik\" >A bet\u0171k alakja v\u00e1ltozik<\/a><\/li><li class='ez-toc-page-1 ez-toc-heading-level-3'><a class=\"ez-toc-link ez-toc-heading-11\" href=\"https:\/\/vasco-electronics.hu\/cikkek\/nyelvek\/az-arab-nyelv\/#Nincsenek_nagybetuk\" >Nincsenek nagybet\u0171k<\/a><\/li><li class='ez-toc-page-1 ez-toc-heading-level-3'><a class=\"ez-toc-link ez-toc-heading-12\" href=\"https:\/\/vasco-electronics.hu\/cikkek\/nyelvek\/az-arab-nyelv\/#A_kalligrafia_mint_muveszet\" >A kalligr\u00e1fia, mint m\u0171v\u00e9szet<\/a><\/li><\/ul><\/li><li class='ez-toc-page-1 ez-toc-heading-level-2'><a class=\"ez-toc-link ez-toc-heading-13\" href=\"https:\/\/vasco-electronics.hu\/cikkek\/nyelvek\/az-arab-nyelv\/#Nehez_az_arabot_megtanulni_A_hirnev_mogotti_valosag\" >Neh\u00e9z az arabot megtanulni? A h\u00edrn\u00e9v m\u00f6g\u00f6tti val\u00f3s\u00e1g<\/a><ul class='ez-toc-list-level-3' ><li class='ez-toc-heading-level-3'><a class=\"ez-toc-link ez-toc-heading-14\" href=\"https:\/\/vasco-electronics.hu\/cikkek\/nyelvek\/az-arab-nyelv\/#Miert_tartjak_neheznek\" >Mi\u00e9rt tartj\u00e1k neh\u00e9znek?<\/a><\/li><li class='ez-toc-page-1 ez-toc-heading-level-3'><a class=\"ez-toc-link ez-toc-heading-15\" href=\"https:\/\/vasco-electronics.hu\/cikkek\/nyelvek\/az-arab-nyelv\/#Es_a_jo_hir\" >\u00c9s a j\u00f3 h\u00edr?<\/a><\/li><\/ul><\/li><li class='ez-toc-page-1 ez-toc-heading-level-2'><a class=\"ez-toc-link ez-toc-heading-16\" href=\"https:\/\/vasco-electronics.hu\/cikkek\/nyelvek\/az-arab-nyelv\/#Tech-tipp_hagyja_hogy_a_Vasco_beszeljen_On_helyett\" >Tech-tipp: hagyja, hogy a Vasco besz\u00e9ljen \u00d6n helyett<\/a><\/li><li class='ez-toc-page-1 ez-toc-heading-level-2'><a class=\"ez-toc-link ez-toc-heading-17\" href=\"https:\/\/vasco-electronics.hu\/cikkek\/nyelvek\/az-arab-nyelv\/#Milyen_nyelveket_tamogat_a_Vasco_Translator_AI_fordito\" >Milyen nyelveket t\u00e1mogat a Vasco Translator AI ford\u00edt\u00f3?<\/a><\/li><li class='ez-toc-page-1 ez-toc-heading-level-2'><a class=\"ez-toc-link ez-toc-heading-18\" href=\"https:\/\/vasco-electronics.hu\/cikkek\/nyelvek\/az-arab-nyelv\/#Az_arab_nyelv_zsenialitasa_harom_betu_ezernyi_szo\" >Az arab nyelv zsenialit\u00e1sa: h\u00e1rom bet\u0171, ezernyi sz\u00f3<\/a><ul class='ez-toc-list-level-3' ><li class='ez-toc-heading-level-3'><a class=\"ez-toc-link ez-toc-heading-19\" href=\"https:\/\/vasco-electronics.hu\/cikkek\/nyelvek\/az-arab-nyelv\/#Hogyan_mukodik\" >Hogyan m\u0171k\u00f6dik?<\/a><\/li><li class='ez-toc-page-1 ez-toc-heading-level-3'><a class=\"ez-toc-link ez-toc-heading-20\" href=\"https:\/\/vasco-electronics.hu\/cikkek\/nyelvek\/az-arab-nyelv\/#Miert_fantasztikus_ez_tanuloknak\" >Mi\u00e9rt fantasztikus ez tanul\u00f3knak?<\/a><\/li><\/ul><\/li><li class='ez-toc-page-1 ez-toc-heading-level-2'><a class=\"ez-toc-link ez-toc-heading-21\" href=\"https:\/\/vasco-electronics.hu\/cikkek\/nyelvek\/az-arab-nyelv\/#Az_arab_orokseg_szavak_amiket_mar_ismer\" >Az arab \u00f6r\u00f6ks\u00e9g: szavak, amiket m\u00e1r ismer<\/a><ul class='ez-toc-list-level-3' ><li class='ez-toc-heading-level-3'><a class=\"ez-toc-link ez-toc-heading-22\" href=\"https:\/\/vasco-electronics.hu\/cikkek\/nyelvek\/az-arab-nyelv\/#Ismeros_szavak_arab_eredettel\" >Ismer\u0151s szavak arab eredettel:<\/a><\/li><\/ul><\/li><li class='ez-toc-page-1 ez-toc-heading-level-2'><a class=\"ez-toc-link ez-toc-heading-23\" href=\"https:\/\/vasco-electronics.hu\/cikkek\/nyelvek\/az-arab-nyelv\/#Tudomanyos_orokseg_az_arab_nyelv_mint_a_tudas_hordozoja\" >Tudom\u00e1nyos \u00f6r\u00f6ks\u00e9g: az arab nyelv, mint a tud\u00e1s hordoz\u00f3ja<\/a><\/li><li class='ez-toc-page-1 ez-toc-heading-level-2'><a class=\"ez-toc-link ez-toc-heading-24\" href=\"https:\/\/vasco-electronics.hu\/cikkek\/nyelvek\/az-arab-nyelv\/#Osszegzes_Miert_fontos_ma_is_az_arab_nyelv\" >\u00d6sszegz\u00e9s: Mi\u00e9rt fontos ma is az arab nyelv?<\/a><\/li><\/ul><\/nav><\/div>\n\n<p>Ak\u00e1r nyelvrajong\u00f3, ak\u00e1r k\u00edv\u00e1ncsi utaz\u00f3, aki szeretn\u00e9 megtanulni, hogyan k\u00f6sz\u00f6nj\u00f6n arabul, vagy egyszer\u0171en csak \u00e9rdekli a nyelvi soksz\u00edn\u0171s\u00e9g \u2014 j\u00f3 helyen j\u00e1r.<\/p>\n<p>Ebben a cikkben <strong>elmer\u00fcl\u00fcnk az arab nyelv gazdag t\u00f6rt\u00e9nelm\u00e9ben<\/strong>, megmutatjuk, <strong>mely orsz\u00e1gokban besz\u00e9lik<\/strong>, \u00e9s felt\u00e1rjuk, hogyan form\u00e1lta a kult\u00far\u00e1t, tudom\u00e1nyt \u00e9s a t\u00f6rt\u00e9netmes\u00e9l\u00e9st szerte a vil\u00e1gon. V\u00e1laszt adunk gyakori k\u00e9rd\u00e9sekre is, p\u00e9ld\u00e1ul: Neh\u00e9z az arabot megtanulni? H\u00e1ny orsz\u00e1gban besz\u00e9lik az arabot? \u00c9s mit\u0151l olyan k\u00fcl\u00f6nleges \u00e9s id\u0151t\u00e1ll\u00f3 ez a nyelv?<\/p>\n<h2><span class=\"ez-toc-section\" id=\"Egy_nyelv_amely_tullep_az_idon_es_hatarokon\"><\/span>Egy nyelv, amely t\u00fall\u00e9p az id\u0151n \u00e9s hat\u00e1rokon<span class=\"ez-toc-section-end\"><\/span><\/h2>\n<p>Milyen r\u00e9gi az arab nyelv, \u00e9s pontosan hol besz\u00e9lik? Ennek meg\u00e9rt\u00e9s\u00e9hez vissza kell menn\u00fcnk az id\u0151ben.<\/p>\n<p>Klasszikus arab: Az arab a <strong>k\u00f6z\u00e9p-s\u00e9mi nyelvcsal\u00e1dba<\/strong> tartozik, a h\u00e9berrel \u00e9s amharral egy\u00fctt. A legkor\u00e1bbi form\u00e1ja \u2014 az \u201e\u00f3arab\u201d \u2014 <strong>nom\u00e1d t\u00f6rzsek felirataiban<\/strong> jelenik meg, m\u00e9g az iszl\u00e1m kialakul\u00e1sa el\u0151tti \u00e9vsz\u00e1zadokban. A ma \u201eklasszikus arabk\u00e9nt\u201d ismert nyelvv\u00e1ltozat <strong>a 4. \u00e9s 6. sz\u00e1zad k\u00f6z\u00f6tt<\/strong> form\u00e1l\u00f3dott az Arab-f\u00e9lszigeten &#8211; a r\u00e9gi arab vil\u00e1gban. \u00c9s ez m\u00e9g csak a kezdet volt.<\/p>\n<p>Arabul besz\u00e9l\u0151 orsz\u00e1gok: A d\u00f6nt\u0151 fordul\u00f3pont <strong>a 7. sz\u00e1zadban<\/strong> k\u00f6vetkezett be, amikor az arab nyelv <strong>gyorsan terjedt az iszl\u00e1m h\u00f3d\u00edt\u00e1sokat k\u00f6vet\u0151en<\/strong>. Kiterjedt \u00c9szak-Afrik\u00e1ra, a Levant\u00e9ra, a Perzsa-\u00f6b\u00f6l t\u00e9rs\u00e9g\u00e9re \u00e9s a K\u00f6zel-Keletre. Ami kezdetben region\u00e1lis nyelvj\u00e1r\u00e1s volt, abb\u00f3l lett a <strong>birodalom, vall\u00e1s, tudom\u00e1ny \u00e9s k\u00f6lt\u00e9szet nyelve<\/strong>.<\/p>\n<div class=\"faq-section\">\n<h3><span class=\"ez-toc-section\" id=\"Gyakori_kerdesek\"><\/span>Gyakori k\u00e9rd\u00e9sek<span class=\"ez-toc-section-end\"><\/span><\/h3>\n<h4 class=\"question1\">H\u00e1ny orsz\u00e1gban besz\u00e9lnek arabul?<\/h4>\n<div class=\"answer1\">Az arab nyelvet t\u00f6bb mint 25 orsz\u00e1gban besz\u00e9lik, \u00e9s ezek k\u00f6z\u00fcl 22-ben hivatalos nyelv. Afrika, Eur\u00f3pa \u00e9s \u00c1zsia kisebbs\u00e9gi k\u00f6z\u00f6ss\u00e9gei is haszn\u00e1lj\u00e1k.<\/div>\n<h4 class=\"question2\">Neh\u00e9z megtanulni az arabot?<\/h4>\n<div class=\"answer2\">Az arab nyelv sokak sz\u00e1m\u00e1ra az egyik legnehezebb nyelvnek sz\u00e1m\u00edt. \u00cdr\u00e1sa, kiejt\u00e9se \u00e9s nyelvtana elt\u00e9r\u0151 \u2013 de hihetetlen\u00fcl kifizet\u0151d\u0151 is, k\u00fcl\u00f6n\u00f6sen, ha szereti a mint\u00e1kat \u00e9s a szerkezetet.<\/div>\n<h4 class=\"question3\">Melyik az arab a vil\u00e1g legr\u00e9gebbi nyelve?<\/h4>\n<div class=\"answer3\">Az arab nyelv az egyik legr\u00e9gebben folyamatosan besz\u00e9lt nyelv, de nem a legr\u00e9gebbi. Kor\u00e1bbi s\u00e9mi nyelvekb\u0151l fejl\u0151d\u00f6tt ki, \u00e9s az akk\u00e1d \u00e9s az ar\u00e1mi nyelvvel osztozik a lesz\u00e1rmaz\u00e1si vonalon.<\/div>\n<h4 class=\"question4\">Milyen r\u00e9gi az arab nyelv?<\/h4>\n<div class=\"answer4\">Az arab nyelv \u00edrott form\u00e1ja t\u00f6bb mint 1500 \u00e9ves, de sz\u00f3beli gy\u00f6kerei m\u00e9g r\u00e9gebbre ny\u00falnak vissza. N\u00e9h\u00e1ny, a Kr. u. 4. sz\u00e1zadb\u00f3l sz\u00e1rmaz\u00f3 felirat az arab nyelv korai form\u00e1it t\u00fckr\u00f6zi.<\/div>\n<h4 class=\"question5\">H\u00e1ny orsz\u00e1g hivatalos nyelve az arab? H\u00e1ny afrikai orsz\u00e1g besz\u00e9l arabul?<\/h4>\n<div class=\"answer5\">22 orsz\u00e1g ismeri el az arab nyelvet hivatalos nyelvk\u00e9nt. Az Egyes\u00fclt Nemzetek Szervezet\u00e9nek hivatalos nyelve is.<\/div>\n<h4 class=\"question6\">Mely afrikai orsz\u00e1gokban besz\u00e9lnek arabul? Hol besz\u00e9lik az arab nyelvet?<\/h4>\n<div class=\"answer6\">Arabul besz\u00e9l\u0151 orsz\u00e1gok: Az arab nyelvet sz\u00e9les k\u00f6rben besz\u00e9lik \u00c9szak-Afrik\u00e1ban (Marokk\u00f3, Alg\u00e9ria, Tun\u00e9zia, L\u00edbia, Egyiptom, Maurit\u00e1nia, Szud\u00e1n), valamint Kelet-Afrika egyes r\u00e9szein (Dzsibuti, Szom\u00e1lia, Comore-szigetek) \u00e9s K\u00f6z\u00e9p-Afrik\u00e1ban (Cs\u00e1d).<\/div>\n<\/div>\n<p><img decoding=\"async\" src=\"https:\/\/vasco-electronics.hu\/cikkek\/wp-content\/uploads\/2025\/08\/d6105933-624c-4f48-876b-eade0c2f11b9.jpeg\" alt=\"K\u00f6zeli k\u00e9p egy f\u00f6ldg\u00f6mbr\u0151l, amelyen a K\u00f6zel-Kelet, \u00c9szak-Afrika \u00e9s Eur\u00f3pa egy r\u00e9sze l\u00e1that\u00f3 az orsz\u00e1gnevekkel\" \/><\/p>\n<p>Mely orsz\u00e1gokban besz\u00e9lik az arab nyelvet? Ma az arab <strong>22 orsz\u00e1g hivatalos nyelve<\/strong>, \u00e9s <strong>t\u00f6bb mint 400 milli\u00f3 ember<\/strong> besz\u00e9li. Ez a vil\u00e1g <strong>\u00f6t\u00f6dik leggyakrabban besz\u00e9lt nyelve<\/strong>, \u00e9s hat\u00e1sa messze t\u00falmutat az anyanyelvi besz\u00e9l\u0151k\u00f6n \u2014 <strong>\u00e9vsz\u00e1zadok kultur\u00e1lis be\u00e1gyazotts\u00e1ga<\/strong> r\u00e9v\u00e9n az iszl\u00e1m vil\u00e1gban.<\/p>\n<h2><span class=\"ez-toc-section\" id=\"Mely_orszagokban_beszelik_az_arab_nyelvet_Hany_arabul_beszelo_orszag_van\"><\/span>Mely orsz\u00e1gokban besz\u00e9lik az arab nyelvet? H\u00e1ny arabul besz\u00e9l\u0151 orsz\u00e1g van?<span class=\"ez-toc-section-end\"><\/span><\/h2>\n<p>H\u00e1ny orsz\u00e1gban besz\u00e9lnek arabul a vil\u00e1gon? H\u00e1ny orsz\u00e1gban besz\u00e9lnek arabul Afrik\u00e1ban? Az arab nyelv\u0171 vil\u00e1g <strong>az Atlanti-\u00f3ce\u00e1nt\u00f3l az Arab-tengerig<\/strong> h\u00faz\u00f3dik, \u00edgy az arab az egyik <strong>legsz\u00e9lesebb k\u00f6rben elterjedt f\u00f6ldrajzi nyelv<\/strong>.<\/p>\n<h3><span class=\"ez-toc-section\" id=\"Regionkenti_bontas\"><\/span>R\u00e9gi\u00f3nk\u00e9nti bont\u00e1s:<span class=\"ez-toc-section-end\"><\/span><\/h3>\n<table style=\"min-width: 75px;\">\n<colgroup>\n<col style=\"min-width: 25px;\" \/>\n<col style=\"min-width: 25px;\" \/>\n<col style=\"min-width: 25px;\" \/><\/colgroup>\n<tbody>\n<tr>\n<th colspan=\"1\" rowspan=\"1\"><strong>R\u00e9gi\u00f3<\/strong><\/th>\n<th colspan=\"1\" rowspan=\"1\"><strong>Orsz\u00e1gok, ahol az arab hivatalos nyelv<\/strong><\/th>\n<th colspan=\"1\" rowspan=\"1\"><strong>Megjegyz\u00e9s<\/strong><\/th>\n<\/tr>\n<tr>\n<td colspan=\"1\" rowspan=\"1\">\u00c9szak-Afrika<\/td>\n<td colspan=\"1\" rowspan=\"1\">Marokk\u00f3, Alg\u00e9ria, Tun\u00e9zia, L\u00edbia, Egyiptom, Szud\u00e1n<\/td>\n<td colspan=\"1\" rowspan=\"1\">Az arab vil\u00e1g afrikai k\u00f6zpontja<\/td>\n<\/tr>\n<tr>\n<td colspan=\"1\" rowspan=\"1\">Afrika \u2013 Kelet &amp; K\u00f6z\u00e9p<\/td>\n<td colspan=\"1\" rowspan=\"1\">Dzsibuti, Szom\u00e1lia, Cs\u00e1d<\/td>\n<td colspan=\"1\" rowspan=\"1\">Az arab jelenl\u00e9s kiterjed\u00e9se Afrik\u00e1n bel\u00fcl<\/td>\n<\/tr>\n<tr>\n<td colspan=\"1\" rowspan=\"1\">Kelet-Afrikai szigetek<\/td>\n<td colspan=\"1\" rowspan=\"1\">Comore-szigetek<\/td>\n<td colspan=\"1\" rowspan=\"1\">Szigetorsz\u00e1g Afrika keleti partjain\u00e1l<\/td>\n<\/tr>\n<tr>\n<td colspan=\"1\" rowspan=\"1\">Nyugat-Afrika<\/td>\n<td colspan=\"1\" rowspan=\"1\">Maurit\u00e1nia<\/td>\n<td colspan=\"1\" rowspan=\"1\">Arab nyelvi jelenl\u00e9t Nyugat-Afrik\u00e1ban<\/td>\n<\/tr>\n<tr>\n<td colspan=\"1\" rowspan=\"1\">Levante<\/td>\n<td colspan=\"1\" rowspan=\"1\">Sz\u00edria, Libanon, Jord\u00e1nia, Palesztina<\/td>\n<td colspan=\"1\" rowspan=\"1\">Mediterr\u00e1n hat\u00e1s, t\u00f6rt\u00e9nelmi nyelvv\u00e1ltozatokkal<\/td>\n<\/tr>\n<tr>\n<td colspan=\"1\" rowspan=\"1\">Arab-f\u00e9lsziget<\/td>\n<td colspan=\"1\" rowspan=\"1\">Sza\u00fad-Ar\u00e1bia, Egyes\u00fclt Arab Em\u00edrs\u00e9gek, Katar, Bahrein, Kuvait, Om\u00e1n, Jemen<\/td>\n<td colspan=\"1\" rowspan=\"1\">Az arab nyelv b\u00f6lcs\u0151je, kulcsfontoss\u00e1g\u00fa r\u00e9gi\u00f3<\/td>\n<\/tr>\n<tr>\n<td colspan=\"1\" rowspan=\"1\">Mezopot\u00e1mia<\/td>\n<td colspan=\"1\" rowspan=\"1\">Irak<\/td>\n<td colspan=\"1\" rowspan=\"1\">A 22 hivatalos arab orsz\u00e1g list\u00e1j\u00e1nak utols\u00f3 eleme<\/td>\n<\/tr>\n<tr>\n<td colspan=\"1\" rowspan=\"1\">Jelent\u0151s k\u00f6z\u00f6ss\u00e9gek<\/td>\n<td colspan=\"1\" rowspan=\"1\">T\u00f6r\u00f6korsz\u00e1g, Ir\u00e1n, Izrael, vil\u00e1gszerte \u00e9l\u0151 arab diaszp\u00f3ra<\/td>\n<td colspan=\"1\" rowspan=\"1\">Hatalmas arab nyelv\u0171 k\u00f6z\u00f6ss\u00e9gek hivatalos st\u00e1tusz n\u00e9lk\u00fcl<\/td>\n<\/tr>\n<\/tbody>\n<\/table>\n<p><strong>Gyors t\u00e9nyek:<\/strong><\/p>\n<ul>\n<li>A 22 hivatalos arab nyelv\u0171 orsz\u00e1g k\u00f6z\u00fcl <strong>10 Afrik\u00e1ban tal\u00e1lhat\u00f3<\/strong><\/li>\n<li>Az arab a vil\u00e1g <strong>t\u00f6bb mint 1,8 milli\u00e1rd muszlimj\u00e1nak liturgikus nyelve<\/strong><\/li>\n<li>Sok orsz\u00e1gban <strong>nem hivatalos nyelvk\u00e9nt is elismerik<\/strong>, ak\u00e1r nemzeti, kisebbs\u00e9gi vagy munkanyelvk\u00e9nt<\/li>\n<li>Az arab az <strong>ENSZ hat hivatalos nyelv\u00e9nek<\/strong> egyike<\/li>\n<\/ul>\n<h2><span class=\"ez-toc-section\" id=\"Arab_nyelvjarasok_es_a_modern_sztenderd_arab_egy_nyelv_sok_hang\"><\/span>Arab nyelvj\u00e1r\u00e1sok \u00e9s a modern sztenderd arab: egy nyelv, sok hang<span class=\"ez-toc-section-end\"><\/span><\/h2>\n<p>Itt kezd igaz\u00e1n izgalmass\u00e1 v\u00e1lni a dolog \u2014 \u00e9s tal\u00e1n kiss\u00e9 zavar\u00f3 is lehet a kezd\u0151k sz\u00e1m\u00e1ra. B\u00e1r gyakran \u00fagy besz\u00e9l\u00fcnk az <strong>arab nyelvr\u0151l, mint egyetlen egys\u00e9ges nyelvr\u0151l<\/strong>, a val\u00f3s\u00e1g sokkal \u00e1rnyaltabb. A k\u00fcl\u00f6nb\u00f6z\u0151 arab orsz\u00e1gokban val\u00f3j\u00e1ban <strong>region\u00e1lis dialektusok sz\u00f6vev\u00e9nyes h\u00e1l\u00f3zata<\/strong> \u00e9l egy\u00fctt az egys\u00e9ges\u00edtett form\u00e1val.<\/p>\n<p>A <strong>modern sztenderd arab (MSA)<\/strong> az arab orsz\u00e1gok t\u00f6bbs\u00e9g\u00e9ben <strong>hivatalos \u00e9s form\u00e1lis nyelvk\u00e9nt<\/strong> m\u0171k\u00f6dik. Ez az az arab nyelv, amelyet <strong>\u00edr\u00e1sban, h\u00edrm\u0171sorokban, hivatalos besz\u00e9dekben \u00e9s oktat\u00e1sban<\/strong> haszn\u00e1lnak. Olyan \u201ek\u00f6z\u00f6s arab\u201d, amelyet <strong>m\u0171velt arab ajk\u00faak b\u00e1rhol meg\u00e9rtenek<\/strong> \u2014 legyen sz\u00f3 Marokk\u00f3r\u00f3l vagy Irakr\u00f3l.<\/p>\n<p>De ha kil\u00e9p <strong>Kair\u00f3, Bejr\u00fat vagy Casablanca utc\u00e1ira<\/strong>, eg\u00e9szen m\u00e1st hallani. A <strong>besz\u00e9lt nyelvv\u00e1ltozatok<\/strong> \u2014 azaz a h\u00e9tk\u00f6znapi arab \u2014 <strong>orsz\u00e1gonk\u00e9nt \u00e9s r\u00e9gi\u00f3nk\u00e9nt is drasztikusan elt\u00e9rhetnek<\/strong>. Ezek a dialektusok <strong>\u00e9vsz\u00e1zadok alatt alakultak ki<\/strong>, helyi nyelvek, t\u00f6rt\u00e9nelmi esem\u00e9nyek \u00e9s kultur\u00e1lis hat\u00e1sok r\u00e9v\u00e9n.<\/p>\n<p><img decoding=\"async\" src=\"https:\/\/vasco-electronics.hu\/cikkek\/wp-content\/uploads\/2025\/08\/b3ffabec-9f5f-4127-ab9e-734d44234a1d.jpeg\" alt=\"egy id\u0151sebb n\u0151, hagyom\u00e1nyos ruh\u00e1ban, mosolyogva egy fiatal f\u00e9rfire az utc\u00e1n\" \/><\/p>\n<h3><span class=\"ez-toc-section\" id=\"Mennyire_kulonboznek_az_arab_dialektusok\"><\/span>Mennyire k\u00fcl\u00f6nb\u00f6znek az arab dialektusok?<span class=\"ez-toc-section-end\"><\/span><\/h3>\n<p>Nagyon. Egy marokk\u00f3i, aki saj\u00e1t nyelvj\u00e1r\u00e1s\u00e1t haszn\u00e1lja, <strong>aligha \u00e9rti meg<\/strong> p\u00e9ld\u00e1ul a sza\u00fadi vagy jemeni arabot. Ez olyan, mint amikor k\u00e9t rokon nyelv besz\u00e9l\u0151je felismer n\u00e9h\u00e1ny sz\u00f3t, de <strong>teljes kommunik\u00e1ci\u00f3hoz k\u00f6z\u00f6s nyelvet<\/strong> kell v\u00e1lasztaniuk.<\/p>\n<h3><span class=\"ez-toc-section\" id=\"Az_egyiptomi_arab_a_legszelesebb_korben_ertheto_dialektus\"><\/span>Az egyiptomi arab a legsz\u00e9lesebb k\u00f6rben \u00e9rthet\u0151 dialektus<span class=\"ez-toc-section-end\"><\/span><\/h3>\n<p>Ez <strong>Egyiptom 20. sz\u00e1zadi kultur\u00e1lis dominanci\u00e1j\u00e1nak<\/strong> k\u00f6sz\u00f6nhet\u0151 \u2014 a filmiparban, zen\u00e9ben \u00e9s m\u00e9di\u00e1ban. Az egyiptomi arabot sokan \u00e9rtik, m\u00e9g ha nem is besz\u00e9lik akt\u00edvan. M\u00e1s <strong>fontos nyelvj\u00e1r\u00e1sok<\/strong>: a <strong>levanti arab<\/strong> (Sz\u00edria, Libanon, Jord\u00e1nia, Palesztina) \u00e9s a <strong>magreb arab<\/strong> (\u00c9szak-Afrika).<\/p>\n<h3><span class=\"ez-toc-section\" id=\"Az_arab_beszelok_gyakran_%E2%80%9Eketnyelvuek%E2%80%9D_a_sajat_nyelvukon_belul\"><\/span>Az arab besz\u00e9l\u0151k gyakran \u201ek\u00e9tnyelv\u0171ek\u201d a saj\u00e1t nyelv\u00fck\u00f6n bel\u00fcl<span class=\"ez-toc-section-end\"><\/span><\/h3>\n<p>A legt\u00f6bben <strong>a helyi dialektust haszn\u00e1lj\u00e1k h\u00e9tk\u00f6znapi besz\u00e9dben<\/strong>, m\u00edg <strong>az MSA-t hivatalos helyzetekben, \u00edr\u00e1sban \u00e9s interregion\u00e1lis kommunik\u00e1ci\u00f3ban<\/strong>.<\/p>\n<h2><span class=\"ez-toc-section\" id=\"Az_arab_iras_szepseg_minden_vonasban\"><\/span>Az arab \u00edr\u00e1s: sz\u00e9ps\u00e9g minden von\u00e1sban<span class=\"ez-toc-section-end\"><\/span><\/h2>\n<p>Eml\u00e9kszik arra, hogy az arab \u00edr\u00e1sr\u00f3l \u201em\u0171alkot\u00e1sk\u00e9nt\u201d besz\u00e9lt\u00fcnk? Most n\u00e9zz\u00fck meg, <strong>mi teszi annyira leny\u0171g\u00f6z\u0151v\u00e9 \u00e9s logikuss\u00e1 az arab \u00edr\u00e1st<\/strong>.<\/p>\n<p>Az arab \u00edr\u00e1s <strong>jobbr\u00f3l balra halad<\/strong>, ami els\u0151re szokatlan lehet, de ritmusa, foly\u00e1sa szinte meditat\u00edv hat\u00e1s\u00fa. A latin \u00edr\u00e1ssal ellent\u00e9tben <strong>az arab bet\u0171k \u00f6sszekapcsol\u00f3dnak<\/strong>, \u00edgy <strong>folyamatos, \u00e1raml\u00f3 vonalban<\/strong> jelennek meg a szavak.<\/p>\n<h3><span class=\"ez-toc-section\" id=\"A_betuk_alakja_valtozik\"><\/span>A bet\u0171k alakja v\u00e1ltozik<span class=\"ez-toc-section-end\"><\/span><\/h3>\n<p>Az arab bet\u0171k <strong>k\u00fcl\u00f6nb\u00f6z\u0151 form\u00e1t \u00f6ltenek att\u00f3l f\u00fcgg\u0151en<\/strong>, hogy a sz\u00f3 elej\u00e9n, k\u00f6zep\u00e9n, v\u00e9g\u00e9n vagy \u00f6n\u00e1ll\u00f3an \u00e1llnak. Ez olyan, mintha <strong>mindegyik bet\u0171 alkalmazkodna a szomsz\u00e9dj\u00e1hoz<\/strong> \u2014 vizu\u00e1lisan dinamikus \u00e9s harmonikus.<\/p>\n<p><img decoding=\"async\" src=\"https:\/\/vasco-electronics.hu\/cikkek\/wp-content\/uploads\/2025\/08\/df4b9883-8567-4ff2-82fe-ac2b0f64545f.jpeg\" alt=\"K\u00e9zzel \u00edrt arab kalligr\u00e1fia ecsettel pap\u00edron, irodalmi arab\" \/><\/p>\n<p>Az <strong>arab \u00e1b\u00e9c\u00e9 28 bet\u0171b\u0151l \u00e1ll<\/strong>, mindegyik <strong>m\u00e1ssalhangz\u00f3<\/strong>. A <strong>mag\u00e1nhangz\u00f3k l\u00e9teznek<\/strong>, de <strong>diakritikus jelekk\u00e9nt<\/strong> jelennek meg a bet\u0171k f\u00f6l\u00f6tt vagy alatt \u2014 r\u00e1ad\u00e1sul <strong>a legt\u00f6bb sz\u00f6vegben nem \u00edrj\u00e1k ki<\/strong> \u0151ket. A gyakorlott olvas\u00f3k <strong>a sz\u00f6vegk\u00f6rnyezet alapj\u00e1n \u00e9rtelmezik \u0151ket<\/strong> \u2014 hasonl\u00f3an, mint amikor egy r\u00f6vid\u00edt\u00e9sb\u0151l vagy hi\u00e1nyos \u00fczenetb\u0151l kital\u00e1lod a l\u00e9nyeget.<\/p>\n<h3><span class=\"ez-toc-section\" id=\"Nincsenek_nagybetuk\"><\/span>Nincsenek nagybet\u0171k<span class=\"ez-toc-section-end\"><\/span><\/h3>\n<p>Az arab \u00edr\u00e1sban <strong>nincs kis- \u00e9s nagybet\u0171k k\u00f6z\u00f6tti k\u00fcl\u00f6nbs\u00e9g<\/strong>. A <strong>hangs\u00falyt \u00e9s a form\u00e1lis st\u00edlust<\/strong> a bet\u0171form\u00e1k \u00e9s <strong>a kalligr\u00e1fia t\u00edpusa<\/strong> fejezi ki. Ez teszi az arab \u00edr\u00e1st <strong>vizu\u00e1lisan egys\u00e9gess\u00e9 \u00e9s letisztultt\u00e1<\/strong>.<\/p>\n<h3><span class=\"ez-toc-section\" id=\"A_kalligrafia_mint_muveszet\"><\/span>A kalligr\u00e1fia, mint m\u0171v\u00e9szet<span class=\"ez-toc-section-end\"><\/span><\/h3>\n<p>Az arab \u00edr\u00e1s nem csup\u00e1n eszk\u00f6z \u2014 <strong>m\u0171v\u00e9szeti forma<\/strong>. Az <strong>arab kalligr\u00e1fia t\u00f6bb mint ezer \u00e9ve \u00f6n\u00e1ll\u00f3 m\u0171v\u00e9szeti \u00e1gg\u00e1 fejl\u0151d\u00f6tt<\/strong>. A mesterkalligr\u00e1fusok olyan alkot\u00e1sokat hoznak l\u00e9tre, amelyek <strong>egyszerre sz\u00f6vegek \u00e9s vizu\u00e1lis m\u0171alkot\u00e1sok<\/strong>. A geometrikus <strong>k\u00fafi \u00edr\u00e1st\u00f3l<\/strong> a l\u00e1gy vonal\u00fa <strong>naskh st\u00edlusig <\/strong>(irodalmi arab), minden t\u00edpusnak saj\u00e1t <strong>eszt\u00e9tik\u00e1ja \u00e9s t\u00f6rt\u00e9nelmi jelent\u0151s\u00e9ge<\/strong> van.<\/p>\n<p><img decoding=\"async\" src=\"https:\/\/vasco-electronics.hu\/cikkek\/wp-content\/uploads\/2025\/08\/e36bc226-15e5-46ed-a595-adf71123736a.jpeg\" alt=\"Arany mecset \u00e9p\u00edt\u00e9szete napf\u00e9ny \u00e1ltal megvil\u00e1g\u00edtott kupol\u00e1val \u00e9s minarettel\" \/><\/p>\n<h2><span class=\"ez-toc-section\" id=\"Nehez_az_arabot_megtanulni_A_hirnev_mogotti_valosag\"><\/span>Neh\u00e9z az arabot megtanulni? A h\u00edrn\u00e9v m\u00f6g\u00f6tti val\u00f3s\u00e1g<span class=\"ez-toc-section-end\"><\/span><\/h2>\n<p>Most t\u00e9rj\u00fcnk r\u00e1 arra a k\u00e9rd\u00e9sre, ami val\u00f3sz\u00edn\u0171leg m\u00e1r a kezdetekt\u0151l motoszk\u00e1l \u00d6nben:<br \/>\n<strong>T\u00e9nyleg neh\u00e9z megtanulni arabul?<\/strong><br \/>\nAz arab nyelv val\u00f3ban h\u00edrhedt a neh\u00e9zs\u00e9g\u00e9r\u0151l \u2014 \u00e9s van is benne igazs\u00e1g. De <strong>nem lehetetlen feladat<\/strong>, \u00e9s nem olyan f\u00e9lelmetes, mint sokan gondolj\u00e1k.<\/p>\n<h3><span class=\"ez-toc-section\" id=\"Miert_tartjak_neheznek\"><\/span>Mi\u00e9rt tartj\u00e1k neh\u00e9znek?<span class=\"ez-toc-section-end\"><\/span><\/h3>\n<ul>\n<li><strong>Az \u00edr\u00e1srendszer<\/strong>: jobbr\u00f3l balra olvas\u00e1s, bet\u0171kapcsol\u00e1sok, formav\u00e1ltoz\u00e1sok \u00e9s a hi\u00e1nyz\u00f3 mag\u00e1nhangz\u00f3k \u2014 ez mind <strong>\u00faj agyi strukt\u00far\u00e1kat k\u00edv\u00e1n<\/strong>.<\/li>\n<li><strong>A nyelvtan<\/strong>: az ig\u00e9k <strong>nemcsak sz\u00e1m, szem\u00e9ly \u00e9s id\u0151<\/strong>, hanem <strong>nem<\/strong> \u00e9s m\u00e9g <strong>du\u00e1lis forma<\/strong> szerint is v\u00e1ltoznak (ami csak k\u00e9t dologra utal).<\/li>\n<li><strong>A kiejt\u00e9s<\/strong>: vannak <strong>olyan hangok, amelyek m\u00e1s nyelvekben nem is l\u00e9teznek<\/strong>, mint p\u00e9ld\u00e1ul az \u00fan. \u201eemfatikus\u201d m\u00e1ssalhangz\u00f3k vagy a k\u00fcl\u00f6nb\u00f6z\u0151 \u201eh\u201d \u00e9s \u201ea\u201d hangok. Viszont: <strong>az MSA kiejt\u00e9se logikus \u00e9s szab\u00e1lyos<\/strong>.<\/li>\n<\/ul>\n<h3><span class=\"ez-toc-section\" id=\"Es_a_jo_hir\"><\/span>\u00c9s a j\u00f3 h\u00edr?<span class=\"ez-toc-section-end\"><\/span><\/h3>\n<p>Az arab <strong>nagyon logikusan fel\u00e9p\u00edtett<\/strong> <a href=\"https:\/\/vasco-electronics.hu\/cikkek\/nyelvek\/\">nyelv<\/a>.<\/p>\n<ul>\n<li>Nincsenek helyes\u00edr\u00e1si anom\u00e1li\u00e1k: <strong>ahogy ejted, \u00fagy \u00edrod<\/strong>.<\/li>\n<li>A <strong>gy\u00f6krendszer<\/strong> (r\u00e9szletesen l\u00e1sd al\u00e1bb) r\u00e9v\u00e9n a sz\u00f3kincs tanul\u00e1sa <strong>rendszerszer\u0171<\/strong>, nem v\u00e9letlenszer\u0171.<\/li>\n<\/ul>\n<p>Arab tanul\u00e1s = <strong>struktur\u00e1lt logikai \u00e9p\u00edtkez\u00e9s<\/strong>, nem v\u00e9gtelen bemagol\u00e1s.<\/p>\n<h2><span class=\"ez-toc-section\" id=\"Tech-tipp_hagyja_hogy_a_Vasco_beszeljen_On_helyett\"><\/span>Tech-tipp: hagyja, hogy a Vasco besz\u00e9ljen \u00d6n helyett<span class=\"ez-toc-section-end\"><\/span><\/h2>\n<p>Ha arab nyelv\u0171 orsz\u00e1gba utazik, dialektusokat szeretne meg\u00e9rteni, vagy csak <strong>stresszmentesen kommunik\u00e1lni<\/strong>, a <strong>Vasco Translator V4 ford\u00edt\u00f3g\u00e9p vagy E1 ford\u00edt\u00f3 f\u00fclhallgat\u00f3<\/strong> kiv\u00e1l\u00f3 t\u00e1rs lehet.<\/p>\n<p>Mindk\u00e9t eszk\u00f6z t\u00e1mogatja a <strong>modern sztenderd arabot \u00e9s sok region\u00e1lis dialektust<\/strong>, \u00e9s val\u00f3s id\u0151ben <strong>le is ford\u00edtj\u00e1k<\/strong>, amit hall vagy mond. Ak\u00e1r \u00fatbaigaz\u00edt\u00e1st k\u00e9r, t\u00e1bl\u00e1kat olvas vagy besz\u00e9lget \u2014 a Vasco <strong>term\u00e9szetes m\u00f3don seg\u00edt kapcsolatba l\u00e9pni<\/strong>, r\u00e1ad\u00e1sul <strong>korl\u00e1tlan, ingyenes internettel<\/strong>.<\/p>\n<p>Nem kell agg\u00f3dni a kiejt\u00e9s vagy mondatok bemagol\u00e1sa miatt \u2014 koncentr\u00e1lhat <strong>az \u00e9lm\u00e9nyre<\/strong>. \u00c9s ha tanulja is az arabot, a Vasco <strong>kiv\u00e1l\u00f3 kieg\u00e9sz\u00edt\u0151 a gyakorl\u00e1shoz \u00e9s \u00f6nbizalomhoz<\/strong>.<\/p>\n<h2><span class=\"ez-toc-section\" id=\"Milyen_nyelveket_tamogat_a_Vasco_Translator_AI_fordito\"><\/span><strong>Milyen nyelveket t\u00e1mogat a Vasco Translator AI ford\u00edt\u00f3?<\/strong><span class=\"ez-toc-section-end\"><\/span><\/h2>\n<p>Az <strong>\u00e9lettartamra tart\u00f3 internetel\u00e9r\u00e9s nem az egyetlen el\u0151nye<\/strong> a Vasco Translator V4 <u>azonnali ford\u00edt\u00f3nak<\/u>. A <strong><u>besz\u00e9dford\u00edt\u00f3 <\/u> 82 nyelvet <\/strong>t\u00e1mogat hangalap\u00fa ford\u00edt\u00e1shoz,<strong> 112 nyelvet <u>fot\u00f3 ford\u00edt\u00f3<\/u><\/strong> funkci\u00f3hoz, \u00e9s <strong>107 nyelvet <u>sz\u00f6vegford\u00edt\u00f3<\/u> funkci\u00f3hoz. <\/strong>A k\u00e9sz\u00fcl\u00e9k haszn\u00e1lat nem okoz gondot az id\u0151sebb gener\u00e1ci\u00f3nak se. Ez a sz\u00e9les nyelvi t\u00e1mogat\u00e1s lefedi a vil\u00e1g legf\u0151bb nyelveit \u00e9s sok region\u00e1lis dialektust is, mivel a k\u00e9sz\u00fcl\u00e9k anyanyelvi kiejt\u00e9st biztos\u00edt.<\/p>\n<p>A <strong>Vasco <u>AI ford\u00edt\u00f3<\/u> be\u00e9p\u00edtett SIM-k\u00e1rty\u00e1val \u00e9s ingyenes, \u00e9lettartamra sz\u00f3l\u00f3 korl\u00e1tlan internet-kapcsolattal m\u0171k\u00f6dik<\/strong> \u2013 \u00edgy nem kell a telefonos adatforgalmat haszn\u00e1lni k\u00fclf\u00f6ld\u00f6n.<\/p>\n<p>A k\u00e9sz\u00fcl\u00e9k k\u00f6zel <strong>200 orsz\u00e1gban m\u0171k\u00f6dik z\u00f6kken\u0151mentesen<\/strong>, m\u00edg a mobilalkalmaz\u00e1sok sok r\u00e9gi\u00f3ban korl\u00e1tozottak.<\/p>\n<p>R\u00e1ad\u00e1sul az <strong>alkalmaz\u00e1sok gyorsan lemer\u00edtik az okostelefon akkumul\u00e1tor\u00e1t, m\u00edg a Vasco Translator kifejezetten ford\u00edt\u00e1sra van optimaliz\u00e1lva.<\/strong><\/p>\n<h2><span class=\"ez-toc-section\" id=\"Az_arab_nyelv_zsenialitasa_harom_betu_ezernyi_szo\"><\/span>Az arab nyelv zsenialit\u00e1sa: h\u00e1rom bet\u0171, ezernyi sz\u00f3<span class=\"ez-toc-section-end\"><\/span><\/h2>\n<p>Itt mutatkozik meg az arab nyelv igazi var\u00e1zsa \u2014 a <strong>gy\u00f6kalap\u00fa sz\u00f3\u00e9p\u00edt\u00e9s<\/strong>, amely annyira logikus, hogy ha egyszer meg\u00e9rti, teljesen m\u00e1sk\u00e9nt tekint majd a nyelvre.<\/p>\n<h3><span class=\"ez-toc-section\" id=\"Hogyan_mukodik\"><\/span>Hogyan m\u0171k\u00f6dik?<span class=\"ez-toc-section-end\"><\/span><\/h3>\n<p>Szinte minden arab sz\u00f3 <strong>egy h\u00e1rom m\u00e1ssalhangz\u00f3b\u00f3l \u00e1ll\u00f3 gy\u00f6kb\u0151l<\/strong> \u00e9p\u00fcl fel. Ez a gy\u00f6k <strong>alapjelent\u00e9st<\/strong> hordoz, \u00e9s k\u00fcl\u00f6nf\u00e9le el\u0151tagok, toldal\u00e9kok, form\u00e1k seg\u00edts\u00e9g\u00e9vel <strong>teljes sz\u00f3csal\u00e1dokat lehet l\u00e9trehozni<\/strong>.<\/p>\n<h4>P\u00e9lda: K-T-B (\u0643-\u062a-\u0628) \u2013 az \u201e\u00edr\u00e1s\u201d jelent\u00e9s\u00e9vel<\/h4>\n<table style=\"min-width: 75px;\">\n<colgroup>\n<col style=\"min-width: 25px;\" \/>\n<col style=\"min-width: 25px;\" \/>\n<col style=\"min-width: 25px;\" \/><\/colgroup>\n<tbody>\n<tr>\n<th colspan=\"1\" rowspan=\"1\">Sz\u00f3<\/th>\n<th colspan=\"1\" rowspan=\"1\">Arabul<\/th>\n<th colspan=\"1\" rowspan=\"1\">Jelent\u00e9s<\/th>\n<\/tr>\n<tr>\n<td colspan=\"1\" rowspan=\"1\">Kit\u00e1b<\/td>\n<td colspan=\"1\" rowspan=\"1\">\u0643\u062a\u0627\u0628<\/td>\n<td colspan=\"1\" rowspan=\"1\">K\u00f6nyv<\/td>\n<\/tr>\n<tr>\n<td colspan=\"1\" rowspan=\"1\">Kataba<\/td>\n<td colspan=\"1\" rowspan=\"1\">\u0643\u062a\u0628<\/td>\n<td colspan=\"1\" rowspan=\"1\">\u0150 \u00edrt<\/td>\n<\/tr>\n<tr>\n<td colspan=\"1\" rowspan=\"1\">K\u00e1tib<\/td>\n<td colspan=\"1\" rowspan=\"1\">\u0643\u0627\u062a\u0628<\/td>\n<td colspan=\"1\" rowspan=\"1\">\u00cdr\u00f3 \/ szerz\u0151<\/td>\n<\/tr>\n<tr>\n<td colspan=\"1\" rowspan=\"1\">Maktab<\/td>\n<td colspan=\"1\" rowspan=\"1\">\u0645\u0643\u062a\u0628<\/td>\n<td colspan=\"1\" rowspan=\"1\">Iroda<\/td>\n<\/tr>\n<tr>\n<td colspan=\"1\" rowspan=\"1\">Maktaba<\/td>\n<td colspan=\"1\" rowspan=\"1\">\u0645\u0643\u062a\u0628\u0629<\/td>\n<td colspan=\"1\" rowspan=\"1\">K\u00f6nyvt\u00e1r<\/td>\n<\/tr>\n<tr>\n<td colspan=\"1\" rowspan=\"1\">Makt\u00fab<\/td>\n<td colspan=\"1\" rowspan=\"1\">\u0645\u0643\u062a\u0648\u0628<\/td>\n<td colspan=\"1\" rowspan=\"1\">\u00cdrott \/ lev\u00e9l<\/td>\n<\/tr>\n<\/tbody>\n<\/table>\n<h4>M\u00e1sik p\u00e9lda: Q-R-\u02be (\u0642-\u0631-\u0623) \u2013 az \u201eolvas\u00e1s\u201d gy\u00f6ke<\/h4>\n<table style=\"min-width: 75px;\">\n<colgroup>\n<col style=\"min-width: 25px;\" \/>\n<col style=\"min-width: 25px;\" \/>\n<col style=\"min-width: 25px;\" \/><\/colgroup>\n<tbody>\n<tr>\n<th colspan=\"1\" rowspan=\"1\">Sz\u00f3<\/th>\n<th colspan=\"1\" rowspan=\"1\">Arabul<\/th>\n<th colspan=\"1\" rowspan=\"1\">Jelent\u00e9s<\/th>\n<\/tr>\n<tr>\n<td colspan=\"1\" rowspan=\"1\">Qara\u2019a<\/td>\n<td colspan=\"1\" rowspan=\"1\">\u0642\u0631\u0623<\/td>\n<td colspan=\"1\" rowspan=\"1\">\u0150 olvasott<\/td>\n<\/tr>\n<tr>\n<td colspan=\"1\" rowspan=\"1\">Qur\u2019\u00e1n<\/td>\n<td colspan=\"1\" rowspan=\"1\">\u0642\u0631\u0622\u0646<\/td>\n<td colspan=\"1\" rowspan=\"1\">Kor\u00e1n (\u201eaz olvasm\u00e1ny\u201d)<\/td>\n<\/tr>\n<tr>\n<td colspan=\"1\" rowspan=\"1\">Q\u0101ri\u2019<\/td>\n<td colspan=\"1\" rowspan=\"1\">\u0642\u0627\u0631\u0626<\/td>\n<td colspan=\"1\" rowspan=\"1\">Olvas\u00f3<\/td>\n<\/tr>\n<tr>\n<td colspan=\"1\" rowspan=\"1\">Maqra\u2019<\/td>\n<td colspan=\"1\" rowspan=\"1\">\u0645\u0642\u0631\u0623<\/td>\n<td colspan=\"1\" rowspan=\"1\">Olvas\u00f3szoba<\/td>\n<\/tr>\n<tr>\n<td colspan=\"1\" rowspan=\"1\">Muqri\u2019<\/td>\n<td colspan=\"1\" rowspan=\"1\">\u0645\u0642\u0631\u0626<\/td>\n<td colspan=\"1\" rowspan=\"1\">Kor\u00e1n-recit\u00e1tor<\/td>\n<\/tr>\n<\/tbody>\n<\/table>\n<h3><span class=\"ez-toc-section\" id=\"Miert_fantasztikus_ez_tanuloknak\"><\/span>Mi\u00e9rt fantasztikus ez tanul\u00f3knak?<span class=\"ez-toc-section-end\"><\/span><\/h3>\n<p>Mert <strong>nem kell ezer k\u00fcl\u00f6n sz\u00f3t magolni<\/strong> \u2014 ha megtanul sz\u00f3tagokat, azokb\u00f3l <strong>logikusan k\u00f6vetkeztethet \u00faj szavakra<\/strong>.<br \/>\nAz arab nyelv \u00edgy <strong>\u00e1tl\u00e1that\u00f3, k\u00f6vetkezetes, \u00e9p\u00edthet\u0151<\/strong>, nem v\u00e9letlenszer\u0171.<\/p>\n<p>Nem csoda, hogy egyes becsl\u00e9sek szerint <strong>ak\u00e1r 12 milli\u00f3 sz\u00f3<\/strong> is l\u00e9trehozhat\u00f3 az arab nyelvben \u2014 b\u00e1r a gyakorlati sz\u00f3haszn\u00e1lat j\u00f3val kisebb.<\/p>\n<p><img decoding=\"async\" src=\"https:\/\/vasco-electronics.hu\/cikkek\/wp-content\/uploads\/2025\/08\/4c270a82-2a9a-4de5-a054-3ac0d3854e55.jpeg\" alt=\"Mosolyg\u00f3 tan\u00e1r egy arab nyelv\u00f3r\u00e1n, arab szavakkal \u00e9s angol ford\u00edt\u00e1sokkal a t\u00e1bl\u00e1n\" \/><\/p>\n<h2><span class=\"ez-toc-section\" id=\"Az_arab_orokseg_szavak_amiket_mar_ismer\"><\/span>Az arab \u00f6r\u00f6ks\u00e9g: szavak, amiket m\u00e1r ismer<span class=\"ez-toc-section-end\"><\/span><\/h2>\n<p>Azt hiszi, nem ismer egyetlen arab sz\u00f3t sem? <strong>T\u00e9ved\u00e9s. Rengeteg arab eredet\u0171 sz\u00f3 ker\u00fclt be az <a href=\"https:\/\/vasco-electronics.hu\/cikkek\/nyelvek\/\">eur\u00f3pai nyelvekbe<\/a><\/strong> \u2014 \u00e9s \u00edgy a magyarba is k\u00f6zvetve.<\/p>\n<h3><span class=\"ez-toc-section\" id=\"Ismeros_szavak_arab_eredettel\"><\/span>Ismer\u0151s szavak arab eredettel:<span class=\"ez-toc-section-end\"><\/span><\/h3>\n<ul>\n<li><strong>Algebra<\/strong> <em>(\u0627\u0644\u062c\u0628\u0631)<\/em> \u2013 az \u201eal-dzsabr\u201d sz\u00f3b\u00f3l, jelent\u00e9se: \u201eegybegy\u00f3gy\u00edt\u00e1s\u201d<\/li>\n<li><strong>Algoritmus<\/strong> <em>(\u0627\u0644\u062e\u0648\u0627\u0631\u0632\u0645\u064a)<\/em> \u2013 a 9. sz\u00e1zadi matematikus al-Khw\u0101rizm\u012b nev\u00e9b\u0151l<\/li>\n<li><strong>K\u00e1v\u00e9<\/strong> <em>(\u0642\u0647\u0648\u0629 \u2013 qahwa)<\/em><\/li>\n<li><strong>Cukor<\/strong> <em>(\u0633\u0643\u0631 \u2013 sukkar)<\/em><\/li>\n<li><strong>Pamut<\/strong> <em>(\u0642\u0637\u0646 \u2013 qutn)<\/em><\/li>\n<li><strong>Magazin \/ rakt\u00e1r<\/strong> <em>(\u0645\u062e\u0632\u0646 \u2013 makhzan)<\/em> \u2013 eredeti jelent\u00e9se: \u201erakt\u00e1rhelyis\u00e9g\u201d<\/li>\n<\/ul>\n<p>A <strong>spanyol \u00e9s portug\u00e1l nyelvben<\/strong> m\u00e9g t\u00f6bb ilyen sz\u00f3 tal\u00e1lhat\u00f3, k\u00f6sz\u00f6nhet\u0151en <strong>t\u00f6bb mint 700 \u00e9v arab jelenl\u00e9t\u00e9nek az Ib\u00e9riai-f\u00e9lszigeten<\/strong>.<\/p>\n<h2><span class=\"ez-toc-section\" id=\"Tudomanyos_orokseg_az_arab_nyelv_mint_a_tudas_hordozoja\"><\/span>Tudom\u00e1nyos \u00f6r\u00f6ks\u00e9g: az arab nyelv, mint a tud\u00e1s hordoz\u00f3ja<span class=\"ez-toc-section-end\"><\/span><\/h2>\n<p>Az <strong>iszl\u00e1m aranykor\u00e1ban (8\u201313. sz\u00e1zad)<\/strong> az arab volt <strong>a tudom\u00e1ny, matematika, orvosl\u00e1s \u00e9s filoz\u00f3fia nyelve<\/strong>. Arab tud\u00f3sok, arab besz\u00e9d:<\/p>\n<ul>\n<li>Meg\u0151rizt\u00e9k \u00e9s tov\u00e1bbfejlesztett\u00e9k az \u00f3kori g\u00f6r\u00f6g \u00e9s r\u00f3mai tud\u00e1st<\/li>\n<li>Leford\u00edtott\u00e1k Arisztotel\u00e9szt, Gal\u00e9noszt, Euklid\u00e9szt<\/li>\n<li>\u00c9s k\u00f6zben maguk is forradalmi felfedez\u00e9seket tettek:<\/li>\n<\/ul>\n<h4>P\u00e9ld\u00e1ul:<\/h4>\n<ul>\n<li><strong>Matematika<\/strong>: algebra, trigonometria, arab sz\u00e1mok<\/li>\n<li><strong>Orvostudom\u00e1ny<\/strong>: seb\u00e9szet, gy\u00f3gyszertan, anat\u00f3mia<\/li>\n<li><strong>Csillag\u00e1szat<\/strong>: csillagnevek (pl. Aldebaran, Altair, Vega)<\/li>\n<li><strong>K\u00e9mia<\/strong>: lep\u00e1rl\u00e1s, laborat\u00f3riumi eszk\u00f6z\u00f6k, k\u00e9miai folyamatok<\/li>\n<\/ul>\n<p>Az arab <strong>a tudom\u00e1nyos \u00f6r\u00f6ks\u00e9g k\u00f6zvet\u00edt\u0151 nyelve volt kontinenseken \u00e1t<\/strong>.<\/p>\n<h2><span class=\"ez-toc-section\" id=\"Osszegzes_Miert_fontos_ma_is_az_arab_nyelv\"><\/span>\u00d6sszegz\u00e9s: Mi\u00e9rt fontos ma is az arab nyelv?<span class=\"ez-toc-section-end\"><\/span><\/h2>\n<p>Arab besz\u00e9d: Ahogy eljutottunk az utaz\u00e1s v\u00e9g\u00e9re, vil\u00e1goss\u00e1 v\u00e1lik: <strong>az arab nyelv nemcsak nyelv \u2014 hanem egy civiliz\u00e1ci\u00f3 kapuja<\/strong>.<\/p>\n<p>Ha meg\u00e9rti az arab nyelv t\u00f6rt\u00e9net\u00e9t, hozz\u00e1f\u00e9r\u00e9st nyer <strong>t\u00f6bb mint 1500 \u00e9v k\u00f6lt\u00e9szet\u00e9hez, filoz\u00f3fi\u00e1j\u00e1hoz, tud\u00e1s\u00e1hoz \u00e9s spiritualit\u00e1s\u00e1hoz<\/strong>.<br \/>\n\u00d6sszekapcsol\u00f3dhat <strong>t\u00f6bb mint 400 milli\u00f3 anyanyelvi besz\u00e9l\u0151vel<\/strong>, \u00e9s <strong>1,8 milli\u00e1rd emberrel<\/strong>, akik vall\u00e1suk vagy kult\u00far\u00e1juk r\u00e9v\u00e9n tal\u00e1lkoznak ezzel a nyelvvel.<\/p>\n<p><strong>Ahlan wa sahlan<\/strong> \u2013 \u00fcdv\u00f6zl\u00fcnk az arab nyelv gy\u00f6ny\u00f6r\u0171 vil\u00e1g\u00e1ban. Kezd\u0151dj\u00f6n az utaz\u00e1s!<\/p>\n","protected":false},"excerpt":{"rendered":"<p>Jobbr\u00f3l balra \u00edrj\u00e1k, nincsenek benne nagybet\u0171k, \u00e9s foly\u00e9kony \u00edr\u00e1sm\u00f3dja ink\u00e1bb eml\u00e9keztet egy m\u0171alkot\u00e1sra, mint egy hagyom\u00e1nyos \u00e1b\u00e9c\u00e9re. Az arab nyelv eleg\u00e1ns, titokzatos, \u00e9s \u00e9vsz\u00e1zadok kult\u00far\u00e1j\u00e1t hordozza mag\u00e1ban. De ez a nyelv sokkal t\u00f6bb, mint puszt\u00e1n sz\u00e9p \u00edr\u00e1s. Ez az egyik legr\u00e9gebbi \u00e9s legelterjedtebb nyelv a vil\u00e1gon, t\u00f6bb mint 1500 \u00e9ves m\u00falttal \u00e9s \u00f3ri\u00e1si hat\u00e1ssal a [&hellip;]<\/p>\n","protected":false},"author":9,"featured_media":2570,"comment_status":"closed","ping_status":"closed","sticky":false,"template":"","format":"standard","meta":{"_et_pb_use_builder":"","_et_pb_old_content":"","_et_gb_content_width":"","_FSMCFIC_featured_image_caption":"","_FSMCFIC_featured_image_nocaption":"","_FSMCFIC_featured_image_hide":"","footnotes":""},"categories":[22],"tags":[29],"class_list":["post-2576","post","type-post","status-publish","format-standard","has-post-thumbnail","hentry","category-nyelvek","tag-r-faber"],"_links":{"self":[{"href":"https:\/\/vasco-electronics.hu\/cikkek\/wp-json\/wp\/v2\/posts\/2576","targetHints":{"allow":["GET"]}}],"collection":[{"href":"https:\/\/vasco-electronics.hu\/cikkek\/wp-json\/wp\/v2\/posts"}],"about":[{"href":"https:\/\/vasco-electronics.hu\/cikkek\/wp-json\/wp\/v2\/types\/post"}],"author":[{"embeddable":true,"href":"https:\/\/vasco-electronics.hu\/cikkek\/wp-json\/wp\/v2\/users\/9"}],"replies":[{"embeddable":true,"href":"https:\/\/vasco-electronics.hu\/cikkek\/wp-json\/wp\/v2\/comments?post=2576"}],"version-history":[{"count":2,"href":"https:\/\/vasco-electronics.hu\/cikkek\/wp-json\/wp\/v2\/posts\/2576\/revisions"}],"predecessor-version":[{"id":2579,"href":"https:\/\/vasco-electronics.hu\/cikkek\/wp-json\/wp\/v2\/posts\/2576\/revisions\/2579"}],"wp:featuredmedia":[{"embeddable":true,"href":"https:\/\/vasco-electronics.hu\/cikkek\/wp-json\/wp\/v2\/media\/2570"}],"wp:attachment":[{"href":"https:\/\/vasco-electronics.hu\/cikkek\/wp-json\/wp\/v2\/media?parent=2576"}],"wp:term":[{"taxonomy":"category","embeddable":true,"href":"https:\/\/vasco-electronics.hu\/cikkek\/wp-json\/wp\/v2\/categories?post=2576"},{"taxonomy":"post_tag","embeddable":true,"href":"https:\/\/vasco-electronics.hu\/cikkek\/wp-json\/wp\/v2\/tags?post=2576"}],"curies":[{"name":"wp","href":"https:\/\/api.w.org\/{rel}","templated":true}]}}