{"id":2730,"date":"2025-11-27T12:49:55","date_gmt":"2025-11-27T11:49:55","guid":{"rendered":"https:\/\/vasco-electronics.hu\/cikkek\/?p=2730"},"modified":"2026-01-13T13:42:12","modified_gmt":"2026-01-13T12:42:12","slug":"europa-10-legjobb-karacsonyi-vasara","status":"publish","type":"post","link":"https:\/\/vasco-electronics.hu\/cikkek\/utazas\/europa-10-legjobb-karacsonyi-vasara\/","title":{"rendered":"Eur\u00f3pa 10 legjobb kar\u00e1csonyi v\u00e1s\u00e1ra"},"content":{"rendered":"<p><strong>Kar\u00e1csonyi v\u00e1s\u00e1rba k\u00e9sz\u00fcl? Elj\u00f6tt az id\u0151!<\/strong><\/p><div id=\"ez-toc-container\" class=\"ez-toc-v2_0_82_2 counter-hierarchy ez-toc-counter ez-toc-grey ez-toc-container-direction\">\n<p class=\"ez-toc-title\" style=\"cursor:inherit\">Tartalomjegyz\u00e9k:<\/p>\n<label for=\"ez-toc-cssicon-toggle-item-69f5536f05b0a\" class=\"ez-toc-cssicon-toggle-label\"><span class=\"ez-toc-cssicon\"><span class=\"eztoc-hide\" style=\"display:none;\">Toggle<\/span><span class=\"ez-toc-icon-toggle-span\"><svg style=\"fill: #999;color:#999\" xmlns=\"http:\/\/www.w3.org\/2000\/svg\" class=\"list-377408\" width=\"20px\" height=\"20px\" viewBox=\"0 0 24 24\" fill=\"none\"><path d=\"M6 6H4v2h2V6zm14 0H8v2h12V6zM4 11h2v2H4v-2zm16 0H8v2h12v-2zM4 16h2v2H4v-2zm16 0H8v2h12v-2z\" fill=\"currentColor\"><\/path><\/svg><svg style=\"fill: #999;color:#999\" class=\"arrow-unsorted-368013\" xmlns=\"http:\/\/www.w3.org\/2000\/svg\" width=\"10px\" height=\"10px\" viewBox=\"0 0 24 24\" version=\"1.2\" baseProfile=\"tiny\"><path d=\"M18.2 9.3l-6.2-6.3-6.2 6.3c-.2.2-.3.4-.3.7s.1.5.3.7c.2.2.4.3.7.3h11c.3 0 .5-.1.7-.3.2-.2.3-.5.3-.7s-.1-.5-.3-.7zM5.8 14.7l6.2 6.3 6.2-6.3c.2-.2.3-.5.3-.7s-.1-.5-.3-.7c-.2-.2-.4-.3-.7-.3h-11c-.3 0-.5.1-.7.3-.2.2-.3.5-.3.7s.1.5.3.7z\"\/><\/svg><\/span><\/span><\/label><input type=\"checkbox\" style='display:none' id=\"ez-toc-cssicon-toggle-item-69f5536f05b0a\"  aria-label=\"Toggle\" \/><nav><ul class='ez-toc-list ez-toc-list-level-1 ' ><li class='ez-toc-page-1 ez-toc-heading-level-2'><a class=\"ez-toc-link ez-toc-heading-1\" href=\"https:\/\/vasco-electronics.hu\/cikkek\/utazas\/europa-10-legjobb-karacsonyi-vasara\/#A_legregebbi_karacsonyi_vasar\" >A legr\u00e9gebbi kar\u00e1csonyi v\u00e1s\u00e1r<\/a><\/li><li class='ez-toc-page-1 ez-toc-heading-level-2'><a class=\"ez-toc-link ez-toc-heading-2\" href=\"https:\/\/vasco-electronics.hu\/cikkek\/utazas\/europa-10-legjobb-karacsonyi-vasara\/#Tovabbi_kihagyhatatlan_nemet_karacsonyi_vasarok\" >Tov\u00e1bbi kihagyhatatlan n\u00e9met kar\u00e1csonyi v\u00e1s\u00e1rok<\/a><\/li><li class='ez-toc-page-1 ez-toc-heading-level-2'><a class=\"ez-toc-link ez-toc-heading-3\" href=\"https:\/\/vasco-electronics.hu\/cikkek\/utazas\/europa-10-legjobb-karacsonyi-vasara\/#Helyi_finomsagok_amelyeket_nem_hagyhatsz_ki\" >Helyi finoms\u00e1gok, amelyeket nem hagyhatsz ki<\/a><ul class='ez-toc-list-level-3' ><li class='ez-toc-heading-level-3'><a class=\"ez-toc-link ez-toc-heading-4\" href=\"https:\/\/vasco-electronics.hu\/cikkek\/utazas\/europa-10-legjobb-karacsonyi-vasara\/#GYIK_%E2%80%93_Gyakran_Ismetelt_Kerdesek\" >GYIK \u2013 Gyakran Ism\u00e9telt K\u00e9rd\u00e9sek<\/a><\/li><\/ul><\/li><li class='ez-toc-page-1 ez-toc-heading-level-2'><a class=\"ez-toc-link ez-toc-heading-5\" href=\"https:\/\/vasco-electronics.hu\/cikkek\/utazas\/europa-10-legjobb-karacsonyi-vasara\/#2_Franciaorszag_%E2%80%93_A_karacsony_mesebeli_fovarosa\" >2. Franciaorsz\u00e1g \u2013 A kar\u00e1csony mesebeli f\u0151v\u00e1rosa<\/a><ul class='ez-toc-list-level-3' ><li class='ez-toc-heading-level-3'><a class=\"ez-toc-link ez-toc-heading-6\" href=\"https:\/\/vasco-electronics.hu\/cikkek\/utazas\/europa-10-legjobb-karacsonyi-vasara\/#Helyi_finomsagok_amelyeket_nem_hagyhatsz_ki-2\" >Helyi finoms\u00e1gok, amelyeket nem hagyhatsz ki<\/a><\/li><\/ul><\/li><li class='ez-toc-page-1 ez-toc-heading-level-2'><a class=\"ez-toc-link ez-toc-heading-7\" href=\"https:\/\/vasco-electronics.hu\/cikkek\/utazas\/europa-10-legjobb-karacsonyi-vasara\/#3_Ausztria_%E2%80%93_Csaszari_karacsonyi_elegancia\" >3. Ausztria \u2013 Cs\u00e1sz\u00e1ri kar\u00e1csonyi elegancia<\/a><ul class='ez-toc-list-level-3' ><li class='ez-toc-heading-level-3'><a class=\"ez-toc-link ez-toc-heading-8\" href=\"https:\/\/vasco-electronics.hu\/cikkek\/utazas\/europa-10-legjobb-karacsonyi-vasara\/#Christkindlmarkt_a_Rathausplatzon\" >Christkindlmarkt a Rathausplatzon<\/a><\/li><li class='ez-toc-page-1 ez-toc-heading-level-3'><a class=\"ez-toc-link ez-toc-heading-9\" href=\"https:\/\/vasco-electronics.hu\/cikkek\/utazas\/europa-10-legjobb-karacsonyi-vasara\/#A_hires_Herzerlbaum_%E2%80%94_A_kivansagok_faja\" >A h\u00edres Herzerlbaum \u2014 A k\u00edv\u00e1ns\u00e1gok f\u00e1ja<\/a><\/li><\/ul><\/li><li class='ez-toc-page-1 ez-toc-heading-level-2'><a class=\"ez-toc-link ez-toc-heading-10\" href=\"https:\/\/vasco-electronics.hu\/cikkek\/utazas\/europa-10-legjobb-karacsonyi-vasara\/#Schonbrunni_kastely_karacsonyi_vasar\" >Sch\u00f6nbrunni kast\u00e9ly kar\u00e1csonyi v\u00e1s\u00e1r<\/a><\/li><li class='ez-toc-page-1 ez-toc-heading-level-2'><a class=\"ez-toc-link ez-toc-heading-11\" href=\"https:\/\/vasco-electronics.hu\/cikkek\/utazas\/europa-10-legjobb-karacsonyi-vasara\/#Belvedere_karacsonyi_vasar\" >Belvedere kar\u00e1csonyi v\u00e1s\u00e1r<\/a><ul class='ez-toc-list-level-3' ><li class='ez-toc-heading-level-3'><a class=\"ez-toc-link ez-toc-heading-12\" href=\"https:\/\/vasco-electronics.hu\/cikkek\/utazas\/europa-10-legjobb-karacsonyi-vasara\/#Helyi_finomsagok_amelyeket_erdemes_megkostolni\" >Helyi finoms\u00e1gok, amelyeket \u00e9rdemes megk\u00f3stolni<\/a><\/li><\/ul><\/li><li class='ez-toc-page-1 ez-toc-heading-level-2'><a class=\"ez-toc-link ez-toc-heading-13\" href=\"https:\/\/vasco-electronics.hu\/cikkek\/utazas\/europa-10-legjobb-karacsonyi-vasara\/#4_Egyesult_Kiralysag_%E2%80%93_London_unnepi_csodavilaga\" >4. Egyes\u00fclt Kir\u00e1lys\u00e1g \u2013 London \u00fcnnepi csodavil\u00e1ga<\/a><ul class='ez-toc-list-level-3' ><li class='ez-toc-heading-level-3'><a class=\"ez-toc-link ez-toc-heading-14\" href=\"https:\/\/vasco-electronics.hu\/cikkek\/utazas\/europa-10-legjobb-karacsonyi-vasara\/#Hyde_Park_%E2%80%93_Winter_Wonderland\" >Hyde Park \u2013 Winter Wonderland<\/a><\/li><li class='ez-toc-page-1 ez-toc-heading-level-3'><a class=\"ez-toc-link ez-toc-heading-15\" href=\"https:\/\/vasco-electronics.hu\/cikkek\/utazas\/europa-10-legjobb-karacsonyi-vasara\/#London_tovabbi_vasarai\" >London tov\u00e1bbi v\u00e1s\u00e1rai<\/a><\/li><li class='ez-toc-page-1 ez-toc-heading-level-3'><a class=\"ez-toc-link ez-toc-heading-16\" href=\"https:\/\/vasco-electronics.hu\/cikkek\/utazas\/europa-10-legjobb-karacsonyi-vasara\/#Helyi_finomsagok_amelyeket_erdemes_megkostolni-2\" >Helyi finoms\u00e1gok, amelyeket \u00e9rdemes megk\u00f3stolni<\/a><\/li><\/ul><\/li><li class='ez-toc-page-1 ez-toc-heading-level-2'><a class=\"ez-toc-link ez-toc-heading-17\" href=\"https:\/\/vasco-electronics.hu\/cikkek\/utazas\/europa-10-legjobb-karacsonyi-vasara\/#Bolzano_%E2%80%93_Az_olasz_karacsony_klasszikusa\" >Bolzano \u2013 Az olasz kar\u00e1csony klasszikusa<\/a><\/li><li class='ez-toc-page-1 ez-toc-heading-level-2'><a class=\"ez-toc-link ez-toc-heading-18\" href=\"https:\/\/vasco-electronics.hu\/cikkek\/utazas\/europa-10-legjobb-karacsonyi-vasara\/#Merano_%E2%80%93_A_tokeletes_teli_menedek\" >Merano \u2013 A t\u00f6k\u00e9letes t\u00e9li mened\u00e9k<\/a><\/li><li class='ez-toc-page-1 ez-toc-heading-level-2'><a class=\"ez-toc-link ez-toc-heading-19\" href=\"https:\/\/vasco-electronics.hu\/cikkek\/utazas\/europa-10-legjobb-karacsonyi-vasara\/#Trento_%E2%80%93_Egy_alpesi_mesekonyv_lapjai\" >Trento \u2013 Egy alpesi mesek\u00f6nyv lapjai<\/a><ul class='ez-toc-list-level-3' ><li class='ez-toc-heading-level-3'><a class=\"ez-toc-link ez-toc-heading-20\" href=\"https:\/\/vasco-electronics.hu\/cikkek\/utazas\/europa-10-legjobb-karacsonyi-vasara\/#Helyi_specialitasok_amelyeket_erdemes_megkostolni\" >Helyi specialit\u00e1sok, amelyeket \u00e9rdemes megk\u00f3stolni<\/a><\/li><\/ul><\/li><li class='ez-toc-page-1 ez-toc-heading-level-2'><a class=\"ez-toc-link ez-toc-heading-21\" href=\"https:\/\/vasco-electronics.hu\/cikkek\/utazas\/europa-10-legjobb-karacsonyi-vasara\/#6_Csehorszag_%E2%80%93_Praga_a_hetvegi_kiruccanasok_ikonja\" >6. Csehorsz\u00e1g \u2013 Pr\u00e1ga, a h\u00e9tv\u00e9gi kiruccan\u00e1sok ikonja<\/a><ul class='ez-toc-list-level-3' ><li class='ez-toc-heading-level-3'><a class=\"ez-toc-link ez-toc-heading-22\" href=\"https:\/\/vasco-electronics.hu\/cikkek\/utazas\/europa-10-legjobb-karacsonyi-vasara\/#Ovarosi_ter_karacsonyi_vasar_Old_Town_Square\" >\u00d3v\u00e1rosi t\u00e9r kar\u00e1csonyi v\u00e1s\u00e1r (Old Town Square)<\/a><\/li><li class='ez-toc-page-1 ez-toc-heading-level-3'><a class=\"ez-toc-link ez-toc-heading-23\" href=\"https:\/\/vasco-electronics.hu\/cikkek\/utazas\/europa-10-legjobb-karacsonyi-vasara\/#Vencel_ter_vasar\" >Vencel t\u00e9r v\u00e1s\u00e1r<\/a><\/li><li class='ez-toc-page-1 ez-toc-heading-level-3'><a class=\"ez-toc-link ez-toc-heading-24\" href=\"https:\/\/vasco-electronics.hu\/cikkek\/utazas\/europa-10-legjobb-karacsonyi-vasara\/#Karacsonyi_vasar_a_Pragai_Varban\" >Kar\u00e1csonyi v\u00e1s\u00e1r a Pr\u00e1gai V\u00e1rban<\/a><\/li><li class='ez-toc-page-1 ez-toc-heading-level-3'><a class=\"ez-toc-link ez-toc-heading-25\" href=\"https:\/\/vasco-electronics.hu\/cikkek\/utazas\/europa-10-legjobb-karacsonyi-vasara\/#Helyi_finomsagok_amelyeket_erdemes_megkostolni-3\" >Helyi finoms\u00e1gok, amelyeket \u00e9rdemes megk\u00f3stolni<\/a><\/li><\/ul><\/li><li class='ez-toc-page-1 ez-toc-heading-level-2'><a class=\"ez-toc-link ez-toc-heading-26\" href=\"https:\/\/vasco-electronics.hu\/cikkek\/utazas\/europa-10-legjobb-karacsonyi-vasara\/#7_Lengyelorszag_%E2%80%93_Karacsonyi_hangulat_nagy_szivvel\" >7. Lengyelorsz\u00e1g \u2013 Kar\u00e1csonyi hangulat nagy sz\u00edvvel<\/a><ul class='ez-toc-list-level-3' ><li class='ez-toc-heading-level-3'><a class=\"ez-toc-link ez-toc-heading-27\" href=\"https:\/\/vasco-electronics.hu\/cikkek\/utazas\/europa-10-legjobb-karacsonyi-vasara\/#Wroclaw_%E2%80%93_Mesekonyvbe_illo_karacsonyi_vasar\" >Wroc\u0142aw \u2013 Mesek\u00f6nyvbe ill\u0151 kar\u00e1csonyi v\u00e1s\u00e1r<\/a><\/li><li class='ez-toc-page-1 ez-toc-heading-level-3'><a class=\"ez-toc-link ez-toc-heading-28\" href=\"https:\/\/vasco-electronics.hu\/cikkek\/utazas\/europa-10-legjobb-karacsonyi-vasara\/#Krakow_%E2%80%93_A_trombitas_tere\" >Krak\u00f3w \u2013 A trombit\u00e1s tere<\/a><\/li><li class='ez-toc-page-1 ez-toc-heading-level-3'><a class=\"ez-toc-link ez-toc-heading-29\" href=\"https:\/\/vasco-electronics.hu\/cikkek\/utazas\/europa-10-legjobb-karacsonyi-vasara\/#Gdansk_%E2%80%93_A_balti_teli_ekszerdoboz\" >Gda\u0144sk \u2013 A balti t\u00e9li \u00e9kszerdoboz<\/a><\/li><li class='ez-toc-page-1 ez-toc-heading-level-3'><a class=\"ez-toc-link ez-toc-heading-30\" href=\"https:\/\/vasco-electronics.hu\/cikkek\/utazas\/europa-10-legjobb-karacsonyi-vasara\/#Lengyel_specialitasok_amelyeket_erdemes_megkostolni\" >Lengyel specialit\u00e1sok, amelyeket \u00e9rdemes megk\u00f3stolni<\/a><\/li><\/ul><\/li><li class='ez-toc-page-1 ez-toc-heading-level-2'><a class=\"ez-toc-link ez-toc-heading-31\" href=\"https:\/\/vasco-electronics.hu\/cikkek\/utazas\/europa-10-legjobb-karacsonyi-vasara\/#8_Magyarorszag_%E2%80%93_Budapest_a_forro_italok_paradicsoma\" >8. Magyarorsz\u00e1g \u2013 Budapest, a forr\u00f3 italok paradicsoma<\/a><ul class='ez-toc-list-level-3' ><li class='ez-toc-heading-level-3'><a class=\"ez-toc-link ez-toc-heading-32\" href=\"https:\/\/vasco-electronics.hu\/cikkek\/utazas\/europa-10-legjobb-karacsonyi-vasara\/#A_Vorosmarty_teri_karacsonyi_vasar\" >A V\u00f6r\u00f6smarty t\u00e9ri kar\u00e1csonyi v\u00e1s\u00e1r<\/a><\/li><li class='ez-toc-page-1 ez-toc-heading-level-3'><a class=\"ez-toc-link ez-toc-heading-33\" href=\"https:\/\/vasco-electronics.hu\/cikkek\/utazas\/europa-10-legjobb-karacsonyi-vasara\/#Karacsonyi_vasar_a_Szent_Istvan_Bazilikanal\" >Kar\u00e1csonyi v\u00e1s\u00e1r a Szent Istv\u00e1n Bazilik\u00e1n\u00e1l<\/a><\/li><li class='ez-toc-page-1 ez-toc-heading-level-3'><a class=\"ez-toc-link ez-toc-heading-34\" href=\"https:\/\/vasco-electronics.hu\/cikkek\/utazas\/europa-10-legjobb-karacsonyi-vasara\/#Magyar_specialitasok_amelyeket_erdemes_megkostolni\" >Magyar specialit\u00e1sok, amelyeket \u00e9rdemes megk\u00f3stolni<\/a><\/li><\/ul><\/li><li class='ez-toc-page-1 ez-toc-heading-level-2'><a class=\"ez-toc-link ez-toc-heading-35\" href=\"https:\/\/vasco-electronics.hu\/cikkek\/utazas\/europa-10-legjobb-karacsonyi-vasara\/#9_Dania_%E2%80%93_Koppenhaga_meghitt_karacsonyi_ragyogasa\" >9. D\u00e1nia \u2013 Koppenh\u00e1ga meghitt kar\u00e1csonyi ragyog\u00e1sa<\/a><ul class='ez-toc-list-level-3' ><li class='ez-toc-heading-level-3'><a class=\"ez-toc-link ez-toc-heading-36\" href=\"https:\/\/vasco-electronics.hu\/cikkek\/utazas\/europa-10-legjobb-karacsonyi-vasara\/#Tivoli_%E2%80%93_karacsonyi_vasar_az_osi_vidamparkban\" >Tivoli \u2013 kar\u00e1csonyi v\u00e1s\u00e1r az \u0151si vid\u00e1mparkban<\/a><\/li><li class='ez-toc-page-1 ez-toc-heading-level-3'><a class=\"ez-toc-link ez-toc-heading-37\" href=\"https:\/\/vasco-electronics.hu\/cikkek\/utazas\/europa-10-legjobb-karacsonyi-vasara\/#Nyhavn_karacsonyi_vasar\" >Nyhavn kar\u00e1csonyi v\u00e1s\u00e1r<\/a><\/li><li class='ez-toc-page-1 ez-toc-heading-level-3'><a class=\"ez-toc-link ez-toc-heading-38\" href=\"https:\/\/vasco-electronics.hu\/cikkek\/utazas\/europa-10-legjobb-karacsonyi-vasara\/#Dan_finomsagok_amelyeket_erdemes_megkostolni\" >D\u00e1n finoms\u00e1gok, amelyeket \u00e9rdemes megk\u00f3stolni<\/a><\/li><\/ul><\/li><li class='ez-toc-page-1 ez-toc-heading-level-2'><a class=\"ez-toc-link ez-toc-heading-39\" href=\"https:\/\/vasco-electronics.hu\/cikkek\/utazas\/europa-10-legjobb-karacsonyi-vasara\/#10_Finnorszag_%E2%80%93_Rovaniemi_a_Mikulas_hivatalos_otthona\" >10. Finnorsz\u00e1g \u2013 Rovaniemi, a Mikul\u00e1s hivatalos otthona<\/a><ul class='ez-toc-list-level-3' ><li class='ez-toc-heading-level-3'><a class=\"ez-toc-link ez-toc-heading-40\" href=\"https:\/\/vasco-electronics.hu\/cikkek\/utazas\/europa-10-legjobb-karacsonyi-vasara\/#Santa_Claus_Village\" >Santa Claus Village<\/a><\/li><li class='ez-toc-page-1 ez-toc-heading-level-3'><a class=\"ez-toc-link ez-toc-heading-41\" href=\"https:\/\/vasco-electronics.hu\/cikkek\/utazas\/europa-10-legjobb-karacsonyi-vasara\/#Rovaniemi_karacsonyi_vasar\" >Rovaniemi kar\u00e1csonyi v\u00e1s\u00e1r<\/a><\/li><li class='ez-toc-page-1 ez-toc-heading-level-3'><a class=\"ez-toc-link ez-toc-heading-42\" href=\"https:\/\/vasco-electronics.hu\/cikkek\/utazas\/europa-10-legjobb-karacsonyi-vasara\/#Finn_specialitasok_amelyeket_erdemes_megkostolni\" >Finn specialit\u00e1sok, amelyeket \u00e9rdemes megk\u00f3stolni<\/a><\/li><\/ul><\/li><li class='ez-toc-page-1 ez-toc-heading-level-2'><a class=\"ez-toc-link ez-toc-heading-43\" href=\"https:\/\/vasco-electronics.hu\/cikkek\/utazas\/europa-10-legjobb-karacsonyi-vasara\/#A_karacsonyi_utazasod_most_kezdodik\" >A kar\u00e1csonyi utaz\u00e1sod most kezd\u0151dik<\/a><ul class='ez-toc-list-level-3' ><li class='ez-toc-heading-level-3'><a class=\"ez-toc-link ez-toc-heading-44\" href=\"https:\/\/vasco-electronics.hu\/cikkek\/utazas\/europa-10-legjobb-karacsonyi-vasara\/#Vasco_Translator_forditogep_a_legjobb_karacsonyi_vasarok_felfedezesehez\" >Vasco Translator ford\u00edt\u00f3g\u00e9p a legjobb kar\u00e1csonyi v\u00e1s\u00e1rok felfedez\u00e9s\u00e9hez<\/a><\/li><\/ul><\/li><\/ul><\/nav><\/div>\n\n<p>Igen, j\u00f3l gondolod: Mariah Carey lassan kiolvad. A kar\u00e1csonyi szezon hivatalosan is elkezd\u0151d\u00f6tt.<\/p>\n<p>De valljuk be: min\u00e9l id\u0151sebbek vagyunk, ann\u00e1l nehezebb \u00fajra \u00e1t\u00e9lni azt a gyermeki izgatotts\u00e1got \u2014 azt, amikor visszasz\u00e1moltad a napokat Mikul\u00e1s \u00e9rkez\u00e9s\u00e9ig, \u00e9s biztos volt\u00e1l benne, hogy a h\u00f3 garant\u00e1lt, mert \u201edecember van, h\u00e1t persze\u201d.<\/p>\n<p><strong>De ne agg\u00f3dj, a var\u00e1zslat nem t\u0171nt el. <\/strong>Csak tudnod kell, hol keresd. \u00c9s van valami abban, amikor <strong>Eur\u00f3pa legszebb kar\u00e1csonyi v\u00e1s\u00e1rain s\u00e9t\u00e1lsz, ami visszahozza azt a r\u00e9gi, gyermeki r\u00e1csod\u00e1lkoz\u00e1st.<\/strong><\/p>\n<p>Tal\u00e1n a sz\u00e1z\u00e9ves \u00e9p\u00fcleteken t\u00fckr\u00f6z\u0151d\u0151 f\u00e9nyek, a s\u00fclt gesztenye \u00e9s a forralt bor illata, vagy az \u00e9nekkarok hangja, amely visszhangzik a macskak\u00f6ves utc\u00e1kon. B\u00e1rmi legyen is az \u2014 m\u0171k\u00f6dik.<\/p>\n<p>Hol vannak Eur\u00f3pa legjobb kar\u00e1csonyi v\u00e1s\u00e1rai?<\/p>\n<p>Eur\u00f3pa legszebb kar\u00e1csonyi v\u00e1s\u00e1rai: \u00c9s b\u00e1r a kar\u00e1csonyi v\u00e1s\u00e1rok m\u00e1r az eg\u00e9sz vil\u00e1gon elterjedtek, Eur\u00f3pa tov\u00e1bbra is a m\u0171faj koron\u00e1zatlan kir\u00e1lya. A k\u00f6z\u00e9pkori v\u00e1rosokt\u00f3l, amelyek ezernyi f\u00e9nyben ragyognak, eg\u00e9szen a Mikul\u00e1s hivatalos otthon\u00e1ig \u2014 <strong>az eur\u00f3pai kar\u00e1csonyi v\u00e1s\u00e1rok nem csup\u00e1n t\u00e9li \u00fati tippek: val\u00f3s\u00e1gos, var\u00e1zslatos \u00e9lm\u00e9nyek.<\/strong><\/p>\n<p>T\u00e9li utaz\u00e1si \u00f6tletek: \u00dagyhogy vedd fel a legmelegebb sapk\u00e1dat \u00e9s a legpuh\u00e1bb keszty\u0171idet. Itt az id\u0151, hogy felkutassuk a kar\u00e1csonyi hangulatot Eur\u00f3pa legjobb v\u00e1s\u00e1rain.<\/p>\n<p><img decoding=\"async\" src=\"https:\/\/vasco-electronics.hu\/cikkek\/wp-content\/uploads\/2025\/12\/ff87aba5-00f7-49ba-a528-f700d59e239c.jpeg\" alt=\"N\u00e9met kar\u00e1csonyi v\u00e1s\u00e1r fa standokkal \u00e9s egy g\u00f3tikus katedr\u00e1lis h\u00e1tter\u00e9vel\" \/><\/p>\n<p><strong>Eur\u00f3pa legszebb kar\u00e1csonyi v\u00e1s\u00e1rai: <\/strong>Ha komolyan gondolod, hogy a vil\u00e1g legjobb kar\u00e1csonyi v\u00e1s\u00e1rait szeretn\u00e9d l\u00e1tni, N\u00e9metorsz\u00e1g kihagyhatatlan e t\u00e9ren. Itt kezd\u0151d\u00f6tt minden, \u00e9s a n\u00e9meteknek \u00e9vsz\u00e1zadaik voltak arra, hogy t\u00f6k\u00e9lyre fejlessz\u00e9k a m\u0171fajt. T\u00f6bb mint <strong>2500<\/strong> v\u00e1s\u00e1rral az orsz\u00e1g <a href=\"https:\/\/vasco-electronics.hu\/cikkek\/utazas\/global-karacsony-tippek\/\">minden pontj\u00e1n ak\u00e1r egy teljes telet is elt\u00f6lthetsz utazgatva<\/a> egyik var\u00e1zslatos v\u00e1rosb\u00f3l a m\u00e1sikba \u2014 \u00e9s \u0151szint\u00e9n sz\u00f3lva ez egy el\u00e9g j\u00f3 \u00e9letstrat\u00e9gi\u00e1nak hangzik. Na de melyik kar\u00e1csonyi v\u00e1s\u00e1rba induljak a sok k\u00f6z\u00fcl?<\/p>\n<h2><span class=\"ez-toc-section\" id=\"A_legregebbi_karacsonyi_vasar\"><\/span>A legr\u00e9gebbi kar\u00e1csonyi v\u00e1s\u00e1r<span class=\"ez-toc-section-end\"><\/span><\/h2>\n<p>K\u00e9t v\u00e1ros verseng a c\u00edm\u00e9rt: Frankfurt \u00e9s Drezda. Ez a kett\u0151 a legr\u00e9gebbi v\u00e1s\u00e1r Eur\u00f3p\u00e1ban, nemcsak N\u00e9metorsz\u00e1gban.<\/p>\n<p>A <strong>frankfurti kar\u00e1csonyi v\u00e1s\u00e1r<\/strong> gy\u00f6kerei 1393-ig ny\u00falnak vissza, amikor m\u00e9g \u201edecemberi piac\u201d n\u00e9ven futott \u2014 \u00edgy a vil\u00e1g egyik legr\u00e9gebbi dokument\u00e1lt v\u00e1s\u00e1ra.<\/p>\n<p>De a <strong>drezdai Striezelmarkt<\/strong>, amelyet 1434-ben alap\u00edtottak, az els\u0151 val\u00f3di kar\u00e1csonyi v\u00e1s\u00e1rnak sz\u00e1m\u00edt a mai \u00e9rtelemben.<br \/>\nFrankfurt kor\u00e1bbi volt, de Drezda alkotta meg azt a modellt, amelyet k\u00e9s\u0151bb mindenki k\u00f6vetett.<\/p>\n<h2><span class=\"ez-toc-section\" id=\"Tovabbi_kihagyhatatlan_nemet_karacsonyi_vasarok\"><\/span>Tov\u00e1bbi kihagyhatatlan n\u00e9met kar\u00e1csonyi v\u00e1s\u00e1rok<span class=\"ez-toc-section-end\"><\/span><\/h2>\n<p><strong>N\u00fcrnberg \u2013 Christkindlesmarkt<\/strong><br \/>\nLegend\u00e1s. A piros\u2013feh\u00e9r cs\u00edkos b\u00f3d\u00e9kkal \u00e9s a h\u00edres megnyit\u00f3val, amelyet a Christkind \u2014 egy aranysz\u00e1rny\u00fa angyal \u2014 tart, ez a v\u00e1s\u00e1r maga a kar\u00e1csonyi mesevil\u00e1g. N\u00e9metorsz\u00e1g legl\u00e1tv\u00e1nyosabb mesebeli v\u00e1s\u00e1ra.<\/p>\n<p><strong>K\u00f6ln \u2013 t\u00f6bb v\u00e1s\u00e1r, egy v\u00e1ros<\/strong><br \/>\nA v\u00e1ros t\u00f6bb kar\u00e1csonyi v\u00e1s\u00e1rt is tart, k\u00f6zt\u00fck egyet a hatalmas g\u00f3tikus d\u00f3m \u00e1rny\u00e9k\u00e1ban.<\/p>\n<p><strong>M\u00fcnchen \u2013 Christkindlmarkt a Marienplatzon<\/strong><br \/>\nA bajor f\u0151v\u00e1ros tudja, hogyan kell \u00fcnnepelni, azaz a Marienplatz kar\u00e1csonyi v\u00e1s\u00e1ra a v\u00e1ros f\u00e9nypontja. Kar\u00e1csony illata sz\u00e1ll a leveg\u0151ben. Best adventi v\u00e1s\u00e1r Eur\u00f3p\u00e1ban december sor\u00e1n. L\u00e1togat\u00f3kat vonz a k\u00f6rnyez\u0151 orsz\u00e1gokb\u00f3l is, kiemelked\u0151 \u00e9lm\u00e9nyt ny\u00fajt e t\u00e9ren. A v\u00e1s\u00e1r janu\u00e1r elej\u00e9n v\u00e9get \u00e9r.<\/p>\n<h2><span class=\"ez-toc-section\" id=\"Helyi_finomsagok_amelyeket_nem_hagyhatsz_ki\"><\/span>Helyi finoms\u00e1gok, amelyeket nem hagyhatsz ki<span class=\"ez-toc-section-end\"><\/span><\/h2>\n<p><strong>Lebkuchen<\/strong> \u2013 N\u00fcrnberg h\u00edres m\u00e9zeskal\u00e1csa. Nem egyszer\u0171 s\u00fcti: f\u0171szeres, m\u00e9zes, t\u00f6k\u00e9letes.<\/p>\n<p><strong>Bratwurst<\/strong> \u2013 Grillezett kolb\u00e1sz, amely decemberben, hidegben a legjobb.<\/p>\n<p><strong>Stollen<\/strong> \u2013 Drezda aj\u00e1nd\u00e9ka a vil\u00e1gnak: gy\u00fcm\u00f6lcs\u00f6s, s\u0171r\u0171, porcukros kal\u00e1cs, amely maga a kar\u00e1csony \u00edze.<\/p>\n<p><strong>Kartoffelpuffer<\/strong> \u2013 Ropog\u00f3s burgonyalep\u00e9ny alma- vagy tejf\u00f6llel.<\/p>\n<div class=\"faq-section\">\n<h3><span class=\"ez-toc-section\" id=\"GYIK_%E2%80%93_Gyakran_Ismetelt_Kerdesek\"><\/span>GYIK \u2013 Gyakran Ism\u00e9telt K\u00e9rd\u00e9sek<span class=\"ez-toc-section-end\"><\/span><\/h3>\n<h4 class=\"question1\">Melyik orsz\u00e1gban vannak Eur\u00f3pa legjobb kar\u00e1csonyi v\u00e1s\u00e1rai?<\/h4>\n<div class=\"answer1\">Egy\u00e9rtelm\u0171en N\u00e9metorsz\u00e1gban.<br \/>\nT\u00f6bb mint 2500 v\u00e1s\u00e1rral \u00e9s \u00e9vsz\u00e1zados hagyom\u00e1nyokkal ez a modern kar\u00e1csonyi v\u00e1s\u00e1rok sz\u00fcl\u0151helye. \u00cdgy h\u00e1t ez a legjobb kar\u00e1csonyi v\u00e1s\u00e1rok helysz\u00edne.<\/div>\n<h4 class=\"question2\">Melyik Eur\u00f3pa legink\u00e1bb kar\u00e1csonyi hangulat\u00fa v\u00e1rosa?<\/h4>\n<div class=\"answer2\">Rovaniemi, Finnorsz\u00e1g.<br \/>\nAhol eg\u00e9sz \u00e9vben jelen van a kar\u00e1csony hangulata \u2014 hivatalosan is.<\/div>\n<h4 class=\"question3\">Melyik a vil\u00e1g legh\u00edresebb kar\u00e1csonyi v\u00e1s\u00e1ra?<\/h4>\n<div class=\"answer3\">A n\u00fcrnbergi Christkindlesmarkt.<br \/>\nA 16. sz\u00e1zad k\u00f6zep\u00e9ig ny\u00falik vissza, vil\u00e1gszerte ismert:\u2022 piros\u2013feh\u00e9r cs\u00edkos b\u00f3d\u00e9ir\u00f3l<br \/>\n\u2022 a Christkind \u00fcnnep\u00e9lyes megnyit\u00f3j\u00e1r\u00f3l<br \/>\n\u2022 h\u00edres n\u00fcrnbergi m\u00e9zeskal\u00e1cs\u00e1r\u00f3l<\/div>\n<h4 class=\"question4\">Melyik Eur\u00f3pa legink\u00e1bb kar\u00e1csony hangulat\u00fa orsz\u00e1ga?<\/h4>\n<div class=\"answer4\">Ausztria.<br \/>\nA cs\u00e1sz\u00e1ri elegancia, a hagyom\u00e1nyok, a f\u00e9nyek \u00e9s a hangulat t\u00f6k\u00e9letes tal\u00e1lkoz\u00e1sa.<\/div>\n<h4 class=\"question5\">Melyik Eur\u00f3pa \u201ekar\u00e1csonyi f\u0151v\u00e1rosa\u201d?<\/h4>\n<div class=\"answer5\">Strasbourg, Franciaorsz\u00e1g.<br \/>\nA v\u00e1ros maga is \u00edgy nevezi mag\u00e1t \u2014 \u00e9s teljes m\u00e9rt\u00e9kben r\u00e1szolg\u00e1l.<\/div>\n<h4 class=\"question6\">Hol a legvar\u00e1zslatosabb Eur\u00f3p\u00e1ban a kar\u00e1csony?<\/h4>\n<div class=\"answer6\">\u0150szint\u00e9n? Szinte mindenhol.<br \/>\n<a href=\"https:\/\/vasco-electronics.hu\/cikkek\/utazas\/furcsa-karacsonyi-szokasok-szerte-a-vilagon\/\">A kar\u00e1csony var\u00e1zsa nem csak helysz\u00ednb\u0151l \u00e1ll; abb\u00f3l fakad, ahogy az emberek \u00fcnnepelnek, a hagyom\u00e1nyokb\u00f3l<\/a>, a f\u00e9nyekb\u0151l, az illatokb\u00f3l.De van n\u00e9h\u00e1ny hely, ahol mindez m\u00e9g ink\u00e1bb \u00e9letre kel \u2014 \u00e9s ezek szerepelnek ezen a list\u00e1n.<\/div>\n<h4 class=\"question7\">Melyek a legjobb kar\u00e1csonyi v\u00e1s\u00e1rok Eur\u00f3p\u00e1ban 2025-ben?<\/h4>\n<div class=\"answer7\">\n<p>Eur\u00f3pa legjobb kar\u00e1csonyi v\u00e1s\u00e1rai 2025-ben:<\/p>\n<p>\u2022 Hagyom\u00e1nykeres\u0151knek: N\u00fcrnberg vagy Strasbourg<br \/>\n\u2022 T\u00e9li var\u00e1zslathoz: Bolzano<br \/>\n\u2022 V\u00e1rosi f\u00e9nyekhez: London<br \/>\n\u2022 Mes\u00e9s hangulat\u00e9rt: Koppenh\u00e1ga Tivoli<br \/>\n\u2022 \u201eIgazi Mikul\u00e1s-\u00e9lm\u00e9ny\u00e9rt\u201d: Rovaniemi<\/p>\n<\/div>\n<\/div>\n<p><img decoding=\"async\" src=\"https:\/\/vasco-electronics.hu\/cikkek\/wp-content\/uploads\/2025\/12\/f5effb8a-68fa-4f3b-a5ee-698af769cd31.jpeg\" alt=\"Francia kar\u00e1csonyi v\u00e1s\u00e1r hagyom\u00e1nyos, feld\u00edsz\u00edtett fav\u00e1zas h\u00e1zak k\u00f6z\u00f6tt\" \/><\/p>\n<h2><span class=\"ez-toc-section\" id=\"2_Franciaorszag_%E2%80%93_A_karacsony_mesebeli_fovarosa\"><\/span><strong>2. Franciaorsz\u00e1g \u2013 A kar\u00e1csony mesebeli f\u0151v\u00e1rosa<\/strong><span class=\"ez-toc-section-end\"><\/span><\/h2>\n<p>Hangulatos t\u00e9li kir\u00e1ndul\u00e1sok: Ha valaha is k\u00edv\u00e1ncsi volt\u00e1l, hogyan n\u00e9zne ki egy Disney \u00e1ltal tervezett kar\u00e1csonyi falu, akkor l\u00e1togass el <strong>Strasbourgba<\/strong>.<br \/>\nEz a v\u00e1ros \u2014 amelyet La Petite France n\u00e9ven is ismernek \u2014 eg\u00e9sz \u00e9vben gy\u00f6ny\u00f6r\u0171, de decemberben?<br \/>\nOlyan szinten v\u00e1lik mesebeliv\u00e9, hogy szinte m\u00e1r igazs\u00e1gtalan.<\/p>\n<p>Sz\u00ednes fav\u00e1zas h\u00e1zak, puha aranyf\u00e9nyek, egy hatalmas kar\u00e1csonyfa, amely olyan, mintha egy t\u00f6rt\u00e9netk\u00f6nyvbe l\u00e9pn\u00e9l. Strasbourg nem viccel: a v\u00e1ros hivatalosan is <strong>\u201eA kar\u00e1csony f\u0151v\u00e1ros\u00e1nak\u201d<\/strong> nevezi mag\u00e1t.<\/p>\n<p>B\u00e1r Franciaorsz\u00e1g tele van gy\u00f6ny\u00f6r\u0171 kar\u00e1csonyi v\u00e1s\u00e1rokkal (p\u00e9ld\u00e1ul a p\u00e1rizsi La D\u00e9fense v\u00e1s\u00e1r\u00e1val), Strasbourg eg\u00e9szen m\u00e1s liga.<br \/>\nSokan Eur\u00f3pa legszebb kar\u00e1csonyi v\u00e1s\u00e1r\u00e1nak tartj\u00e1k.<\/p>\n<p>Tal\u00e1n az elz\u00e1szi hangulat miatt, amely \u00f6tv\u00f6zi a francia eleganci\u00e1t \u00e9s a <a href=\"https:\/\/vasco-electronics.hu\/cikkek\/utazas\/furcsa-karacsonyi-szokasok-szerte-a-vilagon\/\">n\u00e9met hagyom\u00e1nyokat<\/a>.<br \/>\nTal\u00e1n az\u00e9rt, mert az eg\u00e9sz \u00f3v\u00e1ros f\u00e9ny\u00e1rban \u00fasz\u00f3 t\u00e9li csodavil\u00e1gg\u00e1 v\u00e1ltozik.<br \/>\nAk\u00e1rmi legyen is az oka \u2014 Strasbourg m\u00e9g Franciaorsz\u00e1gban is kiemelkedik. Ak\u00e1r m\u00e9g Sv\u00e1jc is megirigyelheti.<\/p>\n<h3><span class=\"ez-toc-section\" id=\"Helyi_finomsagok_amelyeket_nem_hagyhatsz_ki-2\"><\/span><strong>Helyi finoms\u00e1gok, amelyeket nem hagyhatsz ki<\/strong><span class=\"ez-toc-section-end\"><\/span><\/h3>\n<p><strong>Bredele<\/strong> \u2013 S\u00fctem\u00e9ny, azaz apr\u00f3, oml\u00f3s elz\u00e1szi s\u00fctem\u00e9nyek.<\/p>\n<p><strong>Vin chaud<\/strong> \u2013 Francia forralt bor.<\/p>\n<p><strong>Tarte flamb\u00e9e (flammkuchen)<\/strong> \u2013 V\u00e9kony t\u00e9szt\u00e1j\u00fa elz\u00e1szi specialit\u00e1s tejf\u00f6llel, hagym\u00e1val \u00e9s szalonn\u00e1val.<\/p>\n<p><strong>Amandes grill\u00e9es<\/strong> \u2013 Fah\u00e9jas-cukros mandula, amely rendk\u00edv\u00fcl addikt\u00edv.<\/p>\n<h2><span class=\"ez-toc-section\" id=\"3_Ausztria_%E2%80%93_Csaszari_karacsonyi_elegancia\"><\/span><strong>3. Ausztria \u2013 Cs\u00e1sz\u00e1ri kar\u00e1csonyi elegancia<\/strong><span class=\"ez-toc-section-end\"><\/span><\/h2>\n<p>T\u00e9li sz\u00fcneti utaz\u00e1si \u00f6tletek: Ha kar\u00e1csonynak saj\u00e1t filmzen\u00e9je lenne, az osztr\u00e1k lenne.<br \/>\nEz a <em>Csendes \u00e9j<\/em> haz\u00e1ja, a f\u00e9nybe \u00f6lt\u00f6z\u00f6tt cs\u00e1sz\u00e1ri palot\u00e1k\u00e9 \u00e9s a nyugodt, eleg\u00e1ns \u00fcnnepi hangulat\u00e9.<\/p>\n<p>\u00c9s term\u00e9szetesen egyetlen \u201eEur\u00f3pa legjobb kar\u00e1csonyi v\u00e1s\u00e1rai\u201d lista sem lehet teljes <strong>B\u00e9cs<\/strong> n\u00e9lk\u00fcl. A b\u00e9csi kar\u00e1csonyi v\u00e1s\u00e1r mes\u00e9s. Tal\u00e1n az orsz\u00e1g legszebb kar\u00e1csonyi v\u00e1s\u00e1ra.<\/p>\n<p><img decoding=\"async\" src=\"https:\/\/vasco-electronics.hu\/cikkek\/wp-content\/uploads\/2025\/12\/c7c96c4c-d147-4942-b05d-c705ecf5ebd1.jpeg\" alt=\"B\u00e9csi kar\u00e1csonyi v\u00e1s\u00e1r a kivil\u00e1g\u00edtott v\u00e1rosh\u00e1za el\u0151tt\" \/><\/p>\n<h3><span class=\"ez-toc-section\" id=\"Christkindlmarkt_a_Rathausplatzon\"><\/span><strong>Christkindlmarkt a Rathausplatzon<\/strong><span class=\"ez-toc-section-end\"><\/span><\/h3>\n<p>B\u00e9cs, Ausztria adventi v\u00e1s\u00e1r: Ez az igazi nagy esem\u00e9ny.<br \/>\nEgy hatalmas, \u00fcnnepi vil\u00e1g, k\u00f6zvetlen\u00fcl a neog\u00f3tikus v\u00e1rosh\u00e1za el\u0151tt \u2014 tal\u00e1n a legeleg\u00e1nsabb \u00e9s legromantikusabb v\u00e1s\u00e1r az eg\u00e9sz v\u00e1rosban.<\/p>\n<p>T\u00f6bb mint <strong>100 stand<\/strong> v\u00e1rja a l\u00e1togat\u00f3kat id\u00e9n is: k\u00e9zm\u0171ves d\u00edszekkel, f\u0171szeres forralt italokkal \u00e9s sok finoms\u00e1ggal.<br \/>\n\u00c9s van egy nagy korcsolyap\u00e1lya is, ahol igazi t\u00e9li csodavil\u00e1gban cs\u00faszk\u00e1lhatsz.<\/p>\n<h3><span class=\"ez-toc-section\" id=\"A_hires_Herzerlbaum_%E2%80%94_A_kivansagok_faja\"><\/span><strong>A h\u00edres Herzerlbaum \u2014 A k\u00edv\u00e1ns\u00e1gok f\u00e1ja<\/strong><span class=\"ez-toc-section-end\"><\/span><\/h3>\n<p>Ha romantikus vagy, ezt nem hagyhatod ki.<\/p>\n<p>Minden f\u00e9l\u00f3r\u00e1ban, s\u00f6t\u00e9ted\u00e9st\u0151l este 9-ig a Christkind egy vil\u00e1g\u00edt\u00f3 sz\u00edvet k\u00fcld egy 13 m\u00e9ter magas toronyb\u00f3l a k\u00edv\u00e1ns\u00e1gf\u00e1hoz.<br \/>\nAhogy a sz\u00edv meg\u00e9rkezik, a fa f\u00e9nyben ragyog fel.<\/p>\n<p>T\u00f6k\u00e9letes pillanat szerelmeseknek \u00e9s kar\u00e1csonyrajong\u00f3knak.<\/p>\n<h2><span class=\"ez-toc-section\" id=\"Schonbrunni_kastely_karacsonyi_vasar\"><\/span><strong>Sch\u00f6nbrunni kast\u00e9ly kar\u00e1csonyi v\u00e1s\u00e1r<\/strong><span class=\"ez-toc-section-end\"><\/span><\/h2>\n<p><strong>Eur\u00f3pa legszebb kar\u00e1csonyi v\u00e1s\u00e1rai: <\/strong>Itt a standok k\u00f6z\u00f6tt s\u00e9t\u00e1lva a h\u00e1tt\u00e9rben \u00e1ll az egykori cs\u00e1sz\u00e1ri ny\u00e1ri rezidencia.<br \/>\nA v\u00e1s\u00e1r hangulata k\u00e9zm\u0171vesebb \u00e9s nyugodtabb, mint a belv\u00e1ros forgalmasabb v\u00e1s\u00e1rai. Advent legszebb v\u00e1s\u00e1ra B\u00e9csben, k\u00f6zel az \u00e1llatkerthez. A v\u00e1s\u00e1r janu\u00e1r elej\u00e9n v\u00e9get \u00e9r.<\/p>\n<p>A legt\u00f6bb standot osztr\u00e1k k\u00e9zm\u0171vesek m\u0171k\u00f6dtetik:<\/p>\n<ul>\n<li>k\u00e9zzel k\u00e9sz\u00edtett \u00e9kszerek<\/li>\n<li>\u00fcvegkar\u00e1csonyfad\u00edszek<\/li>\n<li>fa j\u00e1t\u00e9kok<\/li>\n<li>ker\u00e1mi\u00e1k<\/li>\n<li>egyedi, min\u0151s\u00e9gi aj\u00e1nd\u00e9kok<\/li>\n<\/ul>\n<p>A gasztron\u00f3mia is kiemelked\u0151:<\/p>\n<ul>\n<li>forr\u00f3 puncs<\/li>\n<li>hegyi sajtok<\/li>\n<li>f\u00fcst\u00f6lt sonk\u00e1k<\/li>\n<li>must\u00e1r, f\u0171szerek<\/li>\n<li><strong>K\u00e4sesp\u00e4tzle<\/strong><\/li>\n<li>friss <strong>Apfelstrudel<\/strong><\/li>\n<li>rengeteg <strong>puncs<\/strong>vari\u00e1ci\u00f3<\/li>\n<\/ul>\n<p>A v\u00e1s\u00e1r ut\u00e1n s\u00e9t\u00e1lhatsz a palota kertjeiben, vagy felmehetsz a Gloriett\u00e1hoz, ahonnan B\u00e9cs egyik legszebb panor\u00e1m\u00e1ja l\u00e1that\u00f3.<\/p>\n<h2><span class=\"ez-toc-section\" id=\"Belvedere_karacsonyi_vasar\"><\/span><strong>Belvedere kar\u00e1csonyi v\u00e1s\u00e1r<\/strong><span class=\"ez-toc-section-end\"><\/span><\/h2>\n<p>Ha Sch\u00f6nbrunn grandi\u00f3zus, Belvedere <strong>intim \u00e9s meghitt<\/strong>.<\/p>\n<p>A v\u00e1s\u00e1r a fels\u0151 Belvedere-palota el\u0151tt tal\u00e1lhat\u00f3 \u2014 egy csod\u00e1latos barokk \u00e9p\u00fclet el\u0151tt, amely egykor Savoyai Jen\u0151 herceg otthona volt, ma pedig B\u00e9cs egyik legfontosabb m\u0171v\u00e9szeti gy\u0171jtem\u00e9ny\u00e9nek ad otthont, k\u00f6zt\u00fck Gustav Klimt <strong>\u201eA cs\u00f3k\u201d<\/strong> c\u00edm\u0171 festm\u00e9ny\u00e9nek.<\/p>\n<p>A megvil\u00e1g\u00edtott palota t\u00e9len k\u00fcl\u00f6n\u00f6sen leny\u0171g\u00f6z\u0151.<br \/>\nA legszebb l\u00e1tv\u00e1ny a t\u00f3 partj\u00e1r\u00f3l ny\u00edlik.<\/p>\n<h3><span class=\"ez-toc-section\" id=\"Helyi_finomsagok_amelyeket_erdemes_megkostolni\"><\/span><strong>Helyi finoms\u00e1gok, amelyeket \u00e9rdemes megk\u00f3stolni<\/strong><span class=\"ez-toc-section-end\"><\/span><\/h3>\n<p><strong>Punsch<\/strong> \u2013 Az osztr\u00e1k forralt bor er\u0151sebb v\u00e1ltozata, gyakran rummal k\u00e9sz\u00fcl.<\/p>\n<p><strong>Kaiserschmarrn<\/strong> \u2013 Szaggatott palacsinta szilvakomp\u00f3ttal. Laktat\u00f3, \u00e9des \u00e9s nagyon osztr\u00e1k.<\/p>\n<p><strong>K\u00e4sekrainer<\/strong> \u2013 Sajtolt kolb\u00e1sz \u2014 benne olvadt sajttal! Ausztria komolyan veszi ezt.<\/p>\n<p><strong>Sachertorte<\/strong> \u2013 A h\u00edres b\u00e9csi csokol\u00e1d\u00e9torta. Nem biztos, hogy a v\u00e1s\u00e1rban megtal\u00e1lod, de egy k\u00e1v\u00e9h\u00e1zban k\u00f6telez\u0151 kipr\u00f3b\u00e1lni.<\/p>\n<h2><span class=\"ez-toc-section\" id=\"4_Egyesult_Kiralysag_%E2%80%93_London_unnepi_csodavilaga\"><\/span><strong>4. Egyes\u00fclt Kir\u00e1lys\u00e1g \u2013 London \u00fcnnepi csodavil\u00e1ga<\/strong><span class=\"ez-toc-section-end\"><\/span><\/h2>\n<p>M\u00edg Eur\u00f3pa h\u00edres kar\u00e1csonyi v\u00e1s\u00e1rainak t\u00f6bbs\u00e9ge meghitt \u00e9s t\u00f6rt\u00e9nelmi hangulat\u00fa, London mintha azt mondta volna:<\/p>\n<p><strong>\u201eMi lenne, ha mindezt megcsin\u00e1ln\u00e1nk\u2026 csak SOKKAL NAGYOBBAN?\u201d<\/strong><\/p>\n<p>London kar\u00e1csonykor mindent megtesz: f\u00e9nyes, l\u00e1tv\u00e1nyos, te\u00e1tr\u00e1lis, \u00e9s \u00fagy t\u0171nik, mintha a v\u00e1ros a kar\u00e1csonyi olimpi\u00e1n indulna.<\/p>\n<p><img decoding=\"async\" src=\"https:\/\/vasco-electronics.hu\/cikkek\/wp-content\/uploads\/2025\/12\/59b30840-6754-4095-bc4d-4be325881d61.jpeg\" alt=\"Angol kar\u00e1csonyi v\u00e1s\u00e1r j\u00e9gp\u00e1ly\u00e1val \u00e9s \u00fcnnepi l\u00e1tv\u00e1nyoss\u00e1gokkal\" \/><\/p>\n<h3><span class=\"ez-toc-section\" id=\"Hyde_Park_%E2%80%93_Winter_Wonderland\"><\/span><strong>Hyde Park \u2013 Winter Wonderland<\/strong><span class=\"ez-toc-section-end\"><\/span><\/h3>\n<p>A legnagyobb esem\u00e9ny a Hyde Parkban megrendezett <strong>Winter Wonderland<\/strong>.<br \/>\n\u201eKar\u00e1csonyi v\u00e1s\u00e1rnak\u201d nevezni olyan, mintha a Disneylandet \u201evid\u00e1mparknak\u201d h\u00edvn\u00e1nk \u2014 igaz, de rettenetesen alul\u00e9rt\u00e9kelt.<\/p>\n<p>Ez az \u00f3ri\u00e1si rendezv\u00e9ny, amely november k\u00f6zep\u00e9t\u0151l janu\u00e1rig tart, t\u00f6bbek k\u00f6z\u00f6tt tartalmaz:<\/p>\n<ul>\n<li>t\u00f6bb mint <strong>100 j\u00e1t\u00e9kot \u00e9s attrakci\u00f3t<\/strong><\/li>\n<li>t\u00f6bb k\u00fcl\u00f6nb\u00f6z\u0151 kar\u00e1csonyi v\u00e1s\u00e1rt<\/li>\n<li>cirkuszi el\u0151ad\u00e1sokat<\/li>\n<li>az Egyes\u00fclt Kir\u00e1lys\u00e1g <strong>legnagyobb szabadt\u00e9ri korcsolyap\u00e1ly\u00e1j\u00e1t<\/strong><\/li>\n<li>egy <strong>70 m\u00e9ter magas \u00f3ri\u00e1skereket<\/strong>, amely Londonra ny\u00fajt kil\u00e1t\u00e1st<\/li>\n<li>egy <strong>bajor falut<\/strong> \u00e9l\u0151 zen\u00e9vel<\/li>\n<li>a <strong>Magical Ice Kingdomot<\/strong>, amely t\u00f6bb mint 500 tonna j\u00e9gb\u0151l \u00e9s h\u00f3b\u00f3l k\u00e9sz\u00fclt, \u00e1lland\u00f3 \u201310\u00b0C-on<\/li>\n<\/ul>\n<h3><span class=\"ez-toc-section\" id=\"London_tovabbi_vasarai\"><\/span><strong>London tov\u00e1bbi v\u00e1s\u00e1rai<\/strong><span class=\"ez-toc-section-end\"><\/span><\/h3>\n<p>Ha a Winter Wonderland t\u00fal intenz\u00edv, London m\u00e9g sok m\u00e1st is k\u00edn\u00e1l:<\/p>\n<ul>\n<li>a <strong>Southbank Winter Market<\/strong>, a Temze partj\u00e1n<\/li>\n<li>kar\u00e1csonyi v\u00e1s\u00e1r <strong>Covent Gardenben<\/strong><\/li>\n<li>kisebb v\u00e1rosi v\u00e1s\u00e1rok szerte a v\u00e1rosban<\/li>\n<\/ul>\n<h3><span class=\"ez-toc-section\" id=\"Helyi_finomsagok_amelyeket_erdemes_megkostolni-2\"><\/span><strong>Helyi finoms\u00e1gok, amelyeket \u00e9rdemes megk\u00f3stolni<\/strong><span class=\"ez-toc-section-end\"><\/span><\/h3>\n<p><strong>Mince pies<\/strong> \u2013 Hagyom\u00e1nyos brit apr\u00f3 pit\u00e9k f\u0171szeres aszalt gy\u00fcm\u00f6lcs\u00f6kkel t\u00f6ltve (nincs benn\u00fck h\u00fas, a n\u00e9v ellen\u00e9re sem).<\/p>\n<p><strong>S\u00fclt gesztenye<\/strong> \u2013 A londoni t\u00e9l klasszikusa.<\/p>\n<p><strong>Forr\u00f3 csokol\u00e1d\u00e9<\/strong> \u2013 S\u0171r\u0171, gazdag, tejsz\u00ednhabbal \u00e9s pillecukorral.<\/p>\n<p><strong>Fish and chips<\/strong> \u2013 London ikonikus \u00e9tele, m\u00e9g a Winter Wonderlandben is kaphat\u00f3.<\/p>\n<p><strong>A legjobb kar\u00e1csonyi v\u00e1s\u00e1rok: <\/strong>Az olasz t\u00e9l Eur\u00f3pa egyik legjobban \u0151rz\u00f6tt titka.<br \/>\nSokan a naps\u00fct\u00e9ses terekkel, a ny\u00e1ri fagyival \u00e9s az aperoloz\u00e1ssal azonos\u00edtj\u00e1k Olaszorsz\u00e1got \u2014 de ha decemberben felm\u00e9sz \u00e9szakra, az orsz\u00e1g hirtelen <strong>teljes alpesi mesevil\u00e1gg\u00e1 v\u00e1ltozik<\/strong>.<\/p>\n<p>Havas h\u00e1ztet\u0151k, f\u00e9nyben \u00fasz\u00f3 alpesi falvak, \u00e9s kar\u00e1csonyi v\u00e1s\u00e1rok, amelyek olyanok, mintha a Tirol \u00e9s az olasz \u00e9let\u00e9rz\u00e9s t\u00f6k\u00e9letes kever\u00e9k\u00e9b\u0151l sz\u00fclettek volna.<\/p>\n<p>Egyre t\u00f6bben keresik, <strong>hol lehet igaz\u00e1n k\u00fcl\u00f6nleges kar\u00e1csonyt t\u00f6lteni Eur\u00f3p\u00e1ban<\/strong>, \u00e9s a Trentino\u2013D\u00e9l-Tirol r\u00e9gi\u00f3 m\u00e1ra \u00e1lom \u00fati c\u00e9ll\u00e1 v\u00e1lt:<\/p>\n<ul>\n<li>s\u00edel\u00e9s nappal<\/li>\n<li>g\u0151z\u00f6lg\u0151 wellnessmedenc\u00e9k naplementekor<\/li>\n<li>meghitt v\u00e1s\u00e1rok este<\/li>\n<li>t\u00e9lies olasz \u00e9telek, amelyek \u00faj szintre emelik a \u201ekomfort food\u201d fogalm\u00e1t<\/li>\n<\/ul>\n<p><img decoding=\"async\" src=\"https:\/\/vasco-electronics.hu\/cikkek\/wp-content\/uploads\/2025\/12\/b141cad8-15e1-416c-b2c1-dd91d2642bf0.jpeg\" alt=\"Olasz kar\u00e1csonyi v\u00e1s\u00e1r alpesi hegyekkel alkonyatkor\" \/><\/p>\n<h2><span class=\"ez-toc-section\" id=\"Bolzano_%E2%80%93_Az_olasz_karacsony_klasszikusa\"><\/span><strong>Bolzano \u2013 Az olasz kar\u00e1csony klasszikusa<\/strong><span class=\"ez-toc-section-end\"><\/span><\/h2>\n<p>Bolzano ad otthont <strong>Olaszorsz\u00e1g legr\u00e9gebbi \u00e9s legnagyobb kar\u00e1csonyi v\u00e1s\u00e1r\u00e1nak<\/strong>, \u00e9s teljes m\u00e9rt\u00e9kben m\u00e9lt\u00f3 a h\u00edrnev\u00e9hez.<\/p>\n<p>K\u00e9pzelj el egy t\u00e1gas f\u0151teret, amelyet k\u00f6r\u00fcl\u00f6lelnek a Dolomitok, tele fab\u00f3d\u00e9kkal, amelyek d\u00edszeket, k\u00e9zm\u0171ves term\u00e9keket \u00e9s helyi specialit\u00e1sokat \u00e1rulnak; a leveg\u0151ben kar\u00e1csonyi dallamok sz\u00f3lnak, illatok keverednek: feny\u0151, f\u0171szerek, hegyi fa. A v\u00e1s\u00e1r janu\u00e1r elej\u00e9n v\u00e9get \u00e9r.<\/p>\n<p>Ez az eg\u00e9sz hangulat egyszerre olasz \u00e9s tiroler \u2014 olyan kombin\u00e1ci\u00f3, amelyr\u0151l nem is tudtad, hogy sz\u00fcks\u00e9ged van r\u00e1, am\u00edg ott nem \u00e1llsz egy poh\u00e1r <strong>vin brul\u00e9<\/strong>-vel a kezedben.<\/p>\n<h2><span class=\"ez-toc-section\" id=\"Merano_%E2%80%93_A_tokeletes_teli_menedek\"><\/span><strong>Merano \u2013 A t\u00f6k\u00e9letes t\u00e9li mened\u00e9k<\/strong><span class=\"ez-toc-section-end\"><\/span><\/h2>\n<p>Merano minden t\u00e9li k\u00edv\u00e1ns\u00e1got teljes\u00edt:<\/p>\n<ul>\n<li>\u00fcnnepi f\u00e9nyek<\/li>\n<li>hossz\u00fa s\u00e9t\u00e1ny a foly\u00f3parton<\/li>\n<li><strong>term\u00e1lf\u00fcrd\u0151k<\/strong>, ahol meleg v\u00edzben lebeghetsz, mik\u00f6zben k\u00f6r\u00fcl\u00f6tted hull a h\u00f3<\/li>\n<\/ul>\n<p>A kar\u00e1csonyi v\u00e1s\u00e1r eleg\u00e1ns, nyugodt, lass\u00fa \u2014 t\u00f6k\u00e9letes azok sz\u00e1m\u00e1ra, akik szeretn\u00e9k a kar\u00e1csony hangulat\u00e1t, de nem a t\u00f6meget.<\/p>\n<h2><span class=\"ez-toc-section\" id=\"Trento_%E2%80%93_Egy_alpesi_mesekonyv_lapjai\"><\/span><strong>Trento \u2013 Egy alpesi mesek\u00f6nyv lapjai<\/strong><span class=\"ez-toc-section-end\"><\/span><\/h2>\n<p>Trento t\u00f6rt\u00e9nelmi belv\u00e1rosa t\u00e9li mesek\u00e9pp\u00e9 v\u00e1ltozik:<\/p>\n<ul>\n<li>k\u00f6z\u00e9pkori tornyok<\/li>\n<li>hangulatos k\u00f6vezett utc\u00e1k<\/li>\n<li>hegyi m\u00e9zek<\/li>\n<li>h\u00e1zi olasz \u00e9dess\u00e9gek<\/li>\n<li>\u00e9s rengeteg melenget\u0151, t\u00e9szta- \u00e9s polentaalap\u00fa finoms\u00e1g<\/li>\n<\/ul>\n<p>Otthonos, hangulatos, fotog\u00e9n \u2014 az egyik legszebb kar\u00e1csonyi hely \u00c9szak-Olaszorsz\u00e1gban k\u00f6zel Sv\u00e1jc t\u00e1jaihoz.<\/p>\n<h3><span class=\"ez-toc-section\" id=\"Helyi_specialitasok_amelyeket_erdemes_megkostolni\"><\/span><strong>Helyi specialit\u00e1sok, amelyeket \u00e9rdemes megk\u00f3stolni<\/strong><span class=\"ez-toc-section-end\"><\/span><\/h3>\n<p><strong>Vin brul\u00e9<\/strong> \u2013 Az olasz forralt bor, er\u0151teljes \u00e9s illatos.<\/p>\n<p><strong>Zelten<\/strong> \u2013 Hagyom\u00e1nyos trentin\u00f3i gy\u00fcm\u00f6lcskeny\u00e9r di\u00f3val.<\/p>\n<p><strong>Speck<\/strong> \u2013 F\u00fcst\u00f6lt, \u00e9rlelt sonka, \u00e1ltal\u00e1ban meleg szendvicsben szolg\u00e1lj\u00e1k.<\/p>\n<p><strong>Polenta\u00e9telek<\/strong> \u2013 Kr\u00e9mes, vajas, igazi t\u00e9li l\u00e9lekmeleg\u00edt\u0151.<\/p>\n<h2><span class=\"ez-toc-section\" id=\"6_Csehorszag_%E2%80%93_Praga_a_hetvegi_kiruccanasok_ikonja\"><\/span><strong>6. Csehorsz\u00e1g \u2013 Pr\u00e1ga, a h\u00e9tv\u00e9gi kiruccan\u00e1sok ikonja<\/strong><span class=\"ez-toc-section-end\"><\/span><\/h2>\n<p>Vannak v\u00e1rosok, amelyek egyszer\u0171en t\u00f6k\u00e9letesek egy r\u00f6vid v\u00e1rosn\u00e9z\u0151s utaz\u00e1shoz \u2014 Pr\u00e1ga pedig pontosan ilyen.<br \/>\nA g\u00f3tikus tornyok, a Moldv\u00e1n t\u00fckr\u00f6z\u0151d\u0151 aranyf\u00e9nyek \u00e9s a sz\u0171k, macskak\u00f6ves utc\u00e1k miatt a v\u00e1ros egy t\u00e9li hangulat\u00fa film d\u00edszlet\u00e9v\u00e9 v\u00e1lik.<\/p>\n<p>Ha olyan \u00fcnnepi menek\u00fcl\u00e9sre v\u00e1gysz, amely csodasz\u00e9p panor\u00e1m\u00e1kat, hangulatos k\u00e1v\u00e9z\u00f3kat, ny\u00fczsg\u0151 tereket \u00e9s pont annyi kar\u00e1csonyi hangulatot k\u00edn\u00e1l, hogy elfelejtsd az e-mailjeidet \u2014 Pr\u00e1ga a t\u00f6k\u00e9letes v\u00e1laszt\u00e1s.<\/p>\n<p><img decoding=\"async\" src=\"https:\/\/vasco-electronics.hu\/cikkek\/wp-content\/uploads\/2025\/12\/f3519464-4e97-490b-9c09-86aa31793d9f.jpeg\" alt=\"Pr\u00e1gai kar\u00e1csonyi v\u00e1s\u00e1r egy hatalmas f\u00e1val \u00e9s csillag\u00e1szati \u200b\u200b\u00f3r\u00e1val\" \/><\/p>\n<h3><span class=\"ez-toc-section\" id=\"Ovarosi_ter_karacsonyi_vasar_Old_Town_Square\"><\/span><strong>\u00d3v\u00e1rosi t\u00e9r kar\u00e1csonyi v\u00e1s\u00e1r (Old Town Square)<\/strong><span class=\"ez-toc-section-end\"><\/span><\/h3>\n<p>Pr\u00e1ga, Csehorsz\u00e1g: Ez a v\u00e1ros legnagyobb kar\u00e1csonyi l\u00e1tv\u00e1nyoss\u00e1ga \u2014 az a v\u00e1s\u00e1r, amely k\u00e9peslapokon, utaz\u00e1si vide\u00f3kban \u00e9s minden \u201eEur\u00f3pa legszebb kar\u00e1csonyi v\u00e1s\u00e1rai\u201d list\u00e1n szerepel.<\/p>\n<p>A v\u00e1s\u00e1r ikonikus elemei:<\/p>\n<ul>\n<li>hatalmas kar\u00e1csonyfa a cseh hegyekb\u0151l<\/li>\n<li>k\u00e9zzel k\u00e9sz\u00edtett d\u00edszeket \u00e1rus\u00edt\u00f3 fab\u00f3d\u00e9k<\/li>\n<li>rengeteg hagyom\u00e1nyos \u00e9tel,<\/li>\n<li>forralt bort \u00e9s puncsot k\u00edn\u00e1l,<\/li>\n<li>\u00e9l\u00e9nk, \u00fcnnepi hangulat<\/li>\n<li>\u00e9s az \u00d3ratorony (Asztron\u00f3miai \u00d3ra), amely m\u00e9lt\u00f3s\u00e1gteljesen figyeli a teret<\/li>\n<\/ul>\n<p>Ez az az adventi v\u00e1s\u00e1r, amit az emberek akkor k\u00e9pzelnek el, amikor azt mondj\u00e1k: \u201ea t\u00f6k\u00e9letes kar\u00e1csonyi v\u00e1s\u00e1r\u201d.<\/p>\n<h3><span class=\"ez-toc-section\" id=\"Vencel_ter_vasar\"><\/span><strong>Vencel t\u00e9r v\u00e1s\u00e1r<\/strong><span class=\"ez-toc-section-end\"><\/span><\/h3>\n<p>Kiss\u00e9 modernebb \u00e9s pezsg\u0151bb, sok \u00e9tellel, s\u00fctem\u00e9nnyel \u00e9s forralt borral.<br \/>\nEz az a hely, ahol az ember csak \u201eegy gyors falat\u00e9rt\u201d \u00e1ll meg\u2026 majd egyszer csak \u00e9szreveszi, hogy tele a keze s\u00fclt sonk\u00e1val, \u00e9dess\u00e9ggel \u00e9s forralt borral.<\/p>\n<h3><span class=\"ez-toc-section\" id=\"Karacsonyi_vasar_a_Pragai_Varban\"><\/span><strong>Kar\u00e1csonyi v\u00e1s\u00e1r a Pr\u00e1gai V\u00e1rban<\/strong><span class=\"ez-toc-section-end\"><\/span><\/h3>\n<p>Ha a kil\u00e1t\u00e1s sz\u00e1m\u00edt, akkor ez a hely a nyer\u0151.<\/p>\n<p>S\u00e9t\u00e1lj fel a v\u00e1rhegyre, n\u00e9zz k\u00f6r\u00fcl a fa b\u00f3d\u00e9k k\u00f6z\u00f6tt a v\u00e1r udvar\u00e1ban, \u00e9s kortyolj bele egy forr\u00f3 italba, mik\u00f6zben len\u00e9zel az \u00d3v\u00e1ros v\u00f6r\u00f6s tet\u0151ire.<br \/>\nEz az egyik legeml\u00e9kezetesebb t\u00e9li panor\u00e1ma eg\u00e9sz Eur\u00f3p\u00e1ban.<\/p>\n<h3><span class=\"ez-toc-section\" id=\"Helyi_finomsagok_amelyeket_erdemes_megkostolni-3\"><\/span><strong>Helyi finoms\u00e1gok, amelyeket \u00e9rdemes megk\u00f3stolni<\/strong><span class=\"ez-toc-section-end\"><\/span><\/h3>\n<p><strong>Pra\u017esk\u00e1 \u0161unka<\/strong> \u2013 Pr\u00e1gai sonka, helyben s\u00fctve a standokon.<\/p>\n<p><strong>V\u00e1no\u010dka<\/strong> \u2013 Mazsol\u00e1s-mandul\u00e1s, fonott \u00fcnnepi kal\u00e1cs.<\/p>\n<p><strong>Medovina<\/strong> \u2013 M\u00e9zbor, \u00e9des \u00e9s meleg, hideg est\u00e9kre t\u00f6k\u00e9letes.<\/p>\n<p><strong>Pe\u010den\u00e9 ka\u0161tany<\/strong> \u2013 S\u00fclt gesztenye, k\u00fcl\u00f6n\u00f6sen karamelliz\u00e1lt v\u00e1ltozatban.<\/p>\n<p><img decoding=\"async\" src=\"https:\/\/vasco-electronics.hu\/cikkek\/wp-content\/uploads\/2025\/12\/c20aab82-e0c2-43d0-a848-8d931e4056e0.jpeg\" alt=\"kar\u00e1csonyi v\u00e1s\u00e1r egy havas lengyelorsz\u00e1gi \u00f3v\u00e1rosban\" \/><\/p>\n<h2><span class=\"ez-toc-section\" id=\"7_Lengyelorszag_%E2%80%93_Karacsonyi_hangulat_nagy_szivvel\"><\/span><strong>7. Lengyelorsz\u00e1g \u2013 Kar\u00e1csonyi hangulat nagy sz\u00edvvel<\/strong><span class=\"ez-toc-section-end\"><\/span><\/h2>\n<p>Lengyelorsz\u00e1g nem mindig ker\u00fcl be a legjobb eur\u00f3pai kar\u00e1csonyi v\u00e1s\u00e1rok toplist\u00e1iba \u2014 pedig nagyon is ott lenne a helye.<br \/>\nHa olyan helyet keresel, ahol a kar\u00e1csonyi v\u00e1s\u00e1rok <strong>igaz\u00e1n meghittek, bar\u00e1ts\u00e1gosak \u00e9s karakteresek<\/strong>, Lengyelorsz\u00e1g t\u00f6k\u00e9letes \u00fatic\u00e9l.<\/p>\n<p>A lengyelek komolyan veszik a kar\u00e1csonyt:<\/p>\n<ul>\n<li>hatalmas, dekor\u00e1lt terek<\/li>\n<li>melenget\u0151 \u00e9telek, amelyek \u00f3r\u00e1kig kint tartanak a hidegben<\/li>\n<li>\u0151szinte vend\u00e9gszeretet<\/li>\n<\/ul>\n<h3><span class=\"ez-toc-section\" id=\"Wroclaw_%E2%80%93_Mesekonyvbe_illo_karacsonyi_vasar\"><\/span><strong>Wroc\u0142aw \u2013 Mesek\u00f6nyvbe ill\u0151 kar\u00e1csonyi v\u00e1s\u00e1r<\/strong><span class=\"ez-toc-section-end\"><\/span><\/h3>\n<p>Wroc\u0142aw kar\u00e1csonyi v\u00e1s\u00e1ra az egyik legszebb Lengyelorsz\u00e1gban \u2014 \u00e9s gyorsan meg\u00e9rted, mi\u00e9rt, amikor ott j\u00e1rsz.<\/p>\n<p>A v\u00e1ros tele van:<\/p>\n<ul>\n<li>fa tornyokkal \u00e9s vil\u00e1g\u00edt\u00f3 install\u00e1ci\u00f3kkal<\/li>\n<li>mes\u00e9s d\u00edszletekkel \u00e9s tematikus sarkokkal<\/li>\n<li>egym\u00e1shoz kapcsol\u00f3d\u00f3 terekkel, amelyek kar\u00e1csonyi labirintust alkotnak<\/li>\n<li>sz\u00ednes h\u00e1zakkal<\/li>\n<li>\u00e9s a h\u00edres <strong>wroc\u0142awi t\u00f6rp\u00e9kkel<\/strong>, akik minden sarkon el\u0151bukkannak<\/li>\n<\/ul>\n<p>Ez az eg\u00e9sz \u00e9lm\u00e9ny bar\u00e1ts\u00e1gos, var\u00e1zslatos \u00e9s nagyon lengyel.<\/p>\n<h3><span class=\"ez-toc-section\" id=\"Krakow_%E2%80%93_A_trombitas_tere\"><\/span><strong>Krak\u00f3w \u2013 A trombit\u00e1s tere<\/strong><span class=\"ez-toc-section-end\"><\/span><\/h3>\n<p>Krak\u00f3w kar\u00e1csonyi v\u00e1s\u00e1ra Eur\u00f3pa egyik legnagyobb k\u00f6z\u00e9pkori ter\u00e9n kap helyet, \u00e9s olyan l\u00e1tv\u00e1nyos, mintha egy filmen j\u00e1rn\u00e1l.<\/p>\n<p>A t\u00e9r jellegzetes elemei:<\/p>\n<ul>\n<li>lovaskocsik, amelyek v\u00e9gigg\u00f6rd\u00fclnek a macskak\u00f6v\u00f6n<\/li>\n<li>meleg \u00e9telek illata a leveg\u0151ben<\/li>\n<li>a h\u00edres <em>hejna\u0142<\/em>, a trombitasz\u00f3 a templom torny\u00e1b\u00f3l, amelyet \u00f3r\u00e1nk\u00e9nt n\u00e9gy \u00e9gt\u00e1j fel\u00e9 j\u00e1tszanak<\/li>\n<\/ul>\n<p>Ez a fajta hagyom\u00e1ny olyan hat\u00e1st kelt, mintha visszacs\u00f6ppenn\u00e9l a r\u00e9gi id\u0151k kar\u00e1csony\u00e1ba.<\/p>\n<h3><span class=\"ez-toc-section\" id=\"Gdansk_%E2%80%93_A_balti_teli_ekszerdoboz\"><\/span><strong>Gda\u0144sk \u2013 A balti t\u00e9li \u00e9kszerdoboz<\/strong><span class=\"ez-toc-section-end\"><\/span><\/h3>\n<p>Gda\u0144sk kar\u00e1csonyi v\u00e1s\u00e1ra nem a legnagyobb, de az egyik legk\u00fcl\u00f6nlegesebb hangulat\u00fa.<br \/>\nA v\u00e1s\u00e1r a t\u00f6rt\u00e9nelmi <strong>Targ W\u0119glowy<\/strong> t\u00e9ren kap helyet, \u00e9s a v\u00e1ros tengeri karaktere ad neki egyedi b\u00e1jt:<\/p>\n<ul>\n<li>f\u00e9nyek a r\u00e9gi kik\u00f6t\u0151i \u00e9p\u00fcletek k\u00f6z\u00f6tt<\/li>\n<li>retr\u00f3 k\u00f6rhinta<\/li>\n<li>meleg f\u00e9nyek \u00e9s bar\u00e1ts\u00e1gos hangulat<\/li>\n<li>meghitt, m\u00e9gis k\u00fcl\u00f6nleges t\u00e9li atmoszf\u00e9ra<\/li>\n<\/ul>\n<p>T\u00f6k\u00e9letes mindenki sz\u00e1m\u00e1ra, aki szereti a kar\u00e1csony hangulat\u00e1t egy kis balti csavarral.<\/p>\n<h3><span class=\"ez-toc-section\" id=\"Lengyel_specialitasok_amelyeket_erdemes_megkostolni\"><\/span><strong>Lengyel specialit\u00e1sok, amelyeket \u00e9rdemes megk\u00f3stolni<\/strong><span class=\"ez-toc-section-end\"><\/span><\/h3>\n<p><strong>Pierogi<\/strong> \u2013 K\u00fcl\u00f6n\u00f6sen a savany\u00fa k\u00e1poszt\u00e1s \u00e9s gomb\u00e1s v\u00e1ltozat. A lengyel kar\u00e1csony esszenci\u00e1ja.<\/p>\n<p><strong>Oscypek<\/strong> \u2013 F\u00fcst\u00f6lt hegyi sajt, forr\u00f3n, \u00e1fonyasz\u00f3sszal.<\/p>\n<p><strong>Placki ziemniaczane<\/strong> \u2013 Ropog\u00f3s burgonyalep\u00e9ny tejf\u00f6llel.<\/p>\n<p><strong>Chleb ze smalcem<\/strong> \u2013 Keny\u00e9r f\u0171szeres zs\u00edrral \u00e9s ubork\u00e1val \u2014 egyszer\u0171, rusztikus, nagyon lengyel.<\/p>\n<p><img decoding=\"async\" src=\"https:\/\/vasco-electronics.hu\/cikkek\/wp-content\/uploads\/2025\/12\/b791c549-4846-468b-8ba6-b02f43dc6983.jpeg\" alt=\"Budapesti kar\u00e1csonyi v\u00e1s\u00e1r a Szent Istv\u00e1n-bazilika el\u0151tt, vil\u00e1g\u00edt\u00f3 \u00fcnnepi f\u00e1val\" \/><\/p>\n<h2><span class=\"ez-toc-section\" id=\"8_Magyarorszag_%E2%80%93_Budapest_a_forro_italok_paradicsoma\"><\/span><strong>8. Magyarorsz\u00e1g \u2013 Budapest, a forr\u00f3 italok paradicsoma<\/strong><span class=\"ez-toc-section-end\"><\/span><\/h2>\n<p>Budapest t\u00e9len t\u00f6k\u00e9letes v\u00e1laszt\u00e1s, ha olyan kar\u00e1csonyi v\u00e1s\u00e1rra v\u00e1gysz, amely nagyv\u00e1rosi hangulatot \u00e9s g\u0151z\u00f6lg\u0151, f\u0171szeres italokat k\u00edn\u00e1l, amelyek eg\u00e9szen a lelkedig felmeleg\u00edtenek.<br \/>\nItt a kelet-eur\u00f3pai b\u00e1j tal\u00e1lkozik monument\u00e1lis \u00e9p\u00edt\u00e9szettel, mindezt \u00fcnnepi f\u00e9nyek \u00e9s fah\u00e9jillat lengi be.<\/p>\n<h3><span class=\"ez-toc-section\" id=\"A_Vorosmarty_teri_karacsonyi_vasar\"><\/span><strong>A V\u00f6r\u00f6smarty t\u00e9ri kar\u00e1csonyi v\u00e1s\u00e1r<\/strong><span class=\"ez-toc-section-end\"><\/span><\/h3>\n<p>Ez Budapest legh\u00edresebb \u00e9s egyik legr\u00e9gebbi kar\u00e1csonyi v\u00e1s\u00e1ra.<\/p>\n<p>A v\u00e1s\u00e1r jellegzetess\u00e9gei:<\/p>\n<ul>\n<li>fa b\u00f3d\u00e9k az ikonikus Gerbeaud-h\u00e1z k\u00f6r\u00fcl<\/li>\n<li>\u00e9l\u0151 n\u00e9pzene \u00e9s k\u00e9zm\u0171ves bemutat\u00f3k<\/li>\n<li>hagyom\u00e1nyos magyar \u00e9telek, amelyek nagy \u00fcst\u00f6kben rotyognak<\/li>\n<li>k\u00e9zm\u0171ves term\u00e9kek sz\u00e9les v\u00e1laszt\u00e9ka<\/li>\n<\/ul>\n<p>A klasszikus magyar t\u00e9li finoms\u00e1gok, mint a k\u00fcrt\u0151skal\u00e1cs, a p\u00f6rk\u00f6ltek \u00e9s a forr\u00f3 levesek, mind hozz\u00e1j\u00e1rulnak a meleg, otthonos hangulathoz.<\/p>\n<h3><span class=\"ez-toc-section\" id=\"Karacsonyi_vasar_a_Szent_Istvan_Bazilikanal\"><\/span><strong>Kar\u00e1csonyi v\u00e1s\u00e1r a Szent Istv\u00e1n Bazilik\u00e1n\u00e1l<\/strong><span class=\"ez-toc-section-end\"><\/span><\/h3>\n<p>Ha l\u00e1tv\u00e1nyra v\u00e1gysz, ez a v\u00e1s\u00e1r kihagyhatatlan. Az egyik legszebb \u00fati c\u00e9l t\u00e9len.<\/p>\n<p>Minden este a bazilika homlokzata egy hatalmas f\u00e9nyvet\u00edt\u0151 \u201ev\u00e1szn\u00e1v\u00e1\u201d alakul, amelyen:<\/p>\n<ul>\n<li>t\u00e1ncol\u00f3 h\u00f3pelyhek<\/li>\n<li>sz\u00ednes kar\u00e1csonyi mint\u00e1k<\/li>\n<li>arany f\u00e9ny anim\u00e1ci\u00f3k<\/li>\n<li>\u00fcnnepi projekci\u00f3k<\/li>\n<\/ul>\n<p>jelennek meg.<\/p>\n<p>A t\u00e9ren tal\u00e1lhat\u00f3 korcsolyap\u00e1lya egy hatalmas kar\u00e1csonyfa k\u00f6r\u00fcl vezet, \u00edgy ez az egyik legromantikusabb hely Eur\u00f3p\u00e1ban advent idej\u00e9n.<\/p>\n<h3><span class=\"ez-toc-section\" id=\"Magyar_specialitasok_amelyeket_erdemes_megkostolni\"><\/span><strong>Magyar specialit\u00e1sok, amelyeket \u00e9rdemes megk\u00f3stolni<\/strong><span class=\"ez-toc-section-end\"><\/span><\/h3>\n<p><strong>L\u00e1ngos<\/strong> \u2013 Olajban s\u00fclt t\u00e9szta tejf\u00f6llel \u00e9s sajttal. Laktat\u00f3 \u00e9s ellen\u00e1llhatatlan.<\/p>\n<p><strong>K\u00fcrt\u0151skal\u00e1cs<\/strong> \u2013 Karamelliz\u00e1lt, fah\u00e9jas, frissen s\u00fclt \u00e9des t\u00e9szta.<\/p>\n<p><strong>Guly\u00e1s cip\u00f3ban<\/strong> \u2013 A magyar konyha egyik ikonikus \u00e9tele, keny\u00e9rben t\u00e1lalva m\u00e9g k\u00fcl\u00f6nlegesebb.<\/p>\n<p><strong>Forralt bor \u00e9s forr\u00f3 puncs<\/strong> \u2013 A magyar v\u00e1ltozat er\u0151teljesebb \u00e9s f\u0171szeresebb, mint m\u00e1s orsz\u00e1gok\u00e9.<\/p>\n<p><img decoding=\"async\" src=\"https:\/\/images.surferseo.art\/c6bad7f4-1316-4c49-9c63-f070205796a7.jpeg\" alt=\"Koppenh\u00e1gai kar\u00e1csonyi v\u00e1s\u00e1r a Nyhavn-csatorna ment\u00e9n egy nagy csod\u00e1s f\u00e1val\" \/><\/p>\n<h2><span class=\"ez-toc-section\" id=\"9_Dania_%E2%80%93_Koppenhaga_meghitt_karacsonyi_ragyogasa\"><\/span><strong>9. D\u00e1nia \u2013 Koppenh\u00e1ga meghitt kar\u00e1csonyi ragyog\u00e1sa<\/strong><span class=\"ez-toc-section-end\"><\/span><\/h2>\n<p>Koppenh\u00e1ga decemberben k\u00e9t dologr\u00f3l h\u00edres:<\/p>\n<ol>\n<li>kiv\u00e9teles kar\u00e1csonyi v\u00e1s\u00e1rair\u00f3l<\/li>\n<li>olyan p\u00e9ks\u00fctem\u00e9nyeir\u0151l, amelyek egyetlen falattal \u00fcnnepi hangulatba hoznak<\/li>\n<\/ol>\n<p>A kett\u0151 egy\u00fctt a t\u00f6k\u00e9letes t\u00e9li \u00fati c\u00e9lt adja.<\/p>\n<h3><span class=\"ez-toc-section\" id=\"Tivoli_%E2%80%93_karacsonyi_vasar_az_osi_vidamparkban\"><\/span><strong>Tivoli \u2013 kar\u00e1csonyi v\u00e1s\u00e1r az \u0151si vid\u00e1mparkban<\/strong><span class=\"ez-toc-section-end\"><\/span><\/h3>\n<p>A vil\u00e1g m\u00e1sodik legr\u00e9gebbi vid\u00e1mparkja ilyenkor teljesen \u00e1talakul:<\/p>\n<ul>\n<li>r\u00e9gi pavilonok f\u00e9nykoszor\u00fakban<\/li>\n<li>h\u00f3val bor\u00edtott f\u00e1k<\/li>\n<li>k\u00e9zm\u0171ves d\u00e1n term\u00e9keket k\u00edn\u00e1l\u00f3 fab\u00f3d\u00e9k<\/li>\n<li>nosztalgikus k\u00f6rhint\u00e1k \u00e9s j\u00e1t\u00e9kok<\/li>\n<\/ul>\n<p>Az eg\u00e9sz helysz\u00edn \u00fagy n\u00e9z ki, mint egy klasszikus kar\u00e1csonyi t\u00f6rt\u00e9net d\u00edszlete.<\/p>\n<h3><span class=\"ez-toc-section\" id=\"Nyhavn_karacsonyi_vasar\"><\/span><strong>Nyhavn kar\u00e1csonyi v\u00e1s\u00e1r<\/strong><span class=\"ez-toc-section-end\"><\/span><\/h3>\n<p>Ha csendesebb \u00e9s intimebb hangulatra v\u00e1gysz, Nyhavn a t\u00f6k\u00e9letes hely.<\/p>\n<p>A h\u00edres kik\u00f6t\u0151 ilyenkor:<\/p>\n<ul>\n<li>hangulatos b\u00f3d\u00e9kkal<\/li>\n<li>sz\u00ednes t\u00f6rt\u00e9nelmi \u00e9p\u00fcletekkel<\/li>\n<li>f\u00e9nyek t\u00fckr\u00f6z\u0151d\u00e9s\u00e9vel a v\u00edzen<\/li>\n<\/ul>\n<p>v\u00e1rja a l\u00e1togat\u00f3kat.<\/p>\n<p>\u00c9s ha meg\u00e9hezel vagy megv\u00e1gyn\u00e1l valamire \u00e9desre \u2014 Koppenh\u00e1ga a p\u00e9ks\u00fctem\u00e9nyek f\u0151v\u00e1rosa, \u00edgy egy friss d\u00e1n vajast\u00e9szta mindig j\u00f3 \u00f6tlet.<\/p>\n<h3><span class=\"ez-toc-section\" id=\"Dan_finomsagok_amelyeket_erdemes_megkostolni\"><\/span><strong>D\u00e1n finoms\u00e1gok, amelyeket \u00e9rdemes megk\u00f3stolni<\/strong><span class=\"ez-toc-section-end\"><\/span><\/h3>\n<p><strong>Brunkager<\/strong> \u2013 D\u00e1n m\u00e9zeskal\u00e1cs jelleg\u0171 f\u0171szeres keksz karamell\u00e1s, fah\u00e9jas \u00edzzel.<\/p>\n<p><strong>\u00c6bleskiver<\/strong> \u2013 Puha, g\u00f6mb alak\u00fa palacsintafalatk\u00e1k porcukorral \u00e9s lekv\u00e1rral.<\/p>\n<p><strong>Fl\u00e6skesteg szendvics<\/strong> \u2013 Ropog\u00f3s b\u0151r\u0171 s\u00fclt sert\u00e9sb\u0151l k\u00e9sz\u00fclt szendvics.<\/p>\n<p><strong>Risalamande<\/strong> \u2013 D\u00e1n kar\u00e1csonyi desszert: rizsk\u00e1sa tejsz\u00ednnel, mandul\u00e1val \u00e9s meggysz\u00f3sszal.<\/p>\n<p><img decoding=\"async\" src=\"https:\/\/images.surferseo.art\/316c7c4e-eac6-4aff-a503-d0d6f6f9225c.jpeg\" alt=\"Finn kar\u00e1csonyi v\u00e1s\u00e1r fah\u00e1zakkal, r\u00e9nszarvasokkal \u00e9s \u00e9szaki f\u00e9nnyel\" \/><\/p>\n<h2><span class=\"ez-toc-section\" id=\"10_Finnorszag_%E2%80%93_Rovaniemi_a_Mikulas_hivatalos_otthona\"><\/span><strong>10. Finnorsz\u00e1g \u2013 Rovaniemi, a Mikul\u00e1s hivatalos otthona<\/strong><span class=\"ez-toc-section-end\"><\/span><\/h2>\n<p>Ha egy list\u00e1t Eur\u00f3pa legjobb kar\u00e1csonyi v\u00e1s\u00e1rair\u00f3l fejezel be, mi m\u00e1ssal is lehetne lez\u00e1rni, mint azzal a hellyel, ahol a kar\u00e1csony hivatalosan is \u201esz\u00fcletik\u201d?<br \/>\nRovaniemi, a <strong>Mikul\u00e1s hivatalos v\u00e1rosa<\/strong>, pontosabban: a kar\u00e1csony \u201ef\u0151hadisz\u00e1ll\u00e1sa\u201d.<\/p>\n<p>Itt a kar\u00e1csony nem \u00e9vszak \u2014 hanem <strong>\u00e9letm\u00f3d<\/strong>.<\/p>\n<ul>\n<li>h\u00f3bor\u00edtotta erd\u0151k<\/li>\n<li>r\u00e9nszarvasok a t\u00e1jban<\/li>\n<li>sarki f\u00e9ny, amely t\u00e1ncol az \u00e9gen<\/li>\n<li>m\u00e9ly, nyugodt, \u00e9szaki var\u00e1zslat<\/li>\n<\/ul>\n<p>Lappf\u00f6ldnek nincs sz\u00fcks\u00e9ge d\u00edszletre \u2014 maga a var\u00e1zslat.<\/p>\n<h3><span class=\"ez-toc-section\" id=\"Santa_Claus_Village\"><\/span><strong>Santa Claus Village<\/strong><span class=\"ez-toc-section-end\"><\/span><\/h3>\n<p>Itt minden egyes nap kar\u00e1csony.<\/p>\n<p>A faluban:<\/p>\n<ul>\n<li>\u00e1tl\u00e9pheted az \u00c9szaki-sarkk\u00f6rt<\/li>\n<li>tal\u00e1lkozhatsz a Mikul\u00e1ssal a saj\u00e1t irod\u00e1j\u00e1ban<\/li>\n<li>k\u00fcldhetsz k\u00e9peslapot val\u00f3di \u201earktikus pecs\u00e9ttel\u201d<\/li>\n<li>k\u00e9zm\u0171ves lappf\u00f6ldi term\u00e9keket v\u00e1s\u00e1rolhatsz<\/li>\n<\/ul>\n<p>Ez a hely var\u00e1zslatos, m\u00e9gsem giccses \u2014 egy olyan pontja a vil\u00e1gnak, ahol a feln\u0151ttekb\u0151l is \u00fajra izgatott gyerek lesz.<\/p>\n<h3><span class=\"ez-toc-section\" id=\"Rovaniemi_karacsonyi_vasar\"><\/span><strong>Rovaniemi kar\u00e1csonyi v\u00e1s\u00e1r<\/strong><span class=\"ez-toc-section-end\"><\/span><\/h3>\n<p>A v\u00e1s\u00e1r kicsi, de rendk\u00edv\u00fcl hiteles.<\/p>\n<p>A standokon:<\/p>\n<ul>\n<li>lappf\u00f6ldi gyapj\u00faterm\u00e9kek<\/li>\n<li>r\u00e9nszarvasmot\u00edvumos farag\u00e1sok<\/li>\n<li>\u00e9szaki ker\u00e1mi\u00e1k<\/li>\n<li>hagyom\u00e1nyos \u00e9telek, amelyek bel\u00fclr\u0151l meleg\u00edtenek<\/li>\n<\/ul>\n<p>Ez egy csendes, meghitt, nagyon \u00e9szaki piac \u2014 ahol r\u00e1j\u00f6ssz, mennyire sz\u00e9p tud lenni az egyszer\u0171s\u00e9g. M\u00e9g Sv\u00e1jc is megirigyelheti.<\/p>\n<h3><span class=\"ez-toc-section\" id=\"Finn_specialitasok_amelyeket_erdemes_megkostolni\"><\/span><strong>Finn specialit\u00e1sok, amelyeket \u00e9rdemes megk\u00f3stolni<\/strong><span class=\"ez-toc-section-end\"><\/span><\/h3>\n<p><strong>Poronk\u00e4ristys<\/strong> \u2013 R\u00e9nszarvash\u00fasb\u00f3l k\u00e9sz\u00fclt p\u00f6rk\u00f6lt burgonyap\u00fcr\u00e9vel \u00e9s v\u00f6r\u00f6s\u00e1fony\u00e1val.<\/p>\n<p><strong>Joulutorttu<\/strong> \u2013 Csillag alak\u00fa kar\u00e1csonyi s\u00fctem\u00e9ny szilvalekv\u00e1rral.<\/p>\n<p><strong>Lohikeitto<\/strong> \u2013 Selymes, tejsz\u00ednes lazacleves \u2014 igazi l\u00e9lekmeleg\u00edt\u0151 sarkvid\u00e9ki hidegben.<\/p>\n<p><strong>Piparkakut<\/strong> \u2013 V\u00e9kony, ropog\u00f3s, f\u0171szeres finn m\u00e9zeskal\u00e1cs.<\/p>\n<h2><span class=\"ez-toc-section\" id=\"A_karacsonyi_utazasod_most_kezdodik\"><\/span><strong style=\"color: #333333; font-size: 30px;\">A kar\u00e1csonyi utaz\u00e1sod most kezd\u0151dik<\/strong><span class=\"ez-toc-section-end\"><\/span><\/h2>\n<p>Feln\u0151ttk\u00e9nt a kar\u00e1csony m\u00e1shogy hat r\u00e1nk.<\/p>\n<ul>\n<li>Az aj\u00e1nd\u00e9kok kisebbek.<\/li>\n<li>A teend\u0151list\u00e1k hosszabbak.<\/li>\n<li>A h\u00f3 nem \u00e9rkezik meg mindig, hogy k\u00edv\u00e1njuk.<\/li>\n<\/ul>\n<p>De a var\u00e1zslat?<br \/>\nAz ott van \u2014 vil\u00e1g\u00edt, sz\u00f3l, ragyog \u2014 \u00e9s az eur\u00f3pai v\u00e1rosok nagyon komolyan veszik ezt az \u00e9vszakot.<\/p>\n<p><strong>A legjobb kar\u00e1csonyi v\u00e1s\u00e1rok Eur\u00f3p\u00e1ban v\u00e1rnak. <\/strong>Legyen sz\u00f3 arr\u00f3l, hogy s\u00e9t\u00e1lsz Pr\u00e1ga g\u00f3tikus tornyai alatt, puncsot iszol a b\u00e9csi palot\u00e1k el\u0151tt, vagy n\u00e9zed a sarki f\u00e9nyt a Mikul\u00e1s falva f\u00f6l\u00f6tt \u2014 Eur\u00f3pa mintha kifejezetten a kar\u00e1csonyra lenne teremtve.<\/p>\n<p>Ha pedig tov\u00e1bbra is azt k\u00e9rdezed, <strong>hol vannak Eur\u00f3pa legjobb kar\u00e1csonyi v\u00e1s\u00e1rai<\/strong>, a v\u00e1lasz egyszer\u0171:<\/p>\n<p><strong>mindenhol<\/strong>.<\/p>\n<p>Minden hangulatra van egy t\u00f6k\u00e9letes v\u00e1ros \u2014 legyen az nosztalgikus, romantikus, vagy csak egy j\u00f3 kifog\u00e1s arra, hogy t\u00f6bb helyen is igy\u00e1l forralt bort.<\/p>\n<p>\u00dagyhogy vedd fel a legmelegebb kab\u00e1tod, a legpuh\u00e1bb s\u00e1lad, \u00e9s v\u00e1lassz egy \u00fati c\u00e9lt: a legjobb kar\u00e1csonyi v\u00e1s\u00e1rok Eur\u00f3p\u00e1ban csak r\u00e1d v\u00e1rnak.<br \/>\nA f\u00e9nyek m\u00e1r \u00e9gnek, a dallamok sz\u00f3lnak \u2014 \u00e9s valahol ott kint ugyanaz a kar\u00e1csonyi hangulat uralkodik, pontosan olyan ragyog\u00e1ssal, mint amire eml\u00e9kszel gyermekkorodb\u00f3l.<\/p>\n<h3><span class=\"ez-toc-section\" id=\"Vasco_Translator_forditogep_a_legjobb_karacsonyi_vasarok_felfedezesehez\"><\/span><strong>Vasco Translator ford\u00edt\u00f3g\u00e9p a <\/strong>legjobb kar\u00e1csonyi v\u00e1s\u00e1rok felfedez\u00e9s\u00e9hez<span class=\"ez-toc-section-end\"><\/span><\/h3>\n<p>T\u00e9li utaz\u00e1sok nyelvtud\u00e1s n\u00e9lk\u00fcl? Az ingyenes <strong>internet a ford\u00edt\u00e1sokhoz nem az egyetlen el\u0151nye<\/strong> a Vasco Translator V4 <u>azonnali ford\u00edt\u00f3nak<\/u>. A <strong><u>besz\u00e9dford\u00edt\u00f3 <\/u> 82 nyelvet <\/strong>t\u00e1mogat hangalap\u00fa ford\u00edt\u00e1shoz,<strong> 112 nyelvet <u>fot\u00f3 ford\u00edt\u00f3<\/u><\/strong> funkci\u00f3hoz, \u00e9s <strong>107 nyelvet <u>sz\u00f6vegford\u00edt\u00f3<\/u> funkci\u00f3hoz. <\/strong>A k\u00e9sz\u00fcl\u00e9k haszn\u00e1lat nem okoz gondot az id\u0151sebb gener\u00e1ci\u00f3nak se, zajosabb kar\u00e1csonyi k\u00f6rnyezet sem okoz gondot neki. Ez a sz\u00e9les nyelvi t\u00e1mogat\u00e1s lefedi a vil\u00e1g legf\u0151bb nyelveit \u00e9s sok region\u00e1lis dialektust is, mivel a k\u00e9sz\u00fcl\u00e9k anyanyelvi kiejt\u00e9st biztos\u00edt.<\/p>\n<p>A <strong>Vasco <u>AI ford\u00edt\u00f3<\/u> be\u00e9p\u00edtett SIM-k\u00e1rty\u00e1val \u00e9s ingyenes \u00e9s korl\u00e1tlan internet-kapcsolattal m\u0171k\u00f6dik<\/strong> a ford\u00edt\u00e1sokhoz\u2013 \u00edgy nem kell a telefonos adatforgalmat haszn\u00e1lni k\u00fclf\u00f6ld\u00f6n a kar\u00e1csonyi v\u00e1s\u00e1rok l\u00e1togat\u00e1sa sor\u00e1n sem.<\/p>\n<p>T\u00e9li sz\u00fcneti utaz\u00e1s k\u00fclf\u00f6ld\u00f6n: A k\u00e9sz\u00fcl\u00e9k k\u00f6zel <strong>200 orsz\u00e1gban m\u0171k\u00f6dik z\u00f6kken\u0151mentesen<\/strong>, m\u00edg a mobilalkalmaz\u00e1sok sok r\u00e9gi\u00f3ban korl\u00e1tozottak.<\/p>\n<p>Egy <strong>megb\u00edzhat\u00f3 nyelvi ford\u00edt\u00f3eszk\u00f6z<\/strong> kifejezetten el\u0151ny\u00f6s:<\/p>\n<ul>\n<li><strong><u>Besz\u00e9dford\u00edt\u00f3<\/u><\/strong>: csak besz\u00e9lni kell, a k\u00e9sz\u00fcl\u00e9k <strong>azonnal mondja a ford\u00edt\u00e1st<\/strong> (\u00f6sszesen 82 nyelvet t\u00e1mogat)<\/li>\n<li><strong><u>K\u00e9pfelismer\u0151 fot\u00f3 ford\u00edt\u00f3<\/u><\/strong>: ir\u00e1ny\u00edtsa az eszk\u00f6zt egy utcai t\u00e1bla, \u00e9tlap vagy dokumentum fel\u00e9, fot\u00f3zza le \u00e9s <strong>azonnal olvashatja a ford\u00edt\u00e1st<\/strong> (112 nyelv)<\/li>\n<li><strong><u>\u00cdrott sz\u00f6vegford\u00edt\u00f3<\/u><\/strong>: ha csak egy sz\u00f3ra vagy kifejez\u00e9sre vagy k\u00edv\u00e1ncsi (107 nyelv)<\/li>\n<li><strong><u>T\u00f6bbnyelv\u0171 cseveg\u00e9s \/ MultiTalk<\/u><\/strong><u>:<\/u> besz\u00e9lgethetsz helyiekkel \u2013 b\u00e1rhol, b\u00e1rmikor.<\/li>\n<\/ul>\n","protected":false},"excerpt":{"rendered":"<p>Kar\u00e1csonyi v\u00e1s\u00e1rba k\u00e9sz\u00fcl? Elj\u00f6tt az id\u0151! Igen, j\u00f3l gondolod: Mariah Carey lassan kiolvad. A kar\u00e1csonyi szezon hivatalosan is elkezd\u0151d\u00f6tt. De valljuk be: min\u00e9l id\u0151sebbek vagyunk, ann\u00e1l nehezebb \u00fajra \u00e1t\u00e9lni azt a gyermeki izgatotts\u00e1got \u2014 azt, amikor visszasz\u00e1moltad a napokat Mikul\u00e1s \u00e9rkez\u00e9s\u00e9ig, \u00e9s biztos volt\u00e1l benne, hogy a h\u00f3 garant\u00e1lt, mert \u201edecember van, h\u00e1t persze\u201d. De [&hellip;]<\/p>\n","protected":false},"author":22,"featured_media":2753,"comment_status":"closed","ping_status":"closed","sticky":false,"template":"","format":"standard","meta":{"_et_pb_use_builder":"","_et_pb_old_content":"","_et_gb_content_width":"","_FSMCFIC_featured_image_caption":"","_FSMCFIC_featured_image_nocaption":"","_FSMCFIC_featured_image_hide":"","footnotes":""},"categories":[9],"tags":[35],"class_list":["post-2730","post","type-post","status-publish","format-standard","has-post-thumbnail","hentry","category-utazas","tag-w-gorecka"],"_links":{"self":[{"href":"https:\/\/vasco-electronics.hu\/cikkek\/wp-json\/wp\/v2\/posts\/2730","targetHints":{"allow":["GET"]}}],"collection":[{"href":"https:\/\/vasco-electronics.hu\/cikkek\/wp-json\/wp\/v2\/posts"}],"about":[{"href":"https:\/\/vasco-electronics.hu\/cikkek\/wp-json\/wp\/v2\/types\/post"}],"author":[{"embeddable":true,"href":"https:\/\/vasco-electronics.hu\/cikkek\/wp-json\/wp\/v2\/users\/22"}],"replies":[{"embeddable":true,"href":"https:\/\/vasco-electronics.hu\/cikkek\/wp-json\/wp\/v2\/comments?post=2730"}],"version-history":[{"count":15,"href":"https:\/\/vasco-electronics.hu\/cikkek\/wp-json\/wp\/v2\/posts\/2730\/revisions"}],"predecessor-version":[{"id":2779,"href":"https:\/\/vasco-electronics.hu\/cikkek\/wp-json\/wp\/v2\/posts\/2730\/revisions\/2779"}],"wp:featuredmedia":[{"embeddable":true,"href":"https:\/\/vasco-electronics.hu\/cikkek\/wp-json\/wp\/v2\/media\/2753"}],"wp:attachment":[{"href":"https:\/\/vasco-electronics.hu\/cikkek\/wp-json\/wp\/v2\/media?parent=2730"}],"wp:term":[{"taxonomy":"category","embeddable":true,"href":"https:\/\/vasco-electronics.hu\/cikkek\/wp-json\/wp\/v2\/categories?post=2730"},{"taxonomy":"post_tag","embeddable":true,"href":"https:\/\/vasco-electronics.hu\/cikkek\/wp-json\/wp\/v2\/tags?post=2730"}],"curies":[{"name":"wp","href":"https:\/\/api.w.org\/{rel}","templated":true}]}}