{"id":614,"date":"2022-07-07T12:14:16","date_gmt":"2022-07-07T10:14:16","guid":{"rendered":"https:\/\/blog.vasco-electronics.hu\/?p=614"},"modified":"2025-03-26T09:56:56","modified_gmt":"2025-03-26T08:56:56","slug":"a-legjobb-uti-tippek-az-idei-nyaralashoz","status":"publish","type":"post","link":"https:\/\/vasco-electronics.hu\/cikkek\/utazas\/a-legjobb-uti-tippek-az-idei-nyaralashoz\/","title":{"rendered":"A legjobb \u00fati tippek az idei nyaral\u00e1shoz"},"content":{"rendered":"<h3><span class=\"ez-toc-section\" id=\"5_erv_amiert_erdemes_tobbet_utaznia_2022-ben\"><\/span>5 \u00e9rv, ami\u00e9rt \u00e9rdemes t\u00f6bbet utaznia 2022-ben<span class=\"ez-toc-section-end\"><\/span><\/h3>\r\n<p><strong>Utazni csod\u00e1latos dolog. Az \u00e9rdekes helyek felfedez\u00e9s\u00e9t\u0151l<\/strong>, eg\u00e9szen \u00f6nmaga jobb megismer\u00e9s\u00e9ig, minden bizonnyal hatalmas hat\u00e1ssal lesz az \u00e9let\u00e9re. Teh\u00e1t ne k\u00e9telkedjen, tervezze meg g\u00f6r\u00f6gorsz\u00e1gi utaz\u00e1s\u00e1t, saj\u00e1t t\u00f6r\u00f6korsz\u00e1gi kalandj\u00e1t vagy egy var\u00e1zslatos horv\u00e1torsz\u00e1gi utaz\u00e1st.<\/p><div id=\"ez-toc-container\" class=\"ez-toc-v2_0_82_2 counter-hierarchy ez-toc-counter ez-toc-grey ez-toc-container-direction\">\n<p class=\"ez-toc-title\" style=\"cursor:inherit\">Tartalomjegyz\u00e9k:<\/p>\n<label for=\"ez-toc-cssicon-toggle-item-69f29e5c9f242\" class=\"ez-toc-cssicon-toggle-label\"><span class=\"ez-toc-cssicon\"><span class=\"eztoc-hide\" style=\"display:none;\">Toggle<\/span><span class=\"ez-toc-icon-toggle-span\"><svg style=\"fill: #999;color:#999\" xmlns=\"http:\/\/www.w3.org\/2000\/svg\" class=\"list-377408\" width=\"20px\" height=\"20px\" viewBox=\"0 0 24 24\" fill=\"none\"><path d=\"M6 6H4v2h2V6zm14 0H8v2h12V6zM4 11h2v2H4v-2zm16 0H8v2h12v-2zM4 16h2v2H4v-2zm16 0H8v2h12v-2z\" fill=\"currentColor\"><\/path><\/svg><svg style=\"fill: #999;color:#999\" class=\"arrow-unsorted-368013\" xmlns=\"http:\/\/www.w3.org\/2000\/svg\" width=\"10px\" height=\"10px\" viewBox=\"0 0 24 24\" version=\"1.2\" baseProfile=\"tiny\"><path d=\"M18.2 9.3l-6.2-6.3-6.2 6.3c-.2.2-.3.4-.3.7s.1.5.3.7c.2.2.4.3.7.3h11c.3 0 .5-.1.7-.3.2-.2.3-.5.3-.7s-.1-.5-.3-.7zM5.8 14.7l6.2 6.3 6.2-6.3c.2-.2.3-.5.3-.7s-.1-.5-.3-.7c-.2-.2-.4-.3-.7-.3h-11c-.3 0-.5.1-.7.3-.2.2-.3.5-.3.7s.1.5.3.7z\"\/><\/svg><\/span><\/span><\/label><input type=\"checkbox\" style='display:none' id=\"ez-toc-cssicon-toggle-item-69f29e5c9f242\"  aria-label=\"Toggle\" \/><nav><ul class='ez-toc-list ez-toc-list-level-1 ' ><ul class='ez-toc-list-level-3' ><li class='ez-toc-heading-level-3'><a class=\"ez-toc-link ez-toc-heading-1\" href=\"https:\/\/vasco-electronics.hu\/cikkek\/utazas\/a-legjobb-uti-tippek-az-idei-nyaralashoz\/#5_erv_amiert_erdemes_tobbet_utaznia_2022-ben\" >5 \u00e9rv, ami\u00e9rt \u00e9rdemes t\u00f6bbet utaznia 2022-ben<\/a><\/li><li class='ez-toc-page-1 ez-toc-heading-level-3'><a class=\"ez-toc-link ez-toc-heading-2\" href=\"https:\/\/vasco-electronics.hu\/cikkek\/utazas\/a-legjobb-uti-tippek-az-idei-nyaralashoz\/#Egy_gorogorszagi_utazas_vagy_egy_torokorszagi_kaland_konnyebb_lehet_mint_gondolna\" >Egy g\u00f6r\u00f6gorsz\u00e1gi utaz\u00e1s vagy egy t\u00f6r\u00f6korsz\u00e1gi kaland k\u00f6nnyebb lehet, mint gondoln\u00e1!<\/a><\/li><\/ul><\/li><li class='ez-toc-page-1 ez-toc-heading-level-2'><a class=\"ez-toc-link ez-toc-heading-3\" href=\"https:\/\/vasco-electronics.hu\/cikkek\/utazas\/a-legjobb-uti-tippek-az-idei-nyaralashoz\/#1_Gorog_szigetek_osi_helyszinek_es_hires_latnivalok_Tekintse_meg_mindezt_es_szelesitse_latokoret\" >1. G\u00f6r\u00f6g szigetek, \u0151si helysz\u00ednek \u00e9s h\u00edres l\u00e1tnival\u00f3k? Tekintse meg mindezt \u00e9s sz\u00e9les\u00edtse l\u00e1t\u00f3k\u00f6r\u00e9t!<\/a><\/li><li class='ez-toc-page-1 ez-toc-heading-level-2'><a class=\"ez-toc-link ez-toc-heading-4\" href=\"https:\/\/vasco-electronics.hu\/cikkek\/utazas\/a-legjobb-uti-tippek-az-idei-nyaralashoz\/#2_Izgalmas_helyek_csodalatos_kilatasok_es_meg_sok_mas_Menekuljon_el_a_mindennapi_elet_egyhangusagatol\" >2. Izgalmas helyek, csod\u00e1latos kil\u00e1t\u00e1sok \u00e9s m\u00e9g sok m\u00e1s. Menek\u00fclj\u00f6n el a mindennapi \u00e9let egyhang\u00fas\u00e1g\u00e1t\u00f3l!<\/a><\/li><li class='ez-toc-page-1 ez-toc-heading-level-2'><a class=\"ez-toc-link ez-toc-heading-5\" href=\"https:\/\/vasco-electronics.hu\/cikkek\/utazas\/a-legjobb-uti-tippek-az-idei-nyaralashoz\/#3_Nem_csak_izgalmas_helyek_hanem_izgalmas_emberek_is_varjak_Utazas_kozben_teremtsen_uj_kapcsolatokat\" >3. Nem csak izgalmas helyek, hanem izgalmas emberek is v\u00e1rj\u00e1k. Utaz\u00e1s k\u00f6zben teremtsen \u00faj kapcsolatokat!<\/a><\/li><li class='ez-toc-page-1 ez-toc-heading-level-2'><a class=\"ez-toc-link ez-toc-heading-6\" href=\"https:\/\/vasco-electronics.hu\/cikkek\/utazas\/a-legjobb-uti-tippek-az-idei-nyaralashoz\/#4_Az_utazas_egy_modja_annak_hogy_tobbet_tudjon_meg_onmagarol\" >4. Az utaz\u00e1s egy m\u00f3dja annak, hogy t\u00f6bbet tudjon meg \u00f6nmag\u00e1r\u00f3l<\/a><\/li><li class='ez-toc-page-1 ez-toc-heading-level-2'><a class=\"ez-toc-link ez-toc-heading-7\" href=\"https:\/\/vasco-electronics.hu\/cikkek\/utazas\/a-legjobb-uti-tippek-az-idei-nyaralashoz\/#5_Egy_rejtett_gorog_sziget_valami_egzotikus_tengerparti_varos_esetleg_kiruccanas_a_Foldkozi-tengerhez_Mindegy_csak_ne_gondoljon_a_munkara\" >5. Egy rejtett g\u00f6r\u00f6g sziget, valami egzotikus tengerparti v\u00e1ros, esetleg kiruccan\u00e1s a F\u00f6ldk\u00f6zi-tengerhez? Mindegy, csak ne gondoljon a munk\u00e1ra!<\/a><\/li><li class='ez-toc-page-1 ez-toc-heading-level-2'><a class=\"ez-toc-link ez-toc-heading-8\" href=\"https:\/\/vasco-electronics.hu\/cikkek\/utazas\/a-legjobb-uti-tippek-az-idei-nyaralashoz\/#1_Bonusz_osszegyujtottuk_a_legjobb_utazasi_celpontokat\" >+1 B\u00f3nusz: \u00f6sszegy\u0171jt\u00f6tt\u00fck a legjobb utaz\u00e1si c\u00e9lpontokat<\/a><ul class='ez-toc-list-level-3' ><li class='ez-toc-heading-level-3'><a class=\"ez-toc-link ez-toc-heading-9\" href=\"https:\/\/vasco-electronics.hu\/cikkek\/utazas\/a-legjobb-uti-tippek-az-idei-nyaralashoz\/#Erdekes_lehet_egy_utazas_Gorogorszagba_Latogasson_el_a_gorogokhoz_es_utazzon_az_idoben\" >\u00c9rdekes lehet egy utaz\u00e1s G\u00f6r\u00f6gorsz\u00e1gba? L\u00e1togasson el a g\u00f6r\u00f6g\u00f6kh\u00f6z \u00e9s utazzon az id\u0151ben!<\/a><\/li><li class='ez-toc-page-1 ez-toc-heading-level-3'><a class=\"ez-toc-link ez-toc-heading-10\" href=\"https:\/\/vasco-electronics.hu\/cikkek\/utazas\/a-legjobb-uti-tippek-az-idei-nyaralashoz\/#Utazas_Torokorszagba_Meg_szeptemberben_sem_keso\" >Utaz\u00e1s T\u00f6r\u00f6korsz\u00e1gba? M\u00e9g szeptemberben sem k\u00e9s\u0151!<\/a><\/li><li class='ez-toc-page-1 ez-toc-heading-level-3'><a class=\"ez-toc-link ez-toc-heading-11\" href=\"https:\/\/vasco-electronics.hu\/cikkek\/utazas\/a-legjobb-uti-tippek-az-idei-nyaralashoz\/#Felmerult_hogy_jo_lenne_egy_utazas_Horvatorszagba_Rengeteg_tortenelmi_varos_Plitvicei-tavak_Nemzeti_Park_es_meg_sok_mas_varja_Ont\" >Felmer\u00fclt, hogy j\u00f3 lenne egy utaz\u00e1s Horv\u00e1torsz\u00e1gba? Rengeteg t\u00f6rt\u00e9nelmi v\u00e1ros, Plitvicei-tavak, Nemzeti Park \u00e9s m\u00e9g sok m\u00e1s v\u00e1rja \u00d6nt!<\/a><\/li><li class='ez-toc-page-1 ez-toc-heading-level-3'><a class=\"ez-toc-link ez-toc-heading-12\" href=\"https:\/\/vasco-electronics.hu\/cikkek\/utazas\/a-legjobb-uti-tippek-az-idei-nyaralashoz\/#Egzotikus_utazas_Egyiptomba_kirandulasok_okori_helyszineken_%E2%80%93_a_faraok_mitoszok_piramisok_es_a_korallzatonyok_hazajaban\" >Egzotikus utaz\u00e1s Egyiptomba, kir\u00e1ndul\u00e1sok \u00f3kori helysz\u00edneken \u2013 a f\u00e1ra\u00f3k, m\u00edtoszok, piramisok \u00e9s a korallz\u00e1tonyok haz\u00e1j\u00e1ban<\/a><\/li><li class='ez-toc-page-1 ez-toc-heading-level-3'><a class=\"ez-toc-link ez-toc-heading-13\" href=\"https:\/\/vasco-electronics.hu\/cikkek\/utazas\/a-legjobb-uti-tippek-az-idei-nyaralashoz\/#Tervezze_meg_utazasat_Olaszorszagba\" >Tervezze meg utaz\u00e1s\u00e1t Olaszorsz\u00e1gba<\/a><\/li><li class='ez-toc-page-1 ez-toc-heading-level-3'><a class=\"ez-toc-link ez-toc-heading-14\" href=\"https:\/\/vasco-electronics.hu\/cikkek\/utazas\/a-legjobb-uti-tippek-az-idei-nyaralashoz\/#Itt_az_ido_utazas_Franciaorszagba_Parizs_Francia_Riviera_es_meg_sok_mas\" >Itt az id\u0151, utaz\u00e1s Franciaorsz\u00e1gba! P\u00e1rizs, Francia Rivi\u00e9ra \u00e9s m\u00e9g sok m\u00e1s.<\/a><\/li><li class='ez-toc-page-1 ez-toc-heading-level-3'><a class=\"ez-toc-link ez-toc-heading-15\" href=\"https:\/\/vasco-electronics.hu\/cikkek\/utazas\/a-legjobb-uti-tippek-az-idei-nyaralashoz\/#Erdekli_egy_csodas_utazas_Spanyolorszagba_Tervezze_meg_az_utjat\" >\u00c9rdekli egy csod\u00e1s utaz\u00e1s Spanyolorsz\u00e1gba? Tervezze meg az \u00fatj\u00e1t!<\/a><\/li><li class='ez-toc-page-1 ez-toc-heading-level-3'><a class=\"ez-toc-link ez-toc-heading-16\" href=\"https:\/\/vasco-electronics.hu\/cikkek\/utazas\/a-legjobb-uti-tippek-az-idei-nyaralashoz\/#Utazas_Szloveniaba_Persze_Mikor_indulunk\" >Utaz\u00e1s Szlov\u00e9ni\u00e1ba? Persze! Mikor indulunk?<\/a><\/li><li class='ez-toc-page-1 ez-toc-heading-level-3'><a class=\"ez-toc-link ez-toc-heading-17\" href=\"https:\/\/vasco-electronics.hu\/cikkek\/utazas\/a-legjobb-uti-tippek-az-idei-nyaralashoz\/#Az_egyik_legregebbi_europai_varos_es_meg_sok_mas_%E2%80%93_tervezze_meg_utazasat_Bulgariaba\" >Az egyik legr\u00e9gebbi eur\u00f3pai v\u00e1ros \u00e9s m\u00e9g sok m\u00e1s \u2013 tervezze meg utaz\u00e1s\u00e1t Bulg\u00e1ri\u00e1ba<\/a><\/li><\/ul><\/li><li class='ez-toc-page-1 ez-toc-heading-level-2'><a class=\"ez-toc-link ez-toc-heading-18\" href=\"https:\/\/vasco-electronics.hu\/cikkek\/utazas\/a-legjobb-uti-tippek-az-idei-nyaralashoz\/#Kommunikaljon_helyikent_es_elvezze_a_nyaralast_mert_a_vilag_Onre_var\" >Kommunik\u00e1ljon helyik\u00e9nt \u00e9s \u00e9lvezze a nyaral\u00e1st, mert a vil\u00e1g \u00d6nre v\u00e1r!<\/a><\/li><\/ul><\/nav><\/div>\n\r\n<p>Az al\u00e1bbiakban r\u00e9szletesebben belemer\u00fcl\u00fcnk abba, hogy mi\u00e9rt \u00e9rdemes felt\u00e9tlen\u00fcl t\u00f6bbet utazni \u00e9s n\u00e9h\u00e1ny \u00e9rdekes utaz\u00e1si c\u00e9lpontot is megosztunk, amit nem \u00e9rdemes kihagyni l\u00e1togat\u00e1sa sor\u00e1n.<\/p>\r\n<p>\u00c9rdemes megjegyezni, hogy az utaz\u00e1s val\u00f3j\u00e1ban sokkal k\u00f6nnyebb, mint azt az emberek gondolj\u00e1k. Az egyik gyakori aggodalom, hogy a nyelvi akad\u00e1lyok miatt neh\u00e9zkes a kommunik\u00e1ci\u00f3 a helyiekkel. <strong>T\u00e9ny, hogy egy t\u00e1voli, idegen orsz\u00e1gban neh\u00e9zs\u00e9get jelent<\/strong> a nyelvtud\u00e1s hi\u00e1nya \u00e9s nagy el\u0151nyt jelent, ha egy helyi nyelvet besz\u00e9l.<\/p>\r\n\r\n<p><!--more--><\/p>\r\n<h3><span class=\"ez-toc-section\" id=\"Egy_gorogorszagi_utazas_vagy_egy_torokorszagi_kaland_konnyebb_lehet_mint_gondolna\"><\/span>Egy g\u00f6r\u00f6gorsz\u00e1gi utaz\u00e1s vagy egy t\u00f6r\u00f6korsz\u00e1gi kaland k\u00f6nnyebb lehet, mint gondoln\u00e1!<span class=\"ez-toc-section-end\"><\/span><\/h3>\r\n<p><strong>Biztosak akarunk lenni abban, hogy v\u00e9szhelyzet eset\u00e9n<\/strong>, vagy egy \u00e9tteremben rendel\u00e9se k\u00f6zben meg\u00e9rtenek minket. Ez azt jelenti, hogy t\u00f6bb nyelvet kellene tanulnunk? Egy\u00e1ltal\u00e1n nem! Kihaszn\u00e1lhatja p\u00e9ld\u00e1ul sz\u00e1mos, jelenleg a piacon l\u00e9v\u0151 ford\u00edt\u00e1si megold\u00e1s el\u0151nyeit. \u00c9s b\u00e1r a legt\u00f6bb ember automatikusan a mobiltelefonj\u00e1ra let\u00f6lthet\u0151 n\u00e9pszer\u0171 alkalmaz\u00e1sokra gondolna, val\u00f3j\u00e1ban jobb, ha van egy \u00f6n\u00e1ll\u00f3 ford\u00edt\u00f3eszk\u00f6z a zseb\u00e9ben.<\/p>\r\n<p>Az ilyen eszk\u00f6z\u00f6k \u00e1ltal\u00e1ban dr\u00e1g\u00e1bbak, mint a hagyom\u00e1nyos mobil <a href=\"https:\/\/vasco-electronics.hu\/funkciok\/beszedfordito\"><strong>hangalap\u00fa ford\u00edt\u00f3<\/strong><\/a>, de hossz\u00fa t\u00e1von t\u00f6bb p\u00e9nzt takar\u00edthat meg vel\u00fck. Az elektronikus ford\u00edt\u00f3eszk\u00f6z\u00f6k gyakran ingyenes internet-hozz\u00e1f\u00e9r\u00e9st biztos\u00edtanak a ford\u00edt\u00e1sokhoz, ak\u00e1r korl\u00e1tozottan, ak\u00e1r an\u00e9lk\u00fcl (a Vasco<a href=\"https:\/\/vasco-electronics.hu\/funkciok\/fotofordito\"><strong> sz\u00f6vegford\u00edt\u00f3 kamera<\/strong><\/a> ilyenek).<\/p>\r\n<p>Amikor zsebben hordja \u0151ket, elfelejtheti az utaz\u00e1ssal j\u00e1r\u00f3 t\u00f6bbletk\u00f6lts\u00e9geket, hiszen azonnal megvan minden, amire sz\u00fcks\u00e9ge lehet, a be\u00e9p\u00edtett SIM-k\u00e1rty\u00e1nak k\u00f6sz\u00f6nhet\u0151en. <strong>Elfelejtheti azt a kellemetlens\u00e9get is, hogy Wi-Fi hotspot<\/strong>-ot kell keresg\u00e9lnie a <a href=\"https:\/\/vasco-electronics.hu\/funkciok\/beszedfordito\"><strong>besz\u00e9l\u0151 ford\u00edt\u00f3<\/strong><\/a> m\u0171k\u00f6d\u00e9s\u00e9hez, ami szint\u00e9n frusztr\u00e1l\u00f3 lehet.<\/p>\r\n<p>R\u00e1ad\u00e1sul az ilyen eszk\u00f6z\u00f6k \u00e1ltal biztos\u00edtott ford\u00edt\u00e1sok \u00e1ltal\u00e1ban pontosabbak \u00e9s jobb min\u0151s\u00e9g\u0171ek. Persze lehet, hogy egy spanyolorsz\u00e1gi utaz\u00e1s sor\u00e1n k\u00f6nny\u0171 meg\u00e9rteni egy franci\u00e1ul besz\u00e9l\u0151t, de gondoljon arra, hogy p\u00e9ld\u00e1ul jap\u00e1nr\u00f3l k\u00ednaira m\u00e1r kev\u00e9sb\u00e9 egyszer\u0171 ford\u00edtani.<\/p>\r\n<p style=\"text-align: center;\"><a class=\"btn btn-default\" href=\"https:\/\/vasco-electronics.hu\/beszedfordito\/vasco-translator-v4\">Besz\u00e9ljen t\u00f6bb nyelven most<\/a><\/p>\r\n<p>A <a href=\"https:\/\/vasco-electronics.hu\/funkciok\/szovegfordito\"><strong>sz\u00f6vegford\u00edt\u00f3<\/strong><\/a>\u00a0eszk\u00f6z\u00f6k \u00e1ltal\u00e1ban t\u00f6bb rendszerrel rendelkeznek, amelyek mindegyike meghat\u00e1rozott nyelvp\u00e1rok ford\u00edt\u00e1s\u00e1ra szolg\u00e1l. A mobilalkalmaz\u00e1soknak viszont csak egy ilyen rendszere van. Mindezek mellett el\u0151sz\u00f6r angolra, majd a c\u00e9lnyelvre ford\u00edtanak, ami jelent\u0151sen rontja a ford\u00edt\u00e1sok min\u0151s\u00e9g\u00e9t.<\/p>\r\n<p>Most n\u00e9zz\u00fck meg k\u00f6zelebbr\u0151l a Vasco ford\u00edt\u00f3kat. Ezek az elektronikus eszk\u00f6z\u00f6k be\u00e9p\u00edtett SIM-k\u00e1rty\u00e1val rendelkeznek, amely ingyenes internet-hozz\u00e1f\u00e9r\u00e9st biztos\u00edtanak a ford\u00edt\u00e1sokhoz k\u00f6zel 200 orsz\u00e1gban. S\u0151t, a Vasco Ford\u00edt\u00f3g\u00e9p 76 nyelv hangford\u00edt\u00e1s\u00e1t k\u00edn\u00e1lja, lehet\u0151v\u00e9 t\u00e9ve, hogy \u00d6n meg\u00e9rtse a vil\u00e1g lakoss\u00e1g\u00e1nak t\u00f6bb mint 90%-\u00e1t.<\/p>\r\n<p><strong>Mindezek mellett ez az \u00e9lvonalbeli technol\u00f3gia lehet\u0151v\u00e9 teszi egy idegen<\/strong> nyelven \u00edrt men\u00fc vagy \u00f3rarend meg\u00e9rt\u00e9s\u00e9t. Ehhez haszn\u00e1lhatja a fot\u00f3ford\u00edt\u00e1si funkci\u00f3t \u2013 k\u00e9sz\u00edtsen egy f\u00e9nyk\u00e9pet, \u00e9s m\u00e1sodperceken bel\u00fcl gond n\u00e9lk\u00fcl leford\u00edtsa az olasz \u00e9tlapot!<\/p>\r\n<p>Most pedig l\u00e1ssunk 5 okot, mi\u00e9rt j\u00f3 az utaz\u00e1s, f\u00fcggetlen\u00fcl att\u00f3l, hogy egyed\u00fcl, bar\u00e1tokkal vagy csal\u00e1ddal utazunk.\u00a0<\/p>\r\n<p><img decoding=\"async\" class=\"alignnone size-full wp-image-639\" src=\"https:\/\/vasco-electronics.hu\/cikkek\/wp-content\/uploads\/2022\/07\/7.png\" alt=\"Veter\u00e1n j\u00e1t\u00e9kaut\u00f3, \u00fagy n\u00e9z ki, mint egy utaz\u00f3j\u00e1rm\u0171.\" width=\"792\" height=\"386\" srcset=\"https:\/\/vasco-electronics.hu\/cikkek\/wp-content\/uploads\/2022\/07\/7.png 792w, https:\/\/vasco-electronics.hu\/cikkek\/wp-content\/uploads\/2022\/07\/7-300x146.png 300w, https:\/\/vasco-electronics.hu\/cikkek\/wp-content\/uploads\/2022\/07\/7-768x374.png 768w\" sizes=\"(max-width: 792px) 100vw, 792px\" \/><\/p>\r\n<h2><span class=\"ez-toc-section\" id=\"1_Gorog_szigetek_osi_helyszinek_es_hires_latnivalok_Tekintse_meg_mindezt_es_szelesitse_latokoret\"><\/span>1. G\u00f6r\u00f6g szigetek, \u0151si helysz\u00ednek \u00e9s h\u00edres l\u00e1tnival\u00f3k? Tekintse meg mindezt \u00e9s sz\u00e9les\u00edtse l\u00e1t\u00f3k\u00f6r\u00e9t!<span class=\"ez-toc-section-end\"><\/span><\/h2>\r\n<p>Az utaz\u00e1s nemcsak izgalmas \u00e9lm\u00e9ny, de a vil\u00e1gr\u00f3l is sokat tanulhat. Tudta p\u00e9ld\u00e1ul, hogy Eur\u00f3pa legr\u00e9gebbi v\u00e1rosa Bulg\u00e1ri\u00e1ban tal\u00e1lhat\u00f3? Neszeb\u00e1rnak h\u00edvj\u00e1k, \u00e9s t\u00f6bb mint 3000 \u00e9vvel ezel\u0151ttre ny\u00falik vissza, valamint az \u00f3v\u00e1rosa teljes m\u00e9rt\u00e9kben az UNESCO v\u00e9delme alatt \u00e1ll. Azt is tudta, hogy Isztambul, T\u00f6r\u00f6korsz\u00e1g f\u0151v\u00e1rosa kor\u00e1bban Konstantin\u00e1poly n\u00e9ven volt ismert, jelenleg pedig a vil\u00e1g egyik legnagyobb v\u00e1rosa, mely k\u00e9t kontinensen \u00e1t\u00edvel?<\/p>\r\n<h2><span class=\"ez-toc-section\" id=\"2_Izgalmas_helyek_csodalatos_kilatasok_es_meg_sok_mas_Menekuljon_el_a_mindennapi_elet_egyhangusagatol\"><\/span>2. Izgalmas helyek, csod\u00e1latos kil\u00e1t\u00e1sok \u00e9s m\u00e9g sok m\u00e1s. Menek\u00fclj\u00f6n el a mindennapi \u00e9let egyhang\u00fas\u00e1g\u00e1t\u00f3l!<span class=\"ez-toc-section-end\"><\/span><\/h2>\r\n<p>Inspir\u00e1ci\u00f3 hi\u00e1ny\u00e1ban szenved vagy egyszer\u0171en csak unatkozik? Az utaz\u00e1s nagyon hat\u00e9kony gy\u00f3gym\u00f3d erre. Tervezzen egy utaz\u00e1st Egyiptomba vagy \u00e1lmodja meg a saj\u00e1t t\u00f6r\u00f6korsz\u00e1gi kalandj\u00e1t.<\/p>\r\n<p>L\u00e1togassa meg a csod\u00e1latos egyiptomi piramisokat, vagy tegyen egy id\u0151utaz\u00e1st a g\u00f6r\u00f6g \u00f3kori Akropoliszba, hogy \u00e1t\u00e9lje az utaz\u00e1s izgalm\u00e1t \u00e9s hagyja, hogy meg\u00e9rintse a t\u00f6rt\u00e9nelem.<\/p>\r\n<h2><span class=\"ez-toc-section\" id=\"3_Nem_csak_izgalmas_helyek_hanem_izgalmas_emberek_is_varjak_Utazas_kozben_teremtsen_uj_kapcsolatokat\"><\/span>3. Nem csak izgalmas helyek, hanem izgalmas emberek is v\u00e1rj\u00e1k. Utaz\u00e1s k\u00f6zben teremtsen \u00faj kapcsolatokat!<span class=\"ez-toc-section-end\"><\/span><\/h2>\r\n<p>L\u00e1togasson el Horv\u00e1torsz\u00e1gba vagy tervezzen egy g\u00f6r\u00f6gorsz\u00e1gi utaz\u00e1st. \u00c9ljen az utaz\u00e1si irod\u00e1k \u00e1ltal k\u00edn\u00e1lt nyaral\u00e1si csomagok adta lehet\u0151s\u00e9ggel, hogy jelent\u0151sen b\u0151v\u00edtse kapcsolatait. Annak \u00e9rdek\u00e9ben, hogy b\u00e1rki meg\u00e9rtse, ig\u00e9nybe veheti a besz\u00e9dford\u00edt\u00f3t, amely t\u00f6bb mint 70 nyelvre ford\u00edt.<\/p>\r\n<p>K\u00e9pzelje el, hogy b\u00e1rkivel, b\u00e1rhol besz\u00e9lhet, f\u00fcggetlen\u00fcl att\u00f3l, hogy hol j\u00e1r. Az Adriai-tenger egyik orsz\u00e1g\u00e1nak megl\u00e1togat\u00e1sa sor\u00e1n, t\u00e1voli ter\u00fcleteken \u00e9l\u0151 fiatalokkal vagy id\u0151sekkel tal\u00e1lkozhat \u00e9s \u00e9rt\u00e9kes, \u00e9letre sz\u00f3l\u00f3 kapcsolatokat alak\u00edthat ki.<\/p>\r\n<h2><span class=\"ez-toc-section\" id=\"4_Az_utazas_egy_modja_annak_hogy_tobbet_tudjon_meg_onmagarol\"><\/span>4. Az utaz\u00e1s egy m\u00f3dja annak, hogy t\u00f6bbet tudjon meg \u00f6nmag\u00e1r\u00f3l<span class=\"ez-toc-section-end\"><\/span><\/h2>\r\n<p>Az utaz\u00e1s minden bizonnyal egyed\u00fcl\u00e1ll\u00f3 \u00e9lm\u00e9ny. Ahogy fentebb eml\u00edtett\u00fck, ez egyben megismer\u00e9si \u00e9lm\u00e9ny is. Azonban amellett, hogy megismerhet m\u00e1s kult\u00far\u00e1kat \u00e9s idegen v\u00e1rosokat, t\u00f6bbet is megtudhat\u2026 \u00f6nmag\u00e1r\u00f3l is.\u00a0<\/p>\r\n<p><img decoding=\"async\" class=\"alignnone size-full wp-image-1243\" src=\"https:\/\/vasco-electronics.hu\/cikkek\/wp-content\/uploads\/2023\/07\/8.png\" alt=\"S\u0171r\u0171, sz\u00e9p sz\u00ednes erd\u0151n \u00e1thalad\u00f3 aut\u00f3 k\u00e9pe\" width=\"799\" height=\"717\" srcset=\"https:\/\/vasco-electronics.hu\/cikkek\/wp-content\/uploads\/2023\/07\/8.png 799w, https:\/\/vasco-electronics.hu\/cikkek\/wp-content\/uploads\/2023\/07\/8-300x269.png 300w, https:\/\/vasco-electronics.hu\/cikkek\/wp-content\/uploads\/2023\/07\/8-768x689.png 768w\" sizes=\"(max-width: 799px) 100vw, 799px\" \/><\/p>\r\n<p>Rengeteg lehet\u0151s\u00e9ge van arra, hogy olyan dolgokat tegyen, amelyeket m\u00e9g soha sem pr\u00f3b\u00e1lt kor\u00e1bban. B\u00e9relt aut\u00f3t vezetne? N\u00e9pszer\u0171 utaz\u00e1si c\u00e9lpontokat keresne fel f\u0151szezonban? Annyi helysz\u00ednt l\u00e1togatna meg a nap folyam\u00e1n, amennyit csak tud? Mindez olyan helyzeteket teremthet, amikor kreat\u00edvan kell reag\u00e1lni, vagy gyorsan kell cselekedni. L\u00e9nyeg\u00e9ben az utaz\u00e1s lehet\u0151s\u00e9get ad arra, hogy kimozduljunk a komfortz\u00f3n\u00e1nkb\u00f3l.<\/p>\r\n<h2><span class=\"ez-toc-section\" id=\"5_Egy_rejtett_gorog_sziget_valami_egzotikus_tengerparti_varos_esetleg_kiruccanas_a_Foldkozi-tengerhez_Mindegy_csak_ne_gondoljon_a_munkara\"><\/span>5. Egy rejtett g\u00f6r\u00f6g sziget, valami egzotikus tengerparti v\u00e1ros, esetleg kiruccan\u00e1s a F\u00f6ldk\u00f6zi-tengerhez? Mindegy, csak ne gondoljon a munk\u00e1ra!<span class=\"ez-toc-section-end\"><\/span><\/h2>\r\n<p>\u00dagy \u00e9rzi, t\u00falterheli a munk\u00e1ja \u00e9s sok volt a stressz az ut\u00f3bbi id\u0151ben? Akkor az utaz\u00e1s seg\u00edthet abban, hogy jobban \u00e9rezze mag\u00e1t! Ez a legjobb m\u00f3dja a pihen\u00e9snek, \u00e9s hogy egy id\u0151re elfeledkezz\u00fcnk a k\u00f6telezetts\u00e9geinkr\u0151l. Egy kis kikapcsol\u00f3d\u00e1s mindenkinek j\u00e1r!<\/p>\r\n<p>Gy\u00f6ny\u00f6r\u0171 kil\u00e1t\u00e1sok \u00e9s a felejthetetlen \u00e9lm\u00e9nyek v\u00e1rj\u00e1k! T\u00e1volodjon el egy id\u0151re a munk\u00e1t\u00f3l \u00e9s t\u00e9rjen vissza \u00fajult er\u0151vel!<\/p>\r\n<p>A legjobb nyaral\u00e1s a stresszmentes nyaral\u00e1s. Ehhez vigyen mag\u00e1val egy Vasco Ford\u00edt\u00f3g\u00e9pet. Nemcsak b\u00e1rkit, b\u00e1rhol meg\u00e9rthet, de biztons\u00e1gban is \u00e9rzi majd mag\u00e1t, hiszen a nyelvi akad\u00e1lyok nem jelentenek majd probl\u00e9m\u00e1t.<\/p>\r\n<h2><span class=\"ez-toc-section\" id=\"1_Bonusz_osszegyujtottuk_a_legjobb_utazasi_celpontokat\"><\/span>+1 B\u00f3nusz: \u00f6sszegy\u0171jt\u00f6tt\u00fck a legjobb utaz\u00e1si c\u00e9lpontokat<span class=\"ez-toc-section-end\"><\/span><\/h2>\r\n<p><img decoding=\"async\" class=\"alignnone size-full wp-image-641\" src=\"https:\/\/vasco-electronics.hu\/cikkek\/wp-content\/uploads\/2022\/07\/9.png\" alt=\"F\u00f6ldg\u00f6mb\u00f6t \u00e1br\u00e1zol\u00f3 anim\u00e1lt k\u00e9p.\" width=\"799\" height=\"665\" srcset=\"https:\/\/vasco-electronics.hu\/cikkek\/wp-content\/uploads\/2022\/07\/9.png 799w, https:\/\/vasco-electronics.hu\/cikkek\/wp-content\/uploads\/2022\/07\/9-300x250.png 300w, https:\/\/vasco-electronics.hu\/cikkek\/wp-content\/uploads\/2022\/07\/9-768x639.png 768w\" sizes=\"(max-width: 799px) 100vw, 799px\" \/><\/p>\r\n<p>Teh\u00e1t most m\u00e1r tudja, mi\u00e9rt tesz j\u00f3t \u00d6nnek az utaz\u00e1s \u00e9s rem\u00e9lj\u00fck, hogy meggy\u0151zt\u00fck. Vess\u00fcnk most egy pillant\u00e1st a legjobb utaz\u00e1si c\u00e9lpontokra. Ne feledje, a Vasco Ford\u00edt\u00f3g\u00e9p ingyenes, \u00e9lethosszig tart\u00f3 internetet biztos\u00edt a ford\u00edt\u00e1sokhoz k\u00f6zel 200 orsz\u00e1gban, az itt megeml\u00edtettekben is, \u00edgy nem kell tartani a k\u00fclf\u00f6ldi adathaszn\u00e1lat t\u00f6bbletk\u00f6lts\u00e9geit\u0151l sem.<\/p>\r\n<h3><span class=\"ez-toc-section\" id=\"Erdekes_lehet_egy_utazas_Gorogorszagba_Latogasson_el_a_gorogokhoz_es_utazzon_az_idoben\"><\/span>\u00c9rdekes lehet egy <span data-color=\"var(--purple-10)\">utaz\u00e1s G\u00f6r\u00f6gorsz\u00e1gba<\/span>? L\u00e1togasson el a g\u00f6r\u00f6g\u00f6kh\u00f6z \u00e9s utazzon az id\u0151ben!<span class=\"ez-toc-section-end\"><\/span><\/h3>\r\n<p><img decoding=\"async\" class=\"alignnone size-large wp-image-616\" src=\"https:\/\/vasco-electronics.hu\/cikkek\/wp-content\/uploads\/2022\/07\/1-1024x588.jpg\" alt=\"\" width=\"648\" height=\"372\" srcset=\"https:\/\/vasco-electronics.hu\/cikkek\/wp-content\/uploads\/2022\/07\/1-1024x588.jpg 1024w, https:\/\/vasco-electronics.hu\/cikkek\/wp-content\/uploads\/2022\/07\/1-300x172.jpg 300w, https:\/\/vasco-electronics.hu\/cikkek\/wp-content\/uploads\/2022\/07\/1-768x441.jpg 768w, https:\/\/vasco-electronics.hu\/cikkek\/wp-content\/uploads\/2022\/07\/1-1536x881.jpg 1536w, https:\/\/vasco-electronics.hu\/cikkek\/wp-content\/uploads\/2022\/07\/1-2048x1175.jpg 2048w\" sizes=\"(max-width: 648px) 100vw, 648px\" \/><\/p>\r\n<p>Nem vicc. Val\u00f3ban lehetetlen az id\u0151ben utazni? Nos, G\u00f6r\u00f6gorsz\u00e1g minden bizonnyal bebizony\u00edtan\u00e1, hogy igenis lehets\u00e9ges. L\u00e1togasson el az Akropoliszba \u00e9s az Agor\u00e1ba, hogy ezt saj\u00e1t szem\u00e9vel is l\u00e1thassa. Tekintse meg a Meteora sziklak\u00e9pz\u0151dm\u00e9nyt a keleti ortodox kolostorokkal, valamint a titokzatos Haj\u00f3roncs strandot. Pihenjen \u00e9s laz\u00edtson, hiszen k\u00fcl\u00f6nf\u00e9le mes\u00e9s antik \u00e9p\u00fcletek veszik majd k\u00f6r\u00fcl \u00e9s a gy\u00f6ny\u00f6r\u0171 id\u0151j\u00e1r\u00e1s is garant\u00e1lt!<\/p>\r\n<h3><span class=\"ez-toc-section\" id=\"Utazas_Torokorszagba_Meg_szeptemberben_sem_keso\"><\/span><span data-color=\"var(--purple-10)\">Utaz\u00e1s T\u00f6r\u00f6korsz\u00e1gba<\/span>? M\u00e9g szeptemberben sem k\u00e9s\u0151!<span class=\"ez-toc-section-end\"><\/span><\/h3>\r\n<p><img decoding=\"async\" class=\"alignnone size-large wp-image-617\" src=\"https:\/\/vasco-electronics.hu\/cikkek\/wp-content\/uploads\/2022\/07\/2-1024x684.jpg\" alt=\"\" width=\"648\" height=\"433\" srcset=\"https:\/\/vasco-electronics.hu\/cikkek\/wp-content\/uploads\/2022\/07\/2-1024x684.jpg 1024w, https:\/\/vasco-electronics.hu\/cikkek\/wp-content\/uploads\/2022\/07\/2-300x200.jpg 300w, https:\/\/vasco-electronics.hu\/cikkek\/wp-content\/uploads\/2022\/07\/2-768x513.jpg 768w, https:\/\/vasco-electronics.hu\/cikkek\/wp-content\/uploads\/2022\/07\/2-1536x1026.jpg 1536w, https:\/\/vasco-electronics.hu\/cikkek\/wp-content\/uploads\/2022\/07\/2-2048x1368.jpg 2048w\" sizes=\"(max-width: 648px) 100vw, 648px\" \/><\/p>\r\n<p>Ha T\u00f6r\u00f6korsz\u00e1gba szeretne ell\u00e1togatni, felt\u00e9tlen\u00fcl utazzon el Isztambulba (kor\u00e1bbi nev\u00e9n Konstantin\u00e1polyba) &#8211; a vil\u00e1g egyik legnagyobb v\u00e1ros\u00e1ba, amely akkora, hogy val\u00f3j\u00e1ban k\u00e9t kontinensen \u00edvel \u00e1t. Megcsod\u00e1lhatja a Kappad\u00f3ki\u00e1ban tal\u00e1lhat\u00f3 \u201et\u00fcnd\u00e9rk\u00e9m\u00e9nyek\u201d n\u00e9ven ismert gy\u00f6ny\u00f6r\u0171 sziklak\u00e9pz\u0151dm\u00e9nyeket vagy a var\u00e1zslatos \u00e9s sz\u00ednpomp\u00e1s h\u0151l\u00e9gballonokat is.<\/p>\r\n<h3><span class=\"ez-toc-section\" id=\"Felmerult_hogy_jo_lenne_egy_utazas_Horvatorszagba_Rengeteg_tortenelmi_varos_Plitvicei-tavak_Nemzeti_Park_es_meg_sok_mas_varja_Ont\"><\/span>Felmer\u00fclt, hogy j\u00f3 lenne egy <span data-color=\"var(--purple-10)\">utaz\u00e1s Horv\u00e1torsz\u00e1gba<\/span>? Rengeteg t\u00f6rt\u00e9nelmi v\u00e1ros, Plitvicei-tavak, Nemzeti Park \u00e9s m\u00e9g sok m\u00e1s v\u00e1rja \u00d6nt!<span class=\"ez-toc-section-end\"><\/span><\/h3>\r\n<p><img decoding=\"async\" class=\"alignnone size-large wp-image-618\" src=\"https:\/\/vasco-electronics.hu\/cikkek\/wp-content\/uploads\/2022\/07\/3-1024x683.jpg\" alt=\"\" width=\"648\" height=\"432\" \/><\/p>\r\n<p>Ha Horv\u00e1torsz\u00e1gba megy, sz\u00e1mos t\u00f6rt\u00e9nelmi v\u00e1rost kereshet fel, k\u00f6zt\u00fck Dubrovnikot, Splitet \u00e9s Rovinjt is. Megcsod\u00e1lhatja a fest\u0151i Plitvicei-tavak Nemzeti Parkot is, amellett, hogy Bra\u010d sziget\u00e9n s\u00e9t\u00e1lva gy\u00f6ny\u00f6rk\u00f6dhet a l\u00e9legzetel\u00e1ll\u00edt\u00f3 kil\u00e1t\u00e1sban.<\/p>\r\n<h3><span class=\"ez-toc-section\" id=\"Egzotikus_utazas_Egyiptomba_kirandulasok_okori_helyszineken_%E2%80%93_a_faraok_mitoszok_piramisok_es_a_korallzatonyok_hazajaban\"><\/span>Egzotikus <span data-color=\"var(--purple-10)\">utaz\u00e1s Egyiptomba<\/span>, kir\u00e1ndul\u00e1sok \u00f3kori helysz\u00edneken \u2013 a f\u00e1ra\u00f3k, m\u00edtoszok, piramisok \u00e9s a korallz\u00e1tonyok haz\u00e1j\u00e1ban<span class=\"ez-toc-section-end\"><\/span><\/h3>\r\n<p>Mit is mondhatn\u00e1nk m\u00e9g Egyiptomr\u00f3l? A vil\u00e1g egyik legn\u00e9pszer\u0171bb utaz\u00e1si c\u00e9lpontja. Egy l\u00e1togat\u00e1s ebben az orsz\u00e1gban \u00e9lete egyik legfeledhetetlenebb \u00e9lm\u00e9nye lehet. Az \u00f3kori piramisokt\u00f3l a leny\u0171g\u00f6z\u0151 korallz\u00e1tonyokig utazhat az id\u0151ben \u00e9s k\u00e9nyelmesen megpihenhet a tevegel\u00e9s sor\u00e1n. B\u00e9reljen egy jeep-et, l\u00e1togasson el egy beduin faluba, l\u00e9nyeg, hogy fedezze fel a v\u00e9gtelen sivatagot \u00e9s \u00e9rezze \u00fagy mag\u00e1t, mint Indiana Jones.<\/p>\r\n<p><img decoding=\"async\" class=\"alignnone size-full wp-image-642\" src=\"https:\/\/vasco-electronics.hu\/cikkek\/wp-content\/uploads\/2022\/07\/10.png\" alt=\"Naplement\u00e9t \u00e1br\u00e1zol\u00f3 k\u00e9p a Piramisokn\u00e1l.\" width=\"619\" height=\"231\" srcset=\"https:\/\/vasco-electronics.hu\/cikkek\/wp-content\/uploads\/2022\/07\/10.png 619w, https:\/\/vasco-electronics.hu\/cikkek\/wp-content\/uploads\/2022\/07\/10-300x112.png 300w\" sizes=\"(max-width: 619px) 100vw, 619px\" \/><\/p>\r\n<h3><span class=\"ez-toc-section\" id=\"Tervezze_meg_utazasat_Olaszorszagba\"><\/span>Tervezze meg utaz\u00e1s\u00e1t Olaszorsz\u00e1gba<span class=\"ez-toc-section-end\"><\/span><\/h3>\r\n<p>Nos, mit eml\u00edts\u00fcnk meg Olaszorsz\u00e1gr\u00f3l? A vil\u00e1g egyik legn\u00e9pszer\u0171bb \u00e9s legismertebb utaz\u00e1si c\u00e9lpontja. A l\u00e1togat\u00f3k megtapasztalhatnak egy romantikus gondolat\u00far\u00e1t Velenc\u00e9ben, vagy \u00e1t\u00e9rezhetik Firenze m\u0171v\u00e9szi hangulat\u00e1t. Olaszorsz\u00e1g a renesz\u00e1nsz mozgalom b\u00f6lcs\u0151je is. V\u00e9g\u00fcl, de nem utols\u00f3sorban, a l\u00e1togat\u00f3k gyakran megpr\u00f3b\u00e1lj\u00e1k megtartani a pisai ferde tornyot f\u00e9nyk\u00e9peiken. \u00d6n k\u00e9szen \u00e1ll, hogy megtartsa? Ir\u00e1ny! <span data-color=\"var(--purple-10)\">Utaz\u00e1s Olaszorsz\u00e1gba,<\/span> m\u00e9g a h\u00e9ten csomagoljon!<\/p>\r\n<h3><span class=\"ez-toc-section\" id=\"Itt_az_ido_utazas_Franciaorszagba_Parizs_Francia_Riviera_es_meg_sok_mas\"><\/span>Itt az id\u0151, <span data-color=\"var(--purple-10)\">utaz\u00e1s Franciaorsz\u00e1gba<\/span>! P\u00e1rizs, Francia Rivi\u00e9ra \u00e9s m\u00e9g sok m\u00e1s.<span class=\"ez-toc-section-end\"><\/span><\/h3>\r\n<p><img decoding=\"async\" class=\"alignnone size-large wp-image-619\" src=\"https:\/\/vasco-electronics.hu\/cikkek\/wp-content\/uploads\/2022\/07\/4-1024x683.jpg\" alt=\"\" width=\"648\" height=\"432\" srcset=\"https:\/\/vasco-electronics.hu\/cikkek\/wp-content\/uploads\/2022\/07\/4-1024x683.jpg 1024w, https:\/\/vasco-electronics.hu\/cikkek\/wp-content\/uploads\/2022\/07\/4-300x200.jpg 300w, https:\/\/vasco-electronics.hu\/cikkek\/wp-content\/uploads\/2022\/07\/4-768x512.jpg 768w, https:\/\/vasco-electronics.hu\/cikkek\/wp-content\/uploads\/2022\/07\/4.jpg 1254w\" sizes=\"(max-width: 648px) 100vw, 648px\" \/><\/p>\r\n<p>Az utaz\u00f3k p\u00e9ld\u00e1ul megcsod\u00e1lhatj\u00e1k a fest\u0151i francia Rivi\u00e9r\u00e1t, a h\u00edres \u00e9s \u00edzletes Bordeaux-i borvid\u00e9keket, a Loir menti mesebeli kast\u00e9lyokat vagy megpihenhetnek a gy\u00f6ny\u00f6r\u0171 Francia Alpok r\u00e9gi\u00f3j\u00e1ban. K\u00e9szen \u00e1ll a legmagasabb cs\u00facs, a Mount Blanc megh\u00f3d\u00edt\u00e1s\u00e1ra? H\u00e1t, hajr\u00e1!<\/p>\r\n<h3><span class=\"ez-toc-section\" id=\"Erdekli_egy_csodas_utazas_Spanyolorszagba_Tervezze_meg_az_utjat\"><\/span>\u00c9rdekli egy csod\u00e1s <span data-color=\"var(--purple-10)\">utaz\u00e1s Spanyolorsz\u00e1gba<\/span>? Tervezze meg az \u00fatj\u00e1t!<span class=\"ez-toc-section-end\"><\/span><\/h3>\r\n<p><img decoding=\"async\" class=\"alignnone size-large wp-image-620\" src=\"https:\/\/vasco-electronics.hu\/cikkek\/wp-content\/uploads\/2022\/07\/5-1024x683.jpg\" alt=\"\" width=\"648\" height=\"432\" srcset=\"https:\/\/vasco-electronics.hu\/cikkek\/wp-content\/uploads\/2022\/07\/5-1024x683.jpg 1024w, https:\/\/vasco-electronics.hu\/cikkek\/wp-content\/uploads\/2022\/07\/5-300x200.jpg 300w, https:\/\/vasco-electronics.hu\/cikkek\/wp-content\/uploads\/2022\/07\/5-768x512.jpg 768w, https:\/\/vasco-electronics.hu\/cikkek\/wp-content\/uploads\/2022\/07\/5.jpg 1254w\" sizes=\"(max-width: 648px) 100vw, 648px\" \/><\/p>\r\n<p>Utazzon el Spanyolorsz\u00e1gba \u00e9s tapasztalja meg ennek az orsz\u00e1gnak a forr\u00f3 \u00e9s vibr\u00e1l\u00f3 kult\u00far\u00e1j\u00e1t. Az \u00f6sszes n\u00e9pszer\u0171 v\u00e1ros mellett tov\u00e1bbra is ell\u00e1togathat p\u00e9ld\u00e1ul a var\u00e1zslatos G\u00fcell Parkba, \u00e9s megcsod\u00e1lhatja Antoni Gaud\u00ed m\u0171v\u00e9szi b\u0151s\u00e9g\u00e9t. Ha azonban a f\u0151 c\u00e9l a pihen\u00e9s \u00e9s kikapcsol\u00f3d\u00e1s, akkor menjen Costa Brava vad (de fest\u0151i!) strandjaira.<\/p>\r\n<h3><span class=\"ez-toc-section\" id=\"Utazas_Szloveniaba_Persze_Mikor_indulunk\"><\/span><span data-color=\"var(--purple-10)\">Utaz\u00e1s Szlov\u00e9ni\u00e1ba?<\/span> Persze! Mikor indulunk?<span class=\"ez-toc-section-end\"><\/span><\/h3>\r\n<p><img decoding=\"async\" class=\"alignnone size-large wp-image-621\" src=\"https:\/\/vasco-electronics.hu\/cikkek\/wp-content\/uploads\/2022\/07\/6-1024x683.jpg\" alt=\"\" width=\"648\" height=\"432\" srcset=\"https:\/\/vasco-electronics.hu\/cikkek\/wp-content\/uploads\/2022\/07\/6-1024x683.jpg 1024w, https:\/\/vasco-electronics.hu\/cikkek\/wp-content\/uploads\/2022\/07\/6-300x200.jpg 300w, https:\/\/vasco-electronics.hu\/cikkek\/wp-content\/uploads\/2022\/07\/6-768x513.jpg 768w, https:\/\/vasco-electronics.hu\/cikkek\/wp-content\/uploads\/2022\/07\/6.jpg 1254w\" sizes=\"(max-width: 648px) 100vw, 648px\" \/><\/p>\r\n<p>Ez a gy\u00f6ny\u00f6r\u0171 balk\u00e1ni orsz\u00e1g fest\u0151i hegyekkel \u00e9s sok jeges t\u00f3val b\u00fcszk\u00e9lkedhet. Az egyik a Bohinji-t\u00f3, Szlov\u00e9nia egyik legnagyobb \u00e1lland\u00f3 tava. 318 hekt\u00e1ron ter\u00fcl el, \u00e9s a J\u00faliai-Alpok azonos nev\u0171 v\u00f6lgy\u00e9ben tal\u00e1lhat\u00f3. Mindezek mellett a l\u00e1togat\u00f3k megcsod\u00e1lhatj\u00e1k a fens\u00e9ges hegyi er\u0151d\u00f6t, a Predjama-kast\u00e9lyt. Teh\u00e1t b\u00e9reljen aut\u00f3t \u00e9s l\u00e1togassa meg ezeket a gy\u00f6ny\u00f6r\u0171 helyeket.<\/p>\r\n<h3><span class=\"ez-toc-section\" id=\"Az_egyik_legregebbi_europai_varos_es_meg_sok_mas_%E2%80%93_tervezze_meg_utazasat_Bulgariaba\"><\/span>Az egyik legr\u00e9gebbi eur\u00f3pai v\u00e1ros \u00e9s m\u00e9g sok m\u00e1s \u2013 tervezze meg utaz\u00e1s\u00e1t Bulg\u00e1ri\u00e1ba<span class=\"ez-toc-section-end\"><\/span><\/h3>\r\n<p><img decoding=\"async\" class=\"alignnone size-full wp-image-643\" src=\"https:\/\/vasco-electronics.hu\/cikkek\/wp-content\/uploads\/2022\/07\/11.png\" alt=\"Fest\u0151i kil\u00e1t\u00e1s ny\u00edlik a hegyekre \u00e9s a tavakra.\" width=\"626\" height=\"412\" srcset=\"https:\/\/vasco-electronics.hu\/cikkek\/wp-content\/uploads\/2022\/07\/11.png 626w, https:\/\/vasco-electronics.hu\/cikkek\/wp-content\/uploads\/2022\/07\/11-300x197.png 300w\" sizes=\"(max-width: 626px) 100vw, 626px\" \/><\/p>\r\n<p>Ha Bulg\u00e1ri\u00e1ba l\u00e1togat, \u00e9rdemes elmenni Neszeb\u00e1rba, amely, Eur\u00f3pa egyik legr\u00e9gebbi v\u00e1rosa. Ezen t\u00falmen\u0151en, megtapasztalhatja a pihentet\u0151 id\u0151t a nyugodt Naposparton vagy az Aranyhomok-parton, amely a Fekete-tenger \u00e9szaki bolg\u00e1r partj\u00e1nak egyik jelent\u0151s tengerparti \u00fcd\u00fcl\u0151v\u00e1rosa. Az Aranyhomok-part szomsz\u00e9dos az azonos nev\u0171 nemzeti parkkal, \u00edgy ott tov\u00e1bbi csod\u00e1kat fedezhet fel. Teh\u00e1t \u00fclj\u00f6n be egy b\u00e9relt aut\u00f3ba \u00e9s induljon el egy csod\u00e1latos utaz\u00e1sra. <span data-color=\"var(--purple-10)\">Utaz\u00e1s Bulg\u00e1ri\u00e1ba<\/span>? Mi\u00e9rt ne! Le ne maradjon!<\/p>\r\n<h2><span class=\"ez-toc-section\" id=\"Kommunikaljon_helyikent_es_elvezze_a_nyaralast_mert_a_vilag_Onre_var\"><\/span>Kommunik\u00e1ljon helyik\u00e9nt \u00e9s \u00e9lvezze a nyaral\u00e1st, mert a vil\u00e1g \u00d6nre v\u00e1r!<span class=\"ez-toc-section-end\"><\/span><\/h2>\r\n<p>B\u00e1rmelyik helysz\u00ednt is v\u00e1lasztja, garant\u00e1ltan nem fog csal\u00f3dni. Var\u00e1zslatos \u00e9lm\u00e9nyekben \u00e9s \u00e9letre sz\u00f3l\u00f3 kalandban lesz r\u00e9sze. Ne felejtse otthon a Vasco tolm\u00e1csg\u00e9p\u00e9t, amely b\u00e1rhova elk\u00eds\u00e9ri \u00e9s biztons\u00e1gban \u00e9rezheti mag\u00e1t vele az eg\u00e9sz vil\u00e1gon. Kommunik\u00e1ljon helyik\u00e9nt, nyelvtud\u00e1s n\u00e9lk\u00fcl is b\u00e1rmely \u00e9lethelyzetben. K\u00edm\u00e9lje meg mag\u00e1t a f\u00e9lre\u00e9rt\u00e9sekt\u0151l \u00e9s az aggodalomt\u00f3l utaz\u00e1sa sor\u00e1n \u00e9s felejtse el a nyelvi akad\u00e1lyokat!<\/p>\r\n<p>A vil\u00e1g felfedez\u00e9sre v\u00e1r. Induljon h\u00e1t \u00fatnak a Vasco tolm\u00e1csg\u00e9p\u00e9vel \u00e9s \u00e9rtsen meg mindent \u00e9s mindenkit!<\/p>\r\n<div id=\"gtx-trans\" style=\"position: absolute; left: 583px; top: 68.775px;\">\r\n<div class=\"gtx-trans-icon\">\u00a0<\/div>\r\n<\/div>","protected":false},"excerpt":{"rendered":"<p>5 \u00e9rv, ami\u00e9rt \u00e9rdemes t\u00f6bbet utaznia 2022-ben Utazni csod\u00e1latos dolog. Az \u00e9rdekes helyek felfedez\u00e9s\u00e9t\u0151l, eg\u00e9szen \u00f6nmaga jobb megismer\u00e9s\u00e9ig, minden bizonnyal hatalmas hat\u00e1ssal lesz az \u00e9let\u00e9re. Teh\u00e1t ne k\u00e9telkedjen, tervezze meg g\u00f6r\u00f6gorsz\u00e1gi utaz\u00e1s\u00e1t, saj\u00e1t t\u00f6r\u00f6korsz\u00e1gi kalandj\u00e1t vagy egy var\u00e1zslatos horv\u00e1torsz\u00e1gi utaz\u00e1st. Az al\u00e1bbiakban r\u00e9szletesebben belemer\u00fcl\u00fcnk abba, hogy mi\u00e9rt \u00e9rdemes felt\u00e9tlen\u00fcl t\u00f6bbet utazni \u00e9s n\u00e9h\u00e1ny \u00e9rdekes utaz\u00e1si [&hellip;]<\/p>\n","protected":false},"author":9,"featured_media":2428,"comment_status":"closed","ping_status":"closed","sticky":false,"template":"","format":"standard","meta":{"_et_pb_use_builder":"","_et_pb_old_content":"","_et_gb_content_width":"","_FSMCFIC_featured_image_caption":"","_FSMCFIC_featured_image_nocaption":"","_FSMCFIC_featured_image_hide":"","footnotes":""},"categories":[9],"tags":[29],"class_list":["post-614","post","type-post","status-publish","format-standard","has-post-thumbnail","hentry","category-utazas","tag-r-faber"],"_links":{"self":[{"href":"https:\/\/vasco-electronics.hu\/cikkek\/wp-json\/wp\/v2\/posts\/614","targetHints":{"allow":["GET"]}}],"collection":[{"href":"https:\/\/vasco-electronics.hu\/cikkek\/wp-json\/wp\/v2\/posts"}],"about":[{"href":"https:\/\/vasco-electronics.hu\/cikkek\/wp-json\/wp\/v2\/types\/post"}],"author":[{"embeddable":true,"href":"https:\/\/vasco-electronics.hu\/cikkek\/wp-json\/wp\/v2\/users\/9"}],"replies":[{"embeddable":true,"href":"https:\/\/vasco-electronics.hu\/cikkek\/wp-json\/wp\/v2\/comments?post=614"}],"version-history":[{"count":24,"href":"https:\/\/vasco-electronics.hu\/cikkek\/wp-json\/wp\/v2\/posts\/614\/revisions"}],"predecessor-version":[{"id":2437,"href":"https:\/\/vasco-electronics.hu\/cikkek\/wp-json\/wp\/v2\/posts\/614\/revisions\/2437"}],"wp:featuredmedia":[{"embeddable":true,"href":"https:\/\/vasco-electronics.hu\/cikkek\/wp-json\/wp\/v2\/media\/2428"}],"wp:attachment":[{"href":"https:\/\/vasco-electronics.hu\/cikkek\/wp-json\/wp\/v2\/media?parent=614"}],"wp:term":[{"taxonomy":"category","embeddable":true,"href":"https:\/\/vasco-electronics.hu\/cikkek\/wp-json\/wp\/v2\/categories?post=614"},{"taxonomy":"post_tag","embeddable":true,"href":"https:\/\/vasco-electronics.hu\/cikkek\/wp-json\/wp\/v2\/tags?post=614"}],"curies":[{"name":"wp","href":"https:\/\/api.w.org\/{rel}","templated":true}]}}